{"id":9971,"date":"2020-03-09T18:21:33","date_gmt":"2020-03-09T16:21:33","guid":{"rendered":"https:\/\/www.eoimalaga.com\/web\/?p=9971"},"modified":"2020-03-10T18:45:14","modified_gmt":"2020-03-10T16:45:14","slug":"el-dia-despues-del-8m","status":"publish","type":"post","link":"https:\/\/www.eoimalaga.com\/web\/el-dia-despues-del-8m\/","title":{"rendered":"El d\u00eda despu\u00e9s del 8m"},"content":{"rendered":"<p>Cada departamento did\u00e1ctico ha personalizado su pancarta del 8m:<\/p>\n<p><img loading=\"lazy\" decoding=\"async\" class=\"alignnone wp-image-9972\" src=\"https:\/\/www.eoimalaga.com\/web\/wp-content\/uploads\/2020\/03\/20200309_133417-300x225.jpg\" alt=\"\" width=\"373\" height=\"281\" srcset=\"https:\/\/www.eoimalaga.com\/web\/wp-content\/uploads\/2020\/03\/20200309_133417-300x225.jpg 300w, https:\/\/www.eoimalaga.com\/web\/wp-content\/uploads\/2020\/03\/20200309_133417-1024x768.jpg 1024w, https:\/\/www.eoimalaga.com\/web\/wp-content\/uploads\/2020\/03\/20200309_133417-768x576.jpg 768w, https:\/\/www.eoimalaga.com\/web\/wp-content\/uploads\/2020\/03\/20200309_133417-1536x1152.jpg 1536w, https:\/\/www.eoimalaga.com\/web\/wp-content\/uploads\/2020\/03\/20200309_133417-2048x1536.jpg 2048w\" sizes=\"auto, (max-width: 373px) 100vw, 373px\" \/>\u00a0 \u00a0 \u00a0<img loading=\"lazy\" decoding=\"async\" class=\"alignnone wp-image-9980\" src=\"https:\/\/www.eoimalaga.com\/web\/wp-content\/uploads\/2020\/03\/20200309_133251-300x225.jpg\" alt=\"\" width=\"376\" height=\"282\" srcset=\"https:\/\/www.eoimalaga.com\/web\/wp-content\/uploads\/2020\/03\/20200309_133251-300x225.jpg 300w, https:\/\/www.eoimalaga.com\/web\/wp-content\/uploads\/2020\/03\/20200309_133251-1024x768.jpg 1024w, https:\/\/www.eoimalaga.com\/web\/wp-content\/uploads\/2020\/03\/20200309_133251-768x576.jpg 768w, https:\/\/www.eoimalaga.com\/web\/wp-content\/uploads\/2020\/03\/20200309_133251-1536x1152.jpg 1536w, https:\/\/www.eoimalaga.com\/web\/wp-content\/uploads\/2020\/03\/20200309_133251-2048x1536.jpg 2048w\" sizes=\"auto, (max-width: 376px) 100vw, 376px\" \/><\/p>\n<p><img loading=\"lazy\" decoding=\"async\" class=\"alignnone wp-image-9975 size-medium\" src=\"https:\/\/www.eoimalaga.com\/web\/wp-content\/uploads\/2020\/03\/20200309_133331-300x225.jpg\" alt=\"\" width=\"300\" height=\"225\" srcset=\"https:\/\/www.eoimalaga.com\/web\/wp-content\/uploads\/2020\/03\/20200309_133331-300x225.jpg 300w, https:\/\/www.eoimalaga.com\/web\/wp-content\/uploads\/2020\/03\/20200309_133331-1024x768.jpg 1024w, https:\/\/www.eoimalaga.com\/web\/wp-content\/uploads\/2020\/03\/20200309_133331-768x576.jpg 768w, https:\/\/www.eoimalaga.com\/web\/wp-content\/uploads\/2020\/03\/20200309_133331-1536x1152.jpg 1536w, https:\/\/www.eoimalaga.com\/web\/wp-content\/uploads\/2020\/03\/20200309_133331-2048x1536.jpg 2048w\" sizes=\"auto, (max-width: 300px) 100vw, 300px\" \/>\u00a0 \u00a0 \u00a0<img loading=\"lazy\" decoding=\"async\" class=\"alignnone wp-image-9981 size-medium\" src=\"https:\/\/www.eoimalaga.com\/web\/wp-content\/uploads\/2020\/03\/20200309_133300-300x225.jpg\" alt=\"\" width=\"300\" height=\"225\" srcset=\"https:\/\/www.eoimalaga.com\/web\/wp-content\/uploads\/2020\/03\/20200309_133300-300x225.jpg 300w, https:\/\/www.eoimalaga.com\/web\/wp-content\/uploads\/2020\/03\/20200309_133300-1024x768.jpg 1024w, https:\/\/www.eoimalaga.com\/web\/wp-content\/uploads\/2020\/03\/20200309_133300-768x576.jpg 768w, https:\/\/www.eoimalaga.com\/web\/wp-content\/uploads\/2020\/03\/20200309_133300-1536x1152.jpg 1536w, https:\/\/www.eoimalaga.com\/web\/wp-content\/uploads\/2020\/03\/20200309_133300-2048x1536.jpg 2048w\" sizes=\"auto, (max-width: 300px) 100vw, 300px\" \/><\/p>\n<p><img loading=\"lazy\" decoding=\"async\" class=\"alignnone wp-image-9976 size-medium\" src=\"https:\/\/www.eoimalaga.com\/web\/wp-content\/uploads\/2020\/03\/20200309_133348-300x225.jpg\" alt=\"\" width=\"300\" height=\"225\" srcset=\"https:\/\/www.eoimalaga.com\/web\/wp-content\/uploads\/2020\/03\/20200309_133348-300x225.jpg 300w, https:\/\/www.eoimalaga.com\/web\/wp-content\/uploads\/2020\/03\/20200309_133348-1024x768.jpg 1024w, https:\/\/www.eoimalaga.com\/web\/wp-content\/uploads\/2020\/03\/20200309_133348-768x576.jpg 768w, https:\/\/www.eoimalaga.com\/web\/wp-content\/uploads\/2020\/03\/20200309_133348-1536x1152.jpg 1536w, https:\/\/www.eoimalaga.com\/web\/wp-content\/uploads\/2020\/03\/20200309_133348-2048x1536.jpg 2048w\" sizes=\"auto, (max-width: 300px) 100vw, 300px\" \/>\u00a0 \u00a0 \u00a0<img loading=\"lazy\" decoding=\"async\" class=\"alignnone wp-image-9977 size-medium\" src=\"https:\/\/www.eoimalaga.com\/web\/wp-content\/uploads\/2020\/03\/20200309_133410-300x225.jpg\" alt=\"\" width=\"300\" height=\"225\" srcset=\"https:\/\/www.eoimalaga.com\/web\/wp-content\/uploads\/2020\/03\/20200309_133410-300x225.jpg 300w, https:\/\/www.eoimalaga.com\/web\/wp-content\/uploads\/2020\/03\/20200309_133410-1024x768.jpg 1024w, https:\/\/www.eoimalaga.com\/web\/wp-content\/uploads\/2020\/03\/20200309_133410-768x576.jpg 768w, https:\/\/www.eoimalaga.com\/web\/wp-content\/uploads\/2020\/03\/20200309_133410-1536x1152.jpg 1536w, https:\/\/www.eoimalaga.com\/web\/wp-content\/uploads\/2020\/03\/20200309_133410-2048x1536.jpg 2048w\" sizes=\"auto, (max-width: 300px) 100vw, 300px\" \/><\/p>\n<p><img loading=\"lazy\" decoding=\"async\" class=\"alignnone wp-image-9978 size-medium\" src=\"https:\/\/www.eoimalaga.com\/web\/wp-content\/uploads\/2020\/03\/20200309_133431-225x300.jpg\" alt=\"\" width=\"225\" height=\"300\" srcset=\"https:\/\/www.eoimalaga.com\/web\/wp-content\/uploads\/2020\/03\/20200309_133431-225x300.jpg 225w, https:\/\/www.eoimalaga.com\/web\/wp-content\/uploads\/2020\/03\/20200309_133431-768x1024.jpg 768w, https:\/\/www.eoimalaga.com\/web\/wp-content\/uploads\/2020\/03\/20200309_133431-1152x1536.jpg 1152w, https:\/\/www.eoimalaga.com\/web\/wp-content\/uploads\/2020\/03\/20200309_133431-1536x2048.jpg 1536w, https:\/\/www.eoimalaga.com\/web\/wp-content\/uploads\/2020\/03\/20200309_133431-scaled.jpg 1920w\" sizes=\"auto, (max-width: 225px) 100vw, 225px\" \/> \u00a0 \u00a0 \u00a0\u00a0 \u00a0 \u00a0<img loading=\"lazy\" decoding=\"async\" class=\"alignnone wp-image-9982 size-medium\" src=\"https:\/\/www.eoimalaga.com\/web\/wp-content\/uploads\/2020\/03\/20200309_133306-300x225.jpg\" alt=\"\" width=\"300\" height=\"225\" srcset=\"https:\/\/www.eoimalaga.com\/web\/wp-content\/uploads\/2020\/03\/20200309_133306-300x225.jpg 300w, https:\/\/www.eoimalaga.com\/web\/wp-content\/uploads\/2020\/03\/20200309_133306-1024x768.jpg 1024w, https:\/\/www.eoimalaga.com\/web\/wp-content\/uploads\/2020\/03\/20200309_133306-768x576.jpg 768w, https:\/\/www.eoimalaga.com\/web\/wp-content\/uploads\/2020\/03\/20200309_133306-1536x1152.jpg 1536w, https:\/\/www.eoimalaga.com\/web\/wp-content\/uploads\/2020\/03\/20200309_133306-2048x1536.jpg 2048w\" sizes=\"auto, (max-width: 300px) 100vw, 300px\" \/><\/p>\n<p><img loading=\"lazy\" decoding=\"async\" class=\"alignnone wp-image-9979 size-medium\" src=\"https:\/\/www.eoimalaga.com\/web\/wp-content\/uploads\/2020\/03\/20200309_133500-300x225.jpg\" alt=\"\" width=\"300\" height=\"225\" srcset=\"https:\/\/www.eoimalaga.com\/web\/wp-content\/uploads\/2020\/03\/20200309_133500-300x225.jpg 300w, https:\/\/www.eoimalaga.com\/web\/wp-content\/uploads\/2020\/03\/20200309_133500-1024x768.jpg 1024w, https:\/\/www.eoimalaga.com\/web\/wp-content\/uploads\/2020\/03\/20200309_133500-768x576.jpg 768w, https:\/\/www.eoimalaga.com\/web\/wp-content\/uploads\/2020\/03\/20200309_133500-1536x1152.jpg 1536w, https:\/\/www.eoimalaga.com\/web\/wp-content\/uploads\/2020\/03\/20200309_133500-2048x1536.jpg 2048w\" sizes=\"auto, (max-width: 300px) 100vw, 300px\" \/>\u00a0 \u00a0 \u00a0 <img loading=\"lazy\" decoding=\"async\" class=\"alignnone wp-image-9974 size-medium\" src=\"https:\/\/www.eoimalaga.com\/web\/wp-content\/uploads\/2020\/03\/20200309_133321-300x225.jpg\" alt=\"\" width=\"300\" height=\"225\" srcset=\"https:\/\/www.eoimalaga.com\/web\/wp-content\/uploads\/2020\/03\/20200309_133321-300x225.jpg 300w, https:\/\/www.eoimalaga.com\/web\/wp-content\/uploads\/2020\/03\/20200309_133321-1024x768.jpg 1024w, https:\/\/www.eoimalaga.com\/web\/wp-content\/uploads\/2020\/03\/20200309_133321-768x576.jpg 768w, https:\/\/www.eoimalaga.com\/web\/wp-content\/uploads\/2020\/03\/20200309_133321-1536x1152.jpg 1536w, https:\/\/www.eoimalaga.com\/web\/wp-content\/uploads\/2020\/03\/20200309_133321-2048x1536.jpg 2048w\" sizes=\"auto, (max-width: 300px) 100vw, 300px\" \/><\/p>\n<p>&nbsp;<\/p>\n<p>&nbsp;<\/p>\n<p>&nbsp;<\/p>\n<p>&nbsp;<\/p>\n","protected":false},"excerpt":{"rendered":"<p>Cada departamento did\u00e1ctico ha personalizado su pancarta del 8m: \u00a0 \u00a0 \u00a0 \u00a0 \u00a0 \u00a0 \u00a0 \u00a0 \u00a0 \u00a0 \u00a0 \u00a0\u00a0 \u00a0 \u00a0 \u00a0 \u00a0 \u00a0 &nbsp; &nbsp; &nbsp; &nbsp;<\/p>\n","protected":false},"author":23,"featured_media":0,"comment_status":"closed","ping_status":"closed","sticky":false,"template":"","format":"standard","meta":{"inline_featured_image":false,"footnotes":""},"categories":[71,75],"tags":[],"class_list":["post-9971","post","type-post","status-publish","format-standard","hentry","category-coeducacion","category-noticias-coeducacion"],"yoast_head":"<!-- This site is optimized with the Yoast SEO plugin v26.5 - https:\/\/yoast.com\/wordpress\/plugins\/seo\/ -->\n<title>El d\u00eda despu\u00e9s del 8m - P\u00e1gina Oficial de la EOI de M\u00e1laga ::Los idiomas ponen el mundo a tus pies::<\/title>\n<meta name=\"robots\" content=\"index, follow, max-snippet:-1, max-image-preview:large, max-video-preview:-1\" \/>\n<link rel=\"canonical\" href=\"https:\/\/www.eoimalaga.com\/web\/el-dia-despues-del-8m\/\" \/>\n<meta property=\"og:locale\" content=\"es_ES\" \/>\n<meta property=\"og:type\" content=\"article\" \/>\n<meta property=\"og:title\" content=\"El d\u00eda despu\u00e9s del 8m - P\u00e1gina Oficial de la EOI de M\u00e1laga ::Los idiomas ponen el mundo a tus pies::\" \/>\n<meta property=\"og:description\" content=\"Cada departamento did\u00e1ctico ha personalizado su pancarta del 8m: \u00a0 \u00a0 \u00a0 \u00a0 \u00a0 \u00a0 \u00a0 \u00a0 \u00a0 \u00a0 \u00a0 \u00a0\u00a0 \u00a0 \u00a0 \u00a0 \u00a0 \u00a0 &nbsp; &nbsp; &nbsp; &nbsp;\" \/>\n<meta property=\"og:url\" content=\"https:\/\/www.eoimalaga.com\/web\/el-dia-despues-del-8m\/\" \/>\n<meta property=\"og:site_name\" content=\"P\u00e1gina Oficial de la EOI de M\u00e1laga ::Los idiomas ponen el mundo a tus pies::\" \/>\n<meta property=\"article:published_time\" content=\"2020-03-09T16:21:33+00:00\" \/>\n<meta property=\"article:modified_time\" content=\"2020-03-10T16:45:14+00:00\" \/>\n<meta property=\"og:image\" content=\"https:\/\/www.eoimalaga.com\/web\/wp-content\/uploads\/2020\/03\/20200309_133417-300x225.jpg\" \/>\n<meta name=\"author\" content=\"Coeducaci\u00f3n\" \/>\n<meta name=\"twitter:card\" content=\"summary_large_image\" \/>\n<meta name=\"twitter:label1\" content=\"Escrito por\" \/>\n\t<meta name=\"twitter:data1\" content=\"Coeducaci\u00f3n\" \/>\n<script type=\"application\/ld+json\" class=\"yoast-schema-graph\">{\"@context\":\"https:\/\/schema.org\",\"@graph\":[{\"@type\":\"WebPage\",\"@id\":\"https:\/\/www.eoimalaga.com\/web\/el-dia-despues-del-8m\/\",\"url\":\"https:\/\/www.eoimalaga.com\/web\/el-dia-despues-del-8m\/\",\"name\":\"El d\u00eda despu\u00e9s del 8m - P\u00e1gina Oficial de la EOI de M\u00e1laga ::Los idiomas ponen el mundo a tus pies::\",\"isPartOf\":{\"@id\":\"https:\/\/www.eoimalaga.com\/web\/#website\"},\"primaryImageOfPage\":{\"@id\":\"https:\/\/www.eoimalaga.com\/web\/el-dia-despues-del-8m\/#primaryimage\"},\"image\":{\"@id\":\"https:\/\/www.eoimalaga.com\/web\/el-dia-despues-del-8m\/#primaryimage\"},\"thumbnailUrl\":\"https:\/\/www.eoimalaga.com\/web\/wp-content\/uploads\/2020\/03\/20200309_133417-300x225.jpg\",\"datePublished\":\"2020-03-09T16:21:33+00:00\",\"dateModified\":\"2020-03-10T16:45:14+00:00\",\"author\":{\"@id\":\"https:\/\/www.eoimalaga.com\/web\/#\/schema\/person\/a2b8e95babaaedae24792f685bb69ecd\"},\"breadcrumb\":{\"@id\":\"https:\/\/www.eoimalaga.com\/web\/el-dia-despues-del-8m\/#breadcrumb\"},\"inLanguage\":\"es\",\"potentialAction\":[{\"@type\":\"ReadAction\",\"target\":[\"https:\/\/www.eoimalaga.com\/web\/el-dia-despues-del-8m\/\"]}]},{\"@type\":\"ImageObject\",\"inLanguage\":\"es\",\"@id\":\"https:\/\/www.eoimalaga.com\/web\/el-dia-despues-del-8m\/#primaryimage\",\"url\":\"https:\/\/www.eoimalaga.com\/web\/wp-content\/uploads\/2020\/03\/20200309_133417-scaled.jpg\",\"contentUrl\":\"https:\/\/www.eoimalaga.com\/web\/wp-content\/uploads\/2020\/03\/20200309_133417-scaled.jpg\",\"width\":2560,\"height\":1920},{\"@type\":\"BreadcrumbList\",\"@id\":\"https:\/\/www.eoimalaga.com\/web\/el-dia-despues-del-8m\/#breadcrumb\",\"itemListElement\":[{\"@type\":\"ListItem\",\"position\":1,\"name\":\"Home\",\"item\":\"https:\/\/www.eoimalaga.com\/web\/\"},{\"@type\":\"ListItem\",\"position\":2,\"name\":\"El d\u00eda despu\u00e9s del 8m\"}]},{\"@type\":\"WebSite\",\"@id\":\"https:\/\/www.eoimalaga.com\/web\/#website\",\"url\":\"https:\/\/www.eoimalaga.com\/web\/\",\"name\":\"P\u00e1gina Oficial de la EOI de M\u00e1laga ::Los idiomas ponen el mundo a tus pies::\",\"description\":\"EOI M\u00e1laga\",\"potentialAction\":[{\"@type\":\"SearchAction\",\"target\":{\"@type\":\"EntryPoint\",\"urlTemplate\":\"https:\/\/www.eoimalaga.com\/web\/?s={search_term_string}\"},\"query-input\":{\"@type\":\"PropertyValueSpecification\",\"valueRequired\":true,\"valueName\":\"search_term_string\"}}],\"inLanguage\":\"es\"},{\"@type\":\"Person\",\"@id\":\"https:\/\/www.eoimalaga.com\/web\/#\/schema\/person\/a2b8e95babaaedae24792f685bb69ecd\",\"name\":\"Coeducaci\u00f3n\",\"image\":{\"@type\":\"ImageObject\",\"inLanguage\":\"es\",\"@id\":\"https:\/\/www.eoimalaga.com\/web\/#\/schema\/person\/image\/\",\"url\":\"https:\/\/secure.gravatar.com\/avatar\/e29780564687d099f89fc87282c9604a?s=96&d=mm&r=g\",\"contentUrl\":\"https:\/\/secure.gravatar.com\/avatar\/e29780564687d099f89fc87282c9604a?s=96&d=mm&r=g\",\"caption\":\"Coeducaci\u00f3n\"},\"url\":\"https:\/\/www.eoimalaga.com\/web\/author\/coeducacion\/\"}]}<\/script>\n<!-- \/ Yoast SEO plugin. -->","yoast_head_json":{"title":"El d\u00eda despu\u00e9s del 8m - P\u00e1gina Oficial de la EOI de M\u00e1laga ::Los idiomas ponen el mundo a tus pies::","robots":{"index":"index","follow":"follow","max-snippet":"max-snippet:-1","max-image-preview":"max-image-preview:large","max-video-preview":"max-video-preview:-1"},"canonical":"https:\/\/www.eoimalaga.com\/web\/el-dia-despues-del-8m\/","og_locale":"es_ES","og_type":"article","og_title":"El d\u00eda despu\u00e9s del 8m - P\u00e1gina Oficial de la EOI de M\u00e1laga ::Los idiomas ponen el mundo a tus pies::","og_description":"Cada departamento did\u00e1ctico ha personalizado su pancarta del 8m: \u00a0 \u00a0 \u00a0 \u00a0 \u00a0 \u00a0 \u00a0 \u00a0 \u00a0 \u00a0 \u00a0 \u00a0\u00a0 \u00a0 \u00a0 \u00a0 \u00a0 \u00a0 &nbsp; &nbsp; &nbsp; &nbsp;","og_url":"https:\/\/www.eoimalaga.com\/web\/el-dia-despues-del-8m\/","og_site_name":"P\u00e1gina Oficial de la EOI de M\u00e1laga ::Los idiomas ponen el mundo a tus pies::","article_published_time":"2020-03-09T16:21:33+00:00","article_modified_time":"2020-03-10T16:45:14+00:00","og_image":[{"url":"https:\/\/www.eoimalaga.com\/web\/wp-content\/uploads\/2020\/03\/20200309_133417-300x225.jpg","type":"","width":"","height":""}],"author":"Coeducaci\u00f3n","twitter_card":"summary_large_image","twitter_misc":{"Escrito por":"Coeducaci\u00f3n"},"schema":{"@context":"https:\/\/schema.org","@graph":[{"@type":"WebPage","@id":"https:\/\/www.eoimalaga.com\/web\/el-dia-despues-del-8m\/","url":"https:\/\/www.eoimalaga.com\/web\/el-dia-despues-del-8m\/","name":"El d\u00eda despu\u00e9s del 8m - P\u00e1gina Oficial de la EOI de M\u00e1laga ::Los idiomas ponen el mundo a tus pies::","isPartOf":{"@id":"https:\/\/www.eoimalaga.com\/web\/#website"},"primaryImageOfPage":{"@id":"https:\/\/www.eoimalaga.com\/web\/el-dia-despues-del-8m\/#primaryimage"},"image":{"@id":"https:\/\/www.eoimalaga.com\/web\/el-dia-despues-del-8m\/#primaryimage"},"thumbnailUrl":"https:\/\/www.eoimalaga.com\/web\/wp-content\/uploads\/2020\/03\/20200309_133417-300x225.jpg","datePublished":"2020-03-09T16:21:33+00:00","dateModified":"2020-03-10T16:45:14+00:00","author":{"@id":"https:\/\/www.eoimalaga.com\/web\/#\/schema\/person\/a2b8e95babaaedae24792f685bb69ecd"},"breadcrumb":{"@id":"https:\/\/www.eoimalaga.com\/web\/el-dia-despues-del-8m\/#breadcrumb"},"inLanguage":"es","potentialAction":[{"@type":"ReadAction","target":["https:\/\/www.eoimalaga.com\/web\/el-dia-despues-del-8m\/"]}]},{"@type":"ImageObject","inLanguage":"es","@id":"https:\/\/www.eoimalaga.com\/web\/el-dia-despues-del-8m\/#primaryimage","url":"https:\/\/www.eoimalaga.com\/web\/wp-content\/uploads\/2020\/03\/20200309_133417-scaled.jpg","contentUrl":"https:\/\/www.eoimalaga.com\/web\/wp-content\/uploads\/2020\/03\/20200309_133417-scaled.jpg","width":2560,"height":1920},{"@type":"BreadcrumbList","@id":"https:\/\/www.eoimalaga.com\/web\/el-dia-despues-del-8m\/#breadcrumb","itemListElement":[{"@type":"ListItem","position":1,"name":"Home","item":"https:\/\/www.eoimalaga.com\/web\/"},{"@type":"ListItem","position":2,"name":"El d\u00eda despu\u00e9s del 8m"}]},{"@type":"WebSite","@id":"https:\/\/www.eoimalaga.com\/web\/#website","url":"https:\/\/www.eoimalaga.com\/web\/","name":"P\u00e1gina Oficial de la EOI de M\u00e1laga ::Los idiomas ponen el mundo a tus pies::","description":"EOI M\u00e1laga","potentialAction":[{"@type":"SearchAction","target":{"@type":"EntryPoint","urlTemplate":"https:\/\/www.eoimalaga.com\/web\/?s={search_term_string}"},"query-input":{"@type":"PropertyValueSpecification","valueRequired":true,"valueName":"search_term_string"}}],"inLanguage":"es"},{"@type":"Person","@id":"https:\/\/www.eoimalaga.com\/web\/#\/schema\/person\/a2b8e95babaaedae24792f685bb69ecd","name":"Coeducaci\u00f3n","image":{"@type":"ImageObject","inLanguage":"es","@id":"https:\/\/www.eoimalaga.com\/web\/#\/schema\/person\/image\/","url":"https:\/\/secure.gravatar.com\/avatar\/e29780564687d099f89fc87282c9604a?s=96&d=mm&r=g","contentUrl":"https:\/\/secure.gravatar.com\/avatar\/e29780564687d099f89fc87282c9604a?s=96&d=mm&r=g","caption":"Coeducaci\u00f3n"},"url":"https:\/\/www.eoimalaga.com\/web\/author\/coeducacion\/"}]}},"_links":{"self":[{"href":"https:\/\/www.eoimalaga.com\/web\/wp-json\/wp\/v2\/posts\/9971","targetHints":{"allow":["GET"]}}],"collection":[{"href":"https:\/\/www.eoimalaga.com\/web\/wp-json\/wp\/v2\/posts"}],"about":[{"href":"https:\/\/www.eoimalaga.com\/web\/wp-json\/wp\/v2\/types\/post"}],"author":[{"embeddable":true,"href":"https:\/\/www.eoimalaga.com\/web\/wp-json\/wp\/v2\/users\/23"}],"replies":[{"embeddable":true,"href":"https:\/\/www.eoimalaga.com\/web\/wp-json\/wp\/v2\/comments?post=9971"}],"version-history":[{"count":3,"href":"https:\/\/www.eoimalaga.com\/web\/wp-json\/wp\/v2\/posts\/9971\/revisions"}],"predecessor-version":[{"id":9994,"href":"https:\/\/www.eoimalaga.com\/web\/wp-json\/wp\/v2\/posts\/9971\/revisions\/9994"}],"wp:attachment":[{"href":"https:\/\/www.eoimalaga.com\/web\/wp-json\/wp\/v2\/media?parent=9971"}],"wp:term":[{"taxonomy":"category","embeddable":true,"href":"https:\/\/www.eoimalaga.com\/web\/wp-json\/wp\/v2\/categories?post=9971"},{"taxonomy":"post_tag","embeddable":true,"href":"https:\/\/www.eoimalaga.com\/web\/wp-json\/wp\/v2\/tags?post=9971"}],"curies":[{"name":"wp","href":"https:\/\/api.w.org\/{rel}","templated":true}]}}