{"id":6614,"date":"2020-09-18T11:42:19","date_gmt":"2020-09-18T09:42:19","guid":{"rendered":"http:\/\/www.eoimalaga.com\/web\/?p=6614"},"modified":"2025-09-18T09:11:13","modified_gmt":"2025-09-18T07:11:13","slug":"consultadeaulas","status":"publish","type":"post","link":"https:\/\/www.eoimalaga.com\/web\/consultadeaulas\/","title":{"rendered":"Consulta de horarios y aulas para el curso 2025-26"},"content":{"rendered":"<div class=\"wpb-content-wrapper\"><p>[vc_row][vc_column width=\u00bb1\/2&#8243;][vc_tta_accordion style=\u00bboutline\u00bb color=\u00bbsandy-brown\u00bb gap=\u00bb5&#8243; c_align=\u00bbcenter\u00bb c_icon=\u00bbtriangle\u00bb active_section=\u00bb\u00bb collapsible_all=\u00bbtrue\u00bb][vc_tta_section title=\u00bbALEM\u00c1N\u00bb tab_id=\u00bb1536746399836-ff3f213c-ca39&#8243;][vc_column_text css=\u00bb\u00bb]<\/p>\n<p style=\"text-align: center;\"><a href=\"http:\/\/www.eoimalaga.com\/web_docs\/horarios\/AL_OfertaAcademica_Idioma.pdf\" target=\"_blank\" rel=\"noopener noreferrer\">Consulta presencial<\/a><\/p>\n<p style=\"text-align: center;\"><a href=\"https:\/\/www.eoimalaga.com\/web_docs\/horarios\/AL_SEMI_OfertaAcad%C3%A9mica_Idioma_Modalidad.pdf\" target=\"_blank\" rel=\"noopener\">Consulta Semipresencial<\/a><\/p>\n<p>[\/vc_column_text][\/vc_tta_section][vc_tta_section title=\u00bb\u00c1RABE\u00bb tab_id=\u00bb1536746399885-9a813a49-6f1c\u00bb][vc_column_text]<\/p>\n<p style=\"text-align: center;\"><a href=\"http:\/\/www.eoimalaga.com\/web_docs\/horarios\/AR_OfertaAcademica_Idioma.pdf\" target=\"_blank\" rel=\"noopener noreferrer\">Consulta<\/a><\/p>\n<p>[\/vc_column_text][\/vc_tta_section][vc_tta_section title=\u00bbCHINO\u00bb tab_id=\u00bb1536746402860-73102351-71f2&#8243;][vc_column_text]<\/p>\n<p style=\"text-align: center;\"><a href=\"http:\/\/www.eoimalaga.com\/web_docs\/horarios\/CH_OfertaAcademica_Idioma.pdf\" target=\"_blank\" rel=\"noopener noreferrer\">Consulta<\/a><\/p>\n<p>[\/vc_column_text][\/vc_tta_section][vc_tta_section title=\u00bbESPA\u00d1OL\u00bb tab_id=\u00bb1536747672815-b51bba59-3105&#8243;][vc_column_text]<\/p>\n<p style=\"text-align: center;\"><a href=\"http:\/\/www.eoimalaga.com\/web_docs\/horarios\/ES_OfertaAcademica_Idioma.pdf\" target=\"_blank\" rel=\"noopener noreferrer\">Consulta<\/a><\/p>\n<p>[\/vc_column_text][\/vc_tta_section][vc_tta_section title=\u00bbFRANC\u00c9S\u00bb tab_id=\u00bb1536747685317-b9020b79-2cde\u00bb][vc_column_text css=\u00bb\u00bb]<\/p>\n<p style=\"text-align: center;\"><a href=\"http:\/\/www.eoimalaga.com\/web_docs\/horarios\/FR_OfertaAcademica_Idioma.pdf\" target=\"_blank\" rel=\"noopener noreferrer\">Consulta<\/a><a href=\"http:\/\/www.eoimalaga.com\/web_docs\/horarios\/FR_OfertaAcademica_Idioma.pdf\"> presencial<\/a><\/p>\n<p style=\"text-align: center;\"><a href=\"https:\/\/www.eoimalaga.com\/web_docs\/horarios\/FR_SEMI_OfertaAcad%C3%A9mica_Idioma_Modalidad.pdf\" target=\"_blank\" rel=\"noopener\">Consulta semipresencial<\/a><\/p>\n<p style=\"text-align: center;\"><a href=\"https:\/\/www.eoimalaga.com\/web_docs\/horarios\/FR_CAPE_OfertaAcad%C3%A9mica_Idioma_Modalidad.pdf\" target=\"_blank\" rel=\"noopener\">Consulta monogr\u00e1ficos<\/a><\/p>\n<p>[\/vc_column_text][\/vc_tta_section][vc_tta_section title=\u00bbGRIEGO\u00bb tab_id=\u00bb1536747709970-889c63b2-490e\u00bb][vc_column_text]<\/p>\n<p style=\"text-align: center;\"><a href=\"http:\/\/www.eoimalaga.com\/web_docs\/horarios\/GR_OfertaAcademica_Idioma.pdf\" target=\"_blank\" rel=\"noopener noreferrer\">Consulta<\/a><\/p>\n<p>[\/vc_column_text][\/vc_tta_section][\/vc_tta_accordion][\/vc_column][vc_column width=\u00bb1\/2&#8243;][vc_tta_accordion style=\u00bboutline\u00bb color=\u00bbsandy-brown\u00bb gap=\u00bb5&#8243; c_align=\u00bbcenter\u00bb c_icon=\u00bbtriangle\u00bb active_section=\u00bb\u00bb collapsible_all=\u00bbtrue\u00bb][vc_tta_section title=\u00bbINGL\u00c9S\u00bb tab_id=\u00bb1536748727313-e171358c-9980&#8243;][vc_column_text css=\u00bb\u00bb]<\/p>\n<p style=\"text-align: center;\"><a href=\"http:\/\/www.eoimalaga.com\/web_docs\/horarios\/IN_OfertaAcademica_Idioma.pdf\" target=\"_blank\" rel=\"noopener noreferrer\">Consult<\/a><a href=\"http:\/\/www.eoimalaga.com\/web_docs\/horarios\/IN_OfertaAcademica_Idioma.pdf\" target=\"_blank\" rel=\"noopener\">a presencial<\/a><\/p>\n<p style=\"text-align: center;\"><a href=\"https:\/\/www.eoimalaga.com\/web_docs\/horarios\/IN_SEMI_OfertaAcad%C3%A9mica_Idioma_Modalidad.pdf\" target=\"_blank\" rel=\"noopener\">Consulta semipresencial<\/a><\/p>\n<p style=\"text-align: center;\"><a href=\"https:\/\/www.eoimalaga.com\/web_docs\/horarios\/IN_CAPE_OfertaAcad%C3%A9mica_Idioma_Modalidad.pdf\" target=\"_blank\" rel=\"noopener\">Consulta monogr\u00e1ficos<\/a><\/p>\n<p>[\/vc_column_text][\/vc_tta_section][vc_tta_section title=\u00bbITALIANO\u00bb tab_id=\u00bb1536748727375-c1260fe7-9808&#8243;][vc_column_text]<\/p>\n<p style=\"text-align: center;\"><a href=\"http:\/\/www.eoimalaga.com\/web_docs\/horarios\/IT_OfertaAcademica_Idioma.pdf\" target=\"_blank\" rel=\"noopener noreferrer\">Consulta<\/a><\/p>\n<p>[\/vc_column_text][\/vc_tta_section][vc_tta_section title=\u00bbJAPON\u00c9S\u00bb tab_id=\u00bb1536749084100-e7285a1e-29af\u00bb][vc_column_text]<\/p>\n<p style=\"text-align: center;\"><a href=\"http:\/\/www.eoimalaga.com\/web_docs\/horarios\/JA_OfertaAcademica_Idioma.pdf\" target=\"_blank\" rel=\"noopener noreferrer\">Consulta<\/a><\/p>\n<p>[\/vc_column_text][\/vc_tta_section][vc_tta_section title=\u00bbPORTUGU\u00c9S\u00bb tab_id=\u00bb1536749099281-7be5409c-a956&#8243;][vc_column_text]<\/p>\n<p style=\"text-align: center;\"><a href=\"http:\/\/www.eoimalaga.com\/web_docs\/horarios\/PO_OfertaAcademica_Idioma.pdf\" target=\"_blank\" rel=\"noopener noreferrer\">Consulta<\/a><\/p>\n<p>[\/vc_column_text][\/vc_tta_section][vc_tta_section title=\u00bbRUSO\u00bb tab_id=\u00bb1536749111768-81641bb6-6970&#8243;][vc_column_text]<\/p>\n<p style=\"text-align: center;\"><a href=\"http:\/\/www.eoimalaga.com\/web_docs\/horarios\/RU_OfertaAcademica_Idioma.pdf\" target=\"_blank\" rel=\"noopener noreferrer\">Consulta<\/a><\/p>\n<p>[\/vc_column_text][\/vc_tta_section][\/vc_tta_accordion][\/vc_column][\/vc_row]<\/p>\n<\/div>","protected":false},"excerpt":{"rendered":"<p>[vc_row][vc_column width=\u00bb1\/2&#8243;][vc_tta_accordion style=\u00bboutline\u00bb color=\u00bbsandy-brown\u00bb gap=\u00bb5&#8243; c_align=\u00bbcenter\u00bb c_icon=\u00bbtriangle\u00bb active_section=\u00bb\u00bb collapsible_all=\u00bbtrue\u00bb][vc_tta_section title=\u00bbALEM\u00c1N\u00bb tab_id=\u00bb1536746399836-ff3f213c-ca39&#8243;][vc_column_text css=\u00bb\u00bb] Consulta presencial Consulta Semipresencial [\/vc_column_text][\/vc_tta_section][vc_tta_section title=\u00bb\u00c1RABE\u00bb tab_id=\u00bb1536746399885-9a813a49-6f1c\u00bb][vc_column_text] Consulta [\/vc_column_text][\/vc_tta_section][vc_tta_section title=\u00bbCHINO\u00bb tab_id=\u00bb1536746402860-73102351-71f2&#8243;][vc_column_text] Consulta [\/vc_column_text][\/vc_tta_section][vc_tta_section title=\u00bbESPA\u00d1OL\u00bb tab_id=\u00bb1536747672815-b51bba59-3105&#8243;][vc_column_text] Consulta [\/vc_column_text][\/vc_tta_section][vc_tta_section title=\u00bbFRANC\u00c9S\u00bb tab_id=\u00bb1536747685317-b9020b79-2cde\u00bb][vc_column_text css=\u00bb\u00bb] Consulta presencial Consulta semipresencial Consulta monogr\u00e1ficos [\/vc_column_text][\/vc_tta_section][vc_tta_section title=\u00bbGRIEGO\u00bb tab_id=\u00bb1536747709970-889c63b2-490e\u00bb][vc_column_text] Consulta [\/vc_column_text][\/vc_tta_section][\/vc_tta_accordion][\/vc_column][vc_column width=\u00bb1\/2&#8243;][vc_tta_accordion style=\u00bboutline\u00bb color=\u00bbsandy-brown\u00bb gap=\u00bb5&#8243; c_align=\u00bbcenter\u00bb c_icon=\u00bbtriangle\u00bb active_section=\u00bb\u00bb collapsible_all=\u00bbtrue\u00bb][vc_tta_section title=\u00bbINGL\u00c9S\u00bb tab_id=\u00bb1536748727313-e171358c-9980&#8243;][vc_column_text css=\u00bb\u00bb] Consulta [&hellip;]<\/p>\n","protected":false},"author":11,"featured_media":0,"comment_status":"closed","ping_status":"closed","sticky":false,"template":"","format":"standard","meta":{"inline_featured_image":false,"footnotes":""},"categories":[3],"tags":[],"class_list":["post-6614","post","type-post","status-publish","format-standard","hentry","category-administracion"],"yoast_head":"<!-- This site is optimized with the Yoast SEO plugin v26.5 - https:\/\/yoast.com\/wordpress\/plugins\/seo\/ -->\n<title>Consulta de horarios y aulas para el curso 2025-26 - P\u00e1gina Oficial de la EOI de M\u00e1laga ::Los idiomas ponen el mundo a tus pies::<\/title>\n<meta name=\"robots\" content=\"index, follow, max-snippet:-1, max-image-preview:large, max-video-preview:-1\" \/>\n<link rel=\"canonical\" href=\"https:\/\/www.eoimalaga.com\/web\/consultadeaulas\/\" \/>\n<meta property=\"og:locale\" content=\"es_ES\" \/>\n<meta property=\"og:type\" content=\"article\" \/>\n<meta property=\"og:title\" content=\"Consulta de horarios y aulas para el curso 2025-26 - P\u00e1gina Oficial de la EOI de M\u00e1laga ::Los idiomas ponen el mundo a tus pies::\" \/>\n<meta property=\"og:description\" content=\"[vc_row][vc_column width=\u00bb1\/2&#8243;][vc_tta_accordion style=\u00bboutline\u00bb color=\u00bbsandy-brown\u00bb gap=\u00bb5&#8243; c_align=\u00bbcenter\u00bb c_icon=\u00bbtriangle\u00bb active_section=\u00bb\u00bb collapsible_all=\u00bbtrue\u00bb][vc_tta_section title=\u00bbALEM\u00c1N\u00bb tab_id=\u00bb1536746399836-ff3f213c-ca39&#8243;][vc_column_text css=\u00bb\u00bb] Consulta presencial Consulta Semipresencial [\/vc_column_text][\/vc_tta_section][vc_tta_section title=\u00bb\u00c1RABE\u00bb tab_id=\u00bb1536746399885-9a813a49-6f1c\u00bb][vc_column_text] Consulta [\/vc_column_text][\/vc_tta_section][vc_tta_section title=\u00bbCHINO\u00bb tab_id=\u00bb1536746402860-73102351-71f2&#8243;][vc_column_text] Consulta [\/vc_column_text][\/vc_tta_section][vc_tta_section title=\u00bbESPA\u00d1OL\u00bb tab_id=\u00bb1536747672815-b51bba59-3105&#8243;][vc_column_text] Consulta [\/vc_column_text][\/vc_tta_section][vc_tta_section title=\u00bbFRANC\u00c9S\u00bb tab_id=\u00bb1536747685317-b9020b79-2cde\u00bb][vc_column_text css=\u00bb\u00bb] Consulta presencial Consulta semipresencial Consulta monogr\u00e1ficos [\/vc_column_text][\/vc_tta_section][vc_tta_section title=\u00bbGRIEGO\u00bb tab_id=\u00bb1536747709970-889c63b2-490e\u00bb][vc_column_text] Consulta [\/vc_column_text][\/vc_tta_section][\/vc_tta_accordion][\/vc_column][vc_column width=\u00bb1\/2&#8243;][vc_tta_accordion style=\u00bboutline\u00bb color=\u00bbsandy-brown\u00bb gap=\u00bb5&#8243; c_align=\u00bbcenter\u00bb c_icon=\u00bbtriangle\u00bb active_section=\u00bb\u00bb collapsible_all=\u00bbtrue\u00bb][vc_tta_section title=\u00bbINGL\u00c9S\u00bb tab_id=\u00bb1536748727313-e171358c-9980&#8243;][vc_column_text css=\u00bb\u00bb] Consulta [&hellip;]\" \/>\n<meta property=\"og:url\" content=\"https:\/\/www.eoimalaga.com\/web\/consultadeaulas\/\" \/>\n<meta property=\"og:site_name\" content=\"P\u00e1gina Oficial de la EOI de M\u00e1laga ::Los idiomas ponen el mundo a tus pies::\" \/>\n<meta property=\"article:published_time\" content=\"2020-09-18T09:42:19+00:00\" \/>\n<meta property=\"article:modified_time\" content=\"2025-09-18T07:11:13+00:00\" \/>\n<meta name=\"author\" content=\"EOI M\u00c1LAGA Administrador\" \/>\n<meta name=\"twitter:card\" content=\"summary_large_image\" \/>\n<meta name=\"twitter:label1\" content=\"Escrito por\" \/>\n\t<meta name=\"twitter:data1\" content=\"EOI M\u00c1LAGA Administrador\" \/>\n\t<meta name=\"twitter:label2\" content=\"Tiempo de lectura\" \/>\n\t<meta name=\"twitter:data2\" content=\"1 minuto\" \/>\n<script type=\"application\/ld+json\" class=\"yoast-schema-graph\">{\"@context\":\"https:\/\/schema.org\",\"@graph\":[{\"@type\":\"WebPage\",\"@id\":\"https:\/\/www.eoimalaga.com\/web\/consultadeaulas\/\",\"url\":\"https:\/\/www.eoimalaga.com\/web\/consultadeaulas\/\",\"name\":\"Consulta de horarios y aulas para el curso 2025-26 - P\u00e1gina Oficial de la EOI de M\u00e1laga ::Los idiomas ponen el mundo a tus pies::\",\"isPartOf\":{\"@id\":\"https:\/\/www.eoimalaga.com\/web\/#website\"},\"datePublished\":\"2020-09-18T09:42:19+00:00\",\"dateModified\":\"2025-09-18T07:11:13+00:00\",\"author\":{\"@id\":\"https:\/\/www.eoimalaga.com\/web\/#\/schema\/person\/483a208f0e10cd78530958def551671a\"},\"breadcrumb\":{\"@id\":\"https:\/\/www.eoimalaga.com\/web\/consultadeaulas\/#breadcrumb\"},\"inLanguage\":\"es\",\"potentialAction\":[{\"@type\":\"ReadAction\",\"target\":[\"https:\/\/www.eoimalaga.com\/web\/consultadeaulas\/\"]}]},{\"@type\":\"BreadcrumbList\",\"@id\":\"https:\/\/www.eoimalaga.com\/web\/consultadeaulas\/#breadcrumb\",\"itemListElement\":[{\"@type\":\"ListItem\",\"position\":1,\"name\":\"Home\",\"item\":\"https:\/\/www.eoimalaga.com\/web\/\"},{\"@type\":\"ListItem\",\"position\":2,\"name\":\"Consulta de horarios y aulas para el curso 2025-26\"}]},{\"@type\":\"WebSite\",\"@id\":\"https:\/\/www.eoimalaga.com\/web\/#website\",\"url\":\"https:\/\/www.eoimalaga.com\/web\/\",\"name\":\"P\u00e1gina Oficial de la EOI de M\u00e1laga ::Los idiomas ponen el mundo a tus pies::\",\"description\":\"EOI M\u00e1laga\",\"potentialAction\":[{\"@type\":\"SearchAction\",\"target\":{\"@type\":\"EntryPoint\",\"urlTemplate\":\"https:\/\/www.eoimalaga.com\/web\/?s={search_term_string}\"},\"query-input\":{\"@type\":\"PropertyValueSpecification\",\"valueRequired\":true,\"valueName\":\"search_term_string\"}}],\"inLanguage\":\"es\"},{\"@type\":\"Person\",\"@id\":\"https:\/\/www.eoimalaga.com\/web\/#\/schema\/person\/483a208f0e10cd78530958def551671a\",\"name\":\"EOI M\u00c1LAGA Administrador\",\"image\":{\"@type\":\"ImageObject\",\"inLanguage\":\"es\",\"@id\":\"https:\/\/www.eoimalaga.com\/web\/#\/schema\/person\/image\/\",\"url\":\"https:\/\/secure.gravatar.com\/avatar\/12a8fdf8dfb5204a705bbb21e6e60d6b?s=96&d=mm&r=g\",\"contentUrl\":\"https:\/\/secure.gravatar.com\/avatar\/12a8fdf8dfb5204a705bbb21e6e60d6b?s=96&d=mm&r=g\",\"caption\":\"EOI M\u00c1LAGA Administrador\"},\"url\":\"https:\/\/www.eoimalaga.com\/web\/author\/eoi-17953-admin_4726839745693298\/\"}]}<\/script>\n<!-- \/ Yoast SEO plugin. -->","yoast_head_json":{"title":"Consulta de horarios y aulas para el curso 2025-26 - P\u00e1gina Oficial de la EOI de M\u00e1laga ::Los idiomas ponen el mundo a tus pies::","robots":{"index":"index","follow":"follow","max-snippet":"max-snippet:-1","max-image-preview":"max-image-preview:large","max-video-preview":"max-video-preview:-1"},"canonical":"https:\/\/www.eoimalaga.com\/web\/consultadeaulas\/","og_locale":"es_ES","og_type":"article","og_title":"Consulta de horarios y aulas para el curso 2025-26 - P\u00e1gina Oficial de la EOI de M\u00e1laga ::Los idiomas ponen el mundo a tus pies::","og_description":"[vc_row][vc_column width=\u00bb1\/2&#8243;][vc_tta_accordion style=\u00bboutline\u00bb color=\u00bbsandy-brown\u00bb gap=\u00bb5&#8243; c_align=\u00bbcenter\u00bb c_icon=\u00bbtriangle\u00bb active_section=\u00bb\u00bb collapsible_all=\u00bbtrue\u00bb][vc_tta_section title=\u00bbALEM\u00c1N\u00bb tab_id=\u00bb1536746399836-ff3f213c-ca39&#8243;][vc_column_text css=\u00bb\u00bb] Consulta presencial Consulta Semipresencial [\/vc_column_text][\/vc_tta_section][vc_tta_section title=\u00bb\u00c1RABE\u00bb tab_id=\u00bb1536746399885-9a813a49-6f1c\u00bb][vc_column_text] Consulta [\/vc_column_text][\/vc_tta_section][vc_tta_section title=\u00bbCHINO\u00bb tab_id=\u00bb1536746402860-73102351-71f2&#8243;][vc_column_text] Consulta [\/vc_column_text][\/vc_tta_section][vc_tta_section title=\u00bbESPA\u00d1OL\u00bb tab_id=\u00bb1536747672815-b51bba59-3105&#8243;][vc_column_text] Consulta [\/vc_column_text][\/vc_tta_section][vc_tta_section title=\u00bbFRANC\u00c9S\u00bb tab_id=\u00bb1536747685317-b9020b79-2cde\u00bb][vc_column_text css=\u00bb\u00bb] Consulta presencial Consulta semipresencial Consulta monogr\u00e1ficos [\/vc_column_text][\/vc_tta_section][vc_tta_section title=\u00bbGRIEGO\u00bb tab_id=\u00bb1536747709970-889c63b2-490e\u00bb][vc_column_text] Consulta [\/vc_column_text][\/vc_tta_section][\/vc_tta_accordion][\/vc_column][vc_column width=\u00bb1\/2&#8243;][vc_tta_accordion style=\u00bboutline\u00bb color=\u00bbsandy-brown\u00bb gap=\u00bb5&#8243; c_align=\u00bbcenter\u00bb c_icon=\u00bbtriangle\u00bb active_section=\u00bb\u00bb collapsible_all=\u00bbtrue\u00bb][vc_tta_section title=\u00bbINGL\u00c9S\u00bb tab_id=\u00bb1536748727313-e171358c-9980&#8243;][vc_column_text css=\u00bb\u00bb] Consulta [&hellip;]","og_url":"https:\/\/www.eoimalaga.com\/web\/consultadeaulas\/","og_site_name":"P\u00e1gina Oficial de la EOI de M\u00e1laga ::Los idiomas ponen el mundo a tus pies::","article_published_time":"2020-09-18T09:42:19+00:00","article_modified_time":"2025-09-18T07:11:13+00:00","author":"EOI M\u00c1LAGA Administrador","twitter_card":"summary_large_image","twitter_misc":{"Escrito por":"EOI M\u00c1LAGA Administrador","Tiempo de lectura":"1 minuto"},"schema":{"@context":"https:\/\/schema.org","@graph":[{"@type":"WebPage","@id":"https:\/\/www.eoimalaga.com\/web\/consultadeaulas\/","url":"https:\/\/www.eoimalaga.com\/web\/consultadeaulas\/","name":"Consulta de horarios y aulas para el curso 2025-26 - P\u00e1gina Oficial de la EOI de M\u00e1laga ::Los idiomas ponen el mundo a tus pies::","isPartOf":{"@id":"https:\/\/www.eoimalaga.com\/web\/#website"},"datePublished":"2020-09-18T09:42:19+00:00","dateModified":"2025-09-18T07:11:13+00:00","author":{"@id":"https:\/\/www.eoimalaga.com\/web\/#\/schema\/person\/483a208f0e10cd78530958def551671a"},"breadcrumb":{"@id":"https:\/\/www.eoimalaga.com\/web\/consultadeaulas\/#breadcrumb"},"inLanguage":"es","potentialAction":[{"@type":"ReadAction","target":["https:\/\/www.eoimalaga.com\/web\/consultadeaulas\/"]}]},{"@type":"BreadcrumbList","@id":"https:\/\/www.eoimalaga.com\/web\/consultadeaulas\/#breadcrumb","itemListElement":[{"@type":"ListItem","position":1,"name":"Home","item":"https:\/\/www.eoimalaga.com\/web\/"},{"@type":"ListItem","position":2,"name":"Consulta de horarios y aulas para el curso 2025-26"}]},{"@type":"WebSite","@id":"https:\/\/www.eoimalaga.com\/web\/#website","url":"https:\/\/www.eoimalaga.com\/web\/","name":"P\u00e1gina Oficial de la EOI de M\u00e1laga ::Los idiomas ponen el mundo a tus pies::","description":"EOI M\u00e1laga","potentialAction":[{"@type":"SearchAction","target":{"@type":"EntryPoint","urlTemplate":"https:\/\/www.eoimalaga.com\/web\/?s={search_term_string}"},"query-input":{"@type":"PropertyValueSpecification","valueRequired":true,"valueName":"search_term_string"}}],"inLanguage":"es"},{"@type":"Person","@id":"https:\/\/www.eoimalaga.com\/web\/#\/schema\/person\/483a208f0e10cd78530958def551671a","name":"EOI M\u00c1LAGA Administrador","image":{"@type":"ImageObject","inLanguage":"es","@id":"https:\/\/www.eoimalaga.com\/web\/#\/schema\/person\/image\/","url":"https:\/\/secure.gravatar.com\/avatar\/12a8fdf8dfb5204a705bbb21e6e60d6b?s=96&d=mm&r=g","contentUrl":"https:\/\/secure.gravatar.com\/avatar\/12a8fdf8dfb5204a705bbb21e6e60d6b?s=96&d=mm&r=g","caption":"EOI M\u00c1LAGA Administrador"},"url":"https:\/\/www.eoimalaga.com\/web\/author\/eoi-17953-admin_4726839745693298\/"}]}},"_links":{"self":[{"href":"https:\/\/www.eoimalaga.com\/web\/wp-json\/wp\/v2\/posts\/6614","targetHints":{"allow":["GET"]}}],"collection":[{"href":"https:\/\/www.eoimalaga.com\/web\/wp-json\/wp\/v2\/posts"}],"about":[{"href":"https:\/\/www.eoimalaga.com\/web\/wp-json\/wp\/v2\/types\/post"}],"author":[{"embeddable":true,"href":"https:\/\/www.eoimalaga.com\/web\/wp-json\/wp\/v2\/users\/11"}],"replies":[{"embeddable":true,"href":"https:\/\/www.eoimalaga.com\/web\/wp-json\/wp\/v2\/comments?post=6614"}],"version-history":[{"count":81,"href":"https:\/\/www.eoimalaga.com\/web\/wp-json\/wp\/v2\/posts\/6614\/revisions"}],"predecessor-version":[{"id":22258,"href":"https:\/\/www.eoimalaga.com\/web\/wp-json\/wp\/v2\/posts\/6614\/revisions\/22258"}],"wp:attachment":[{"href":"https:\/\/www.eoimalaga.com\/web\/wp-json\/wp\/v2\/media?parent=6614"}],"wp:term":[{"taxonomy":"category","embeddable":true,"href":"https:\/\/www.eoimalaga.com\/web\/wp-json\/wp\/v2\/categories?post=6614"},{"taxonomy":"post_tag","embeddable":true,"href":"https:\/\/www.eoimalaga.com\/web\/wp-json\/wp\/v2\/tags?post=6614"}],"curies":[{"name":"wp","href":"https:\/\/api.w.org\/{rel}","templated":true}]}}