{"id":4671,"date":"2016-10-31T02:42:37","date_gmt":"2016-10-31T00:42:37","guid":{"rendered":"http:\/\/www.eoimalaga.com\/web\/?p=4671"},"modified":"2026-01-30T14:00:29","modified_gmt":"2026-01-30T12:00:29","slug":"tasas-de-matricula","status":"publish","type":"post","link":"https:\/\/www.eoimalaga.com\/web\/tasas-de-matricula\/","title":{"rendered":"Tasas de matr\u00edcula\u00a0oficial y libre (2026)"},"content":{"rendered":"<h2><\/h2>\n<table style=\"border-collapse: collapse; width: 68.963%; height: 187px;\">\n<tbody>\n<tr style=\"height: 24px; background-color: #103b6b;\">\n<td style=\"width: 25%; height: 24px;\"><span style=\"color: #ffffff;\">ALUMNADO<\/span><\/td>\n<td style=\"width: 25%; height: 24px;\"><span style=\"color: #ffffff;\">MATR\u00cdCULA<\/span><\/td>\n<td style=\"width: 25%; height: 24px;\"><span style=\"color: #ffffff;\">ORDINARIA\u00a0<\/span><\/td>\n<td style=\"width: 25%; height: 24px;\"><span style=\"color: #ffffff;\">FAMILIA NUMEROSA<\/span><\/td>\n<\/tr>\n<tr style=\"height: 23px;\">\n<td style=\"width: 25%; height: 23px;\">Nuevo<\/td>\n<td style=\"width: 25%; height: 23px;\">Por una matr\u00edcula**<\/td>\n<td style=\"width: 25%; height: 23px;\">81,41<\/td>\n<td style=\"width: 25%; height: 23px;\">40,70<\/td>\n<\/tr>\n<tr style=\"height: 23px;\">\n<td style=\"width: 25%; height: 23px;\"><\/td>\n<td style=\"width: 25%; height: 23px;\">Por dos matr\u00edculas**<\/td>\n<td style=\"width: 25%; height: 23px;\">131,50<\/td>\n<td style=\"width: 25%; height: 23px;\">65,75<\/td>\n<\/tr>\n<tr style=\"height: 24px; background-color: #103b6b;\">\n<td style=\"width: 25%; height: 24px;\"><\/td>\n<td style=\"width: 25%; height: 24px;\"><\/td>\n<td style=\"width: 25%; height: 24px;\"><\/td>\n<td style=\"width: 25%; height: 24px;\"><\/td>\n<\/tr>\n<tr style=\"height: 23px;\">\n<td style=\"width: 25%; height: 23px;\">Antiguo*<\/td>\n<td style=\"width: 25%; height: 23px;\">Por una matr\u00edcula**<\/td>\n<td style=\"width: 25%; height: 23px;\">59.04<\/td>\n<td style=\"width: 25%; height: 23px;\">29,52<\/td>\n<\/tr>\n<tr style=\"height: 23px;\">\n<td style=\"width: 25%; height: 23px;\"><\/td>\n<td style=\"width: 25%; height: 23px;\">Por dos matr\u00edculas**<\/td>\n<td style=\"width: 25%; height: 23px;\">109,13<\/td>\n<td style=\"width: 25%; height: 23px;\">54,56<\/td>\n<\/tr>\n<tr style=\"height: 24px; background-color: #103b6b;\">\n<td style=\"width: 25%; height: 24px;\"><\/td>\n<td style=\"width: 25%; height: 24px;\"><\/td>\n<td style=\"width: 25%; height: 24px;\"><\/td>\n<td style=\"width: 25%; height: 24px;\"><\/td>\n<\/tr>\n<tr style=\"height: 23px;\">\n<td style=\"width: 25%; height: 23px;\">Por cada idioma de m\u00e1s<\/td>\n<td style=\"width: 25%; height: 23px;\"><\/td>\n<td style=\"width: 25%; height: 23px;\">50,09<\/td>\n<td style=\"width: 25%; height: 23px;\">25,04<\/td>\n<\/tr>\n<\/tbody>\n<\/table>\n<p>&nbsp;<\/p>\n<p><span style=\"font-size: 16px;\">Para las tasas de t\u00edtulos oficiales en centros p\u00fablicos en Andaluc\u00eda, seguimos la actualizaci\u00f3n 2026 (Art\u00edculo 38 de Ley 8\/2025, de 22 de diciembre, del Presupuesto de la Comunidad Aut\u00f3noma de Andaluc\u00eda para el a\u00f1o 2026).<\/span><\/p>\n<p>&nbsp;<\/p>\n<p style=\"text-align: justify;\">Cuant\u00edas de los conceptos que se abonan dentro de esa matr\u00edcula <span style=\"color: #ff6600;\">ALUMNADO ORDINARIO<\/span>:<\/p>\n<ol style=\"text-align: justify;\">\n<li>Apertura de expediente:\u00a0 22,37 \u20ac<\/li>\n<li>Matr\u00edcula por asignatura: 50,09 \u20ac<\/li>\n<li>Servicios generales:\u00a0 \u00a0 \u00a0 \u00a0 \u00a0 8,95 \u20ac<\/li>\n<\/ol>\n<p style=\"text-align: justify;\"><span style=\"font-family: georgia, palatino, serif;\">* Se considera <strong>alumno antiguo<\/strong> aquel que haya estado matriculado <span style=\"color: #ff6600;\"><strong>en IEDA o<\/strong><\/span> <strong><span style=\"color: #ff6600;\">en alguna escuela oficial de idiomas de Andaluc\u00eda<\/span>\u00a0<\/strong>con anterioridad, ya sea en la modalidad oficial, libre, distancia o That\u2019s English!.<\/span><\/p>\n<p>** Aqu\u00ed, <span style=\"text-decoration: underline;\">\u00abmatr\u00edcula\u00bb se refiere a idioma.<\/span> Es decir,\u00a0 si una persona paga tasas por dos idiomas, pagar\u00eda 128,90 euros si es nuevo alumno, y pagar\u00eda 106,97 euros si es antiguo alumno. No se refiere a la tasa de matr\u00edcula en un idioma de dos personas distintas.<\/p>\n<p>&nbsp;<\/p>\n<h3><strong>REDUCCIONES EN EL PAGO DE MATR\u00cdCULA<\/strong><\/h3>\n<p><span style=\"font-family: georgia, palatino, serif; font-size: 16px;\">Seg\u00fan figura en la tabla, los <span style=\"text-decoration: underline;\">beneficiarios de familia numerosa de categor\u00eda general<\/span> abonar\u00e1n el <strong><span style=\"color: #ff6600;\">50 por ciento de la tasa<\/span>\u00a0<\/strong>( Ley 10\/2021, de 28 de diciembre). \u00a0 <\/span><\/p>\n<p><span style=\"font-size: 16px;\">Para la matr\u00edcula en centros p\u00fablicos en Andaluc\u00eda, seguimos la actualizaci\u00f3n de 2026 (art\u00edculo 38, Ley 8\/2025, de 22 de diciembre, del Presupuesto de la Comunidad Aut\u00f3noma de Andaluc\u00eda para el a\u00f1o 2026).<\/span><\/p>\n<p style=\"text-align: justify;\"><span style=\"font-family: georgia, palatino, serif; font-size: 16px;\">Est\u00e1n <span style=\"font-size: 16px;\"><strong><span style=\"color: #ff6600;\">exentos del pago<\/span><\/strong><\/span><strong>\u00a0<\/strong>de estas tasas:<\/span><\/p>\n<ul>\n<li><span style=\"font-family: georgia, palatino, serif; font-size: 16px;\">El alumnado miembro de familias numerosas de la categor\u00eda especial (categor\u00eda establecida en Ley 40\/2003, de 18 de noviembre, de Protecci\u00f3n a las Familias Numerosas, BOE del 19). <strong><span style=\"color: #ff6600;\">Deber\u00e1 presentar fotocopia de dicho t\u00edtulo actualizado.<\/span><\/strong><\/span><\/li>\n<li><span style=\"font-family: georgia, palatino, serif; font-size: 16px;\">El alumnado que, como consecuencia de actos terroristas, haya sufrido da\u00f1os personales que sean de especial transcendencia, o que lo inhabiliten para el ejercicio de su profesi\u00f3n habitual, o cuyos familiares hasta segundo grado de consanguinidad, tutores o guardadores, hayan sufrido dichos da\u00f1os (Ley 29\/2011, de 22 de septiembre, de Reconocimiento y Protecci\u00f3n Integral a las V\u00edctimas del Terrorismo \u2013 BOE del 23). <strong><span style=\"color: #ff6600;\">Deber\u00e1 acreditar dicha condici\u00f3n.\u00a0<\/span><\/strong><\/span><\/li>\n<li><span style=\"font-family: georgia, palatino, serif; font-size: 16px;\">Las v\u00edctimas de violencia de g\u00e9nero, dom\u00e9stica o de ambas. <strong><span style=\"color: #ff6600;\">Deber\u00e1n acreditar dicha situaci\u00f3n.<\/span><\/strong><\/span><\/li>\n<li><span style=\"font-family: georgia, palatino, serif; font-size: 16px;\">Las personas con discapacidad, en un grado igual o superior al 33 %. <strong><span style=\"color: #ff6600;\">Deber\u00e1n acreditar dicha condici\u00f3n.\u00a0<\/span><\/strong><\/span><\/li>\n<\/ul>\n<p><span style=\"font-family: georgia, palatino, serif; font-size: 16px;\">Asimismo, en virtud de lo establecido en el art\u00edculo 12.2, el alumnado que realice el pago de su importe por medios electr\u00f3nicos tendr\u00e1 derecho a una <strong>bonificaci\u00f3n<\/strong> del 10 % sobre la cuota a ingresar por cada autoliquidaci\u00f3n presentada, con un l\u00edmite m\u00ednimo de bonificaci\u00f3n de 3 euros y m\u00e1ximo de 70 euros, sin que pueda resultar una cuota tributaria negativa como consecuencia de dicha bonificaci\u00f3n.<\/span><\/p>\n<p>&nbsp;<\/p>\n<p>&nbsp;<\/p>\n<h2>Tasas de solicitud para la expedici\u00f3n de t\u00edtulo (2026)<\/h2>\n<table style=\"width: 44.2827%; height: 69px;\" width=\"660\">\n<tbody>\n<tr style=\"height: 23px;\">\n<td style=\"width: 29.8643%; height: 23px;\">T\u00edtulos<\/td>\n<td style=\"width: 24.1327%; height: 23px;\">Ordinaria<\/td>\n<td style=\"width: 24.736%; height: 23px;\">Familia Numerosa<\/td>\n<\/tr>\n<tr style=\"height: 23px;\">\n<td style=\"width: 29.8643%; height: 23px;\">LOGSE<\/td>\n<td style=\"width: 24.1327%; height: 23px;\">28.01 \u20ac<\/td>\n<td style=\"width: 24.736%; height: 23px;\">14 \u20ac<\/td>\n<\/tr>\n<tr style=\"height: 23px;\">\n<td style=\"width: 29.8643%; height: 23px;\">Ant. LOGSE<\/td>\n<td style=\"width: 24.1327%; height: 23px;\">28.01 \u20ac<\/td>\n<td style=\"width: 24.736%; height: 23px;\">14 \u20ac<\/td>\n<\/tr>\n<\/tbody>\n<\/table>\n<p style=\"font-weight: 400;\"><span style=\"font-size: 16px;\">Para las tasas de t\u00edtulos oficiales en centros p\u00fablicos en Andaluc\u00eda, seguimos la actualizaci\u00f3n 2026 (Art\u00edculo 38 de Ley 8\/2025, de 22 de diciembre, del Presupuesto de la Comunidad Aut\u00f3noma de Andaluc\u00eda para el a\u00f1o 2026).<\/span><\/p>\n<div align=\"justify\">\n<p><span style=\"font-size: 16px;\">Est\u00e1n\u00a0\u00a0<strong><span style=\"color: #ff6600;\">exentos del pago\u00a0<\/span>\u00a0<\/strong>de estas tasas:<\/span><\/p>\n<ul>\n<li><span style=\"font-size: 16px;\">El alumnado miembro de familias numerosas de la categor\u00eda especial (categor\u00eda establecida en Ley 40\/2003, de 18 de noviembre, de Protecci\u00f3n a las Familias Numerosas, BOE del 19).\u00a0<span style=\"color: #ff6600;\"><strong>Deber\u00e1n presentar fotocopia de dicho t\u00edtulo actualizado.<\/strong><\/span><\/span><\/li>\n<li><span style=\"font-size: 16px;\">El alumnado que, como consecuencia de actos terroristas, haya sufrido da\u00f1os personales que sean de especial transcendencia, o que lo inhabiliten para el ejercicio de su profesi\u00f3n habitual, o cuyos familiares hasta segundo grado de consanguinidad, tutores o guardadores, hayan sufrido dichos da\u00f1os (Ley 29\/2011, de 22 de septiembre, de Reconocimiento y Protecci\u00f3n Integral a las V\u00edctimas del Terrorismo \u2013 BOE del 23).\u00a0<span style=\"color: #ff6600;\"><strong>Deber\u00e1n acreditar dicha condici\u00f3n.\u00a0<\/strong><\/span><\/span><\/li>\n<li><span style=\"font-size: 16px;\">Las v\u00edctimas de violencia de g\u00e9nero, dom\u00e9stica o de ambas.\u00a0<span style=\"color: #ff6600;\"><strong>Deber\u00e1n acreditar dicha situaci\u00f3n.<\/strong><\/span><\/span><\/li>\n<li><span style=\"font-size: 16px;\">Las personas con discapacidad, en un grado igual o superior al 33 %.\u00a0<span style=\"color: #ff6600;\"><strong>Deber\u00e1n acreditar dicha condici\u00f3n.\u00a0<\/strong><\/span><\/span><\/li>\n<li><span style=\"font-size: 16px;\">Las personas beneficiarias de la prestaci\u00f3n del ingreso m\u00ednimo vital a quienes se reconozca dicha condici\u00f3n de conformidad con lo dispuesto en la Ley 19\/2021, de 20 de diciembre, por la que se establece el ingreso m\u00ednimo vital, o norma que la sustituya; las beneficiarias de la Renta M\u00ednima de Inserci\u00f3n Social en Andaluc\u00eda, a quienes se reconozca dicha condici\u00f3n de acuerdo con lo dispuesto en el Decreto-Ley 3\/2017, de 19 de diciembre, por el que se regula la Renta M\u00ednima de Inserci\u00f3n Social en Andaluc\u00eda, o norma que lo sustituya, o las beneficiarias de ambas prestaciones. <span style=\"color: #ff6600;\"><strong>Deber\u00e1n acreditar dicha condici\u00f3n.\u00a0<\/strong><\/span><\/span><\/li>\n<\/ul>\n<\/div>\n","protected":false},"excerpt":{"rendered":"<p>ALUMNADO MATR\u00cdCULA ORDINARIA\u00a0 FAMILIA NUMEROSA Nuevo Por una matr\u00edcula** 81,41 40,70 Por dos matr\u00edculas** 131,50 65,75 Antiguo* Por una matr\u00edcula** 59.04 29,52 Por dos matr\u00edculas** 109,13 54,56 Por cada idioma de m\u00e1s 50,09 25,04 &nbsp; Para las tasas de t\u00edtulos oficiales en centros p\u00fablicos en Andaluc\u00eda, seguimos la actualizaci\u00f3n 2026 (Art\u00edculo 38 de Ley 8\/2025, [&hellip;]<\/p>\n","protected":false},"author":11,"featured_media":0,"comment_status":"closed","ping_status":"closed","sticky":false,"template":"","format":"standard","meta":{"inline_featured_image":false,"footnotes":""},"categories":[44],"tags":[102,45],"class_list":["post-4671","post","type-post","status-publish","format-standard","hentry","category-secretaria","tag-libre","tag-secretaria"],"yoast_head":"<!-- This site is optimized with the Yoast SEO plugin v26.5 - https:\/\/yoast.com\/wordpress\/plugins\/seo\/ -->\n<title>Tasas de matr\u00edcula\u00a0oficial y libre (2026) - P\u00e1gina Oficial de la EOI de M\u00e1laga ::Los idiomas ponen el mundo a tus pies::<\/title>\n<meta name=\"robots\" content=\"index, follow, max-snippet:-1, max-image-preview:large, max-video-preview:-1\" \/>\n<link rel=\"canonical\" href=\"https:\/\/www.eoimalaga.com\/web\/tasas-de-matricula\/\" \/>\n<meta property=\"og:locale\" content=\"es_ES\" \/>\n<meta property=\"og:type\" content=\"article\" \/>\n<meta property=\"og:title\" content=\"Tasas de matr\u00edcula\u00a0oficial y libre (2026) - P\u00e1gina Oficial de la EOI de M\u00e1laga ::Los idiomas ponen el mundo a tus pies::\" \/>\n<meta property=\"og:description\" content=\"ALUMNADO MATR\u00cdCULA ORDINARIA\u00a0 FAMILIA NUMEROSA Nuevo Por una matr\u00edcula** 81,41 40,70 Por dos matr\u00edculas** 131,50 65,75 Antiguo* Por una matr\u00edcula** 59.04 29,52 Por dos matr\u00edculas** 109,13 54,56 Por cada idioma de m\u00e1s 50,09 25,04 &nbsp; Para las tasas de t\u00edtulos oficiales en centros p\u00fablicos en Andaluc\u00eda, seguimos la actualizaci\u00f3n 2026 (Art\u00edculo 38 de Ley 8\/2025, [&hellip;]\" \/>\n<meta property=\"og:url\" content=\"https:\/\/www.eoimalaga.com\/web\/tasas-de-matricula\/\" \/>\n<meta property=\"og:site_name\" content=\"P\u00e1gina Oficial de la EOI de M\u00e1laga ::Los idiomas ponen el mundo a tus pies::\" \/>\n<meta property=\"article:published_time\" content=\"2016-10-31T00:42:37+00:00\" \/>\n<meta property=\"article:modified_time\" content=\"2026-01-30T12:00:29+00:00\" \/>\n<meta name=\"author\" content=\"EOI M\u00c1LAGA Administrador\" \/>\n<meta name=\"twitter:card\" content=\"summary_large_image\" \/>\n<meta name=\"twitter:label1\" content=\"Escrito por\" \/>\n\t<meta name=\"twitter:data1\" content=\"EOI M\u00c1LAGA Administrador\" \/>\n\t<meta name=\"twitter:label2\" content=\"Tiempo de lectura\" \/>\n\t<meta name=\"twitter:data2\" content=\"4 minutos\" \/>\n<script type=\"application\/ld+json\" class=\"yoast-schema-graph\">{\"@context\":\"https:\/\/schema.org\",\"@graph\":[{\"@type\":\"WebPage\",\"@id\":\"https:\/\/www.eoimalaga.com\/web\/tasas-de-matricula\/\",\"url\":\"https:\/\/www.eoimalaga.com\/web\/tasas-de-matricula\/\",\"name\":\"Tasas de matr\u00edcula\u00a0oficial y libre (2026) - P\u00e1gina Oficial de la EOI de M\u00e1laga ::Los idiomas ponen el mundo a tus pies::\",\"isPartOf\":{\"@id\":\"https:\/\/www.eoimalaga.com\/web\/#website\"},\"datePublished\":\"2016-10-31T00:42:37+00:00\",\"dateModified\":\"2026-01-30T12:00:29+00:00\",\"author\":{\"@id\":\"https:\/\/www.eoimalaga.com\/web\/#\/schema\/person\/483a208f0e10cd78530958def551671a\"},\"breadcrumb\":{\"@id\":\"https:\/\/www.eoimalaga.com\/web\/tasas-de-matricula\/#breadcrumb\"},\"inLanguage\":\"es\",\"potentialAction\":[{\"@type\":\"ReadAction\",\"target\":[\"https:\/\/www.eoimalaga.com\/web\/tasas-de-matricula\/\"]}]},{\"@type\":\"BreadcrumbList\",\"@id\":\"https:\/\/www.eoimalaga.com\/web\/tasas-de-matricula\/#breadcrumb\",\"itemListElement\":[{\"@type\":\"ListItem\",\"position\":1,\"name\":\"Home\",\"item\":\"https:\/\/www.eoimalaga.com\/web\/\"},{\"@type\":\"ListItem\",\"position\":2,\"name\":\"Tasas de matr\u00edcula\u00a0oficial y libre (2026)\"}]},{\"@type\":\"WebSite\",\"@id\":\"https:\/\/www.eoimalaga.com\/web\/#website\",\"url\":\"https:\/\/www.eoimalaga.com\/web\/\",\"name\":\"P\u00e1gina Oficial de la EOI de M\u00e1laga ::Los idiomas ponen el mundo a tus pies::\",\"description\":\"EOI M\u00e1laga\",\"potentialAction\":[{\"@type\":\"SearchAction\",\"target\":{\"@type\":\"EntryPoint\",\"urlTemplate\":\"https:\/\/www.eoimalaga.com\/web\/?s={search_term_string}\"},\"query-input\":{\"@type\":\"PropertyValueSpecification\",\"valueRequired\":true,\"valueName\":\"search_term_string\"}}],\"inLanguage\":\"es\"},{\"@type\":\"Person\",\"@id\":\"https:\/\/www.eoimalaga.com\/web\/#\/schema\/person\/483a208f0e10cd78530958def551671a\",\"name\":\"EOI M\u00c1LAGA Administrador\",\"image\":{\"@type\":\"ImageObject\",\"inLanguage\":\"es\",\"@id\":\"https:\/\/www.eoimalaga.com\/web\/#\/schema\/person\/image\/\",\"url\":\"https:\/\/secure.gravatar.com\/avatar\/12a8fdf8dfb5204a705bbb21e6e60d6b?s=96&d=mm&r=g\",\"contentUrl\":\"https:\/\/secure.gravatar.com\/avatar\/12a8fdf8dfb5204a705bbb21e6e60d6b?s=96&d=mm&r=g\",\"caption\":\"EOI M\u00c1LAGA Administrador\"},\"url\":\"https:\/\/www.eoimalaga.com\/web\/author\/eoi-17953-admin_4726839745693298\/\"}]}<\/script>\n<!-- \/ Yoast SEO plugin. -->","yoast_head_json":{"title":"Tasas de matr\u00edcula\u00a0oficial y libre (2026) - P\u00e1gina Oficial de la EOI de M\u00e1laga ::Los idiomas ponen el mundo a tus pies::","robots":{"index":"index","follow":"follow","max-snippet":"max-snippet:-1","max-image-preview":"max-image-preview:large","max-video-preview":"max-video-preview:-1"},"canonical":"https:\/\/www.eoimalaga.com\/web\/tasas-de-matricula\/","og_locale":"es_ES","og_type":"article","og_title":"Tasas de matr\u00edcula\u00a0oficial y libre (2026) - P\u00e1gina Oficial de la EOI de M\u00e1laga ::Los idiomas ponen el mundo a tus pies::","og_description":"ALUMNADO MATR\u00cdCULA ORDINARIA\u00a0 FAMILIA NUMEROSA Nuevo Por una matr\u00edcula** 81,41 40,70 Por dos matr\u00edculas** 131,50 65,75 Antiguo* Por una matr\u00edcula** 59.04 29,52 Por dos matr\u00edculas** 109,13 54,56 Por cada idioma de m\u00e1s 50,09 25,04 &nbsp; Para las tasas de t\u00edtulos oficiales en centros p\u00fablicos en Andaluc\u00eda, seguimos la actualizaci\u00f3n 2026 (Art\u00edculo 38 de Ley 8\/2025, [&hellip;]","og_url":"https:\/\/www.eoimalaga.com\/web\/tasas-de-matricula\/","og_site_name":"P\u00e1gina Oficial de la EOI de M\u00e1laga ::Los idiomas ponen el mundo a tus pies::","article_published_time":"2016-10-31T00:42:37+00:00","article_modified_time":"2026-01-30T12:00:29+00:00","author":"EOI M\u00c1LAGA Administrador","twitter_card":"summary_large_image","twitter_misc":{"Escrito por":"EOI M\u00c1LAGA Administrador","Tiempo de lectura":"4 minutos"},"schema":{"@context":"https:\/\/schema.org","@graph":[{"@type":"WebPage","@id":"https:\/\/www.eoimalaga.com\/web\/tasas-de-matricula\/","url":"https:\/\/www.eoimalaga.com\/web\/tasas-de-matricula\/","name":"Tasas de matr\u00edcula\u00a0oficial y libre (2026) - P\u00e1gina Oficial de la EOI de M\u00e1laga ::Los idiomas ponen el mundo a tus pies::","isPartOf":{"@id":"https:\/\/www.eoimalaga.com\/web\/#website"},"datePublished":"2016-10-31T00:42:37+00:00","dateModified":"2026-01-30T12:00:29+00:00","author":{"@id":"https:\/\/www.eoimalaga.com\/web\/#\/schema\/person\/483a208f0e10cd78530958def551671a"},"breadcrumb":{"@id":"https:\/\/www.eoimalaga.com\/web\/tasas-de-matricula\/#breadcrumb"},"inLanguage":"es","potentialAction":[{"@type":"ReadAction","target":["https:\/\/www.eoimalaga.com\/web\/tasas-de-matricula\/"]}]},{"@type":"BreadcrumbList","@id":"https:\/\/www.eoimalaga.com\/web\/tasas-de-matricula\/#breadcrumb","itemListElement":[{"@type":"ListItem","position":1,"name":"Home","item":"https:\/\/www.eoimalaga.com\/web\/"},{"@type":"ListItem","position":2,"name":"Tasas de matr\u00edcula\u00a0oficial y libre (2026)"}]},{"@type":"WebSite","@id":"https:\/\/www.eoimalaga.com\/web\/#website","url":"https:\/\/www.eoimalaga.com\/web\/","name":"P\u00e1gina Oficial de la EOI de M\u00e1laga ::Los idiomas ponen el mundo a tus pies::","description":"EOI M\u00e1laga","potentialAction":[{"@type":"SearchAction","target":{"@type":"EntryPoint","urlTemplate":"https:\/\/www.eoimalaga.com\/web\/?s={search_term_string}"},"query-input":{"@type":"PropertyValueSpecification","valueRequired":true,"valueName":"search_term_string"}}],"inLanguage":"es"},{"@type":"Person","@id":"https:\/\/www.eoimalaga.com\/web\/#\/schema\/person\/483a208f0e10cd78530958def551671a","name":"EOI M\u00c1LAGA Administrador","image":{"@type":"ImageObject","inLanguage":"es","@id":"https:\/\/www.eoimalaga.com\/web\/#\/schema\/person\/image\/","url":"https:\/\/secure.gravatar.com\/avatar\/12a8fdf8dfb5204a705bbb21e6e60d6b?s=96&d=mm&r=g","contentUrl":"https:\/\/secure.gravatar.com\/avatar\/12a8fdf8dfb5204a705bbb21e6e60d6b?s=96&d=mm&r=g","caption":"EOI M\u00c1LAGA Administrador"},"url":"https:\/\/www.eoimalaga.com\/web\/author\/eoi-17953-admin_4726839745693298\/"}]}},"_links":{"self":[{"href":"https:\/\/www.eoimalaga.com\/web\/wp-json\/wp\/v2\/posts\/4671","targetHints":{"allow":["GET"]}}],"collection":[{"href":"https:\/\/www.eoimalaga.com\/web\/wp-json\/wp\/v2\/posts"}],"about":[{"href":"https:\/\/www.eoimalaga.com\/web\/wp-json\/wp\/v2\/types\/post"}],"author":[{"embeddable":true,"href":"https:\/\/www.eoimalaga.com\/web\/wp-json\/wp\/v2\/users\/11"}],"replies":[{"embeddable":true,"href":"https:\/\/www.eoimalaga.com\/web\/wp-json\/wp\/v2\/comments?post=4671"}],"version-history":[{"count":83,"href":"https:\/\/www.eoimalaga.com\/web\/wp-json\/wp\/v2\/posts\/4671\/revisions"}],"predecessor-version":[{"id":22885,"href":"https:\/\/www.eoimalaga.com\/web\/wp-json\/wp\/v2\/posts\/4671\/revisions\/22885"}],"wp:attachment":[{"href":"https:\/\/www.eoimalaga.com\/web\/wp-json\/wp\/v2\/media?parent=4671"}],"wp:term":[{"taxonomy":"category","embeddable":true,"href":"https:\/\/www.eoimalaga.com\/web\/wp-json\/wp\/v2\/categories?post=4671"},{"taxonomy":"post_tag","embeddable":true,"href":"https:\/\/www.eoimalaga.com\/web\/wp-json\/wp\/v2\/tags?post=4671"}],"curies":[{"name":"wp","href":"https:\/\/api.w.org\/{rel}","templated":true}]}}