{"id":4584,"date":"2016-10-01T20:07:12","date_gmt":"2016-10-01T18:07:12","guid":{"rendered":"http:\/\/www.eoimalaga.com\/web\/?p=4584"},"modified":"2026-03-09T13:03:30","modified_gmt":"2026-03-09T11:03:30","slug":"normativa","status":"publish","type":"post","link":"https:\/\/www.eoimalaga.com\/web\/normativa\/","title":{"rendered":"Normativa"},"content":{"rendered":"<div class=\"wpb-content-wrapper\"><p>[vc_row][vc_column][vc_column_text]<\/p>\n<h3><strong>1. Ordenaci\u00f3n de las ense\u00f1anzas<\/strong><\/h3>\n<h4><strong>1.1. Legislaci\u00f3n<\/strong><\/h4>\n<ul>\n<li><a href=\"https:\/\/www.juntadeandalucia.es\/eboja\/2026\/46\/BOJA26-046-00026-3164-01_00334384.pdf\" target=\"_blank\" rel=\"noopener\"><span style=\"color: #0000ff;\">RESOLUCI\u00d3N de 3 de marzo de 2026<\/span><\/a>, de la Direcci\u00f3n General de Ordenaci\u00f3n y Evaluaci\u00f3n Educativa, por la que se convocan las pruebas de certificaci\u00f3n<\/li>\n<li style=\"font-weight: 400;\" aria-level=\"1\"><span style=\"font-weight: 400;\"><a href=\"https:\/\/www.eoialcalalareal.com\/pdfs\/normativa\/55_Instruccio%CC%81n_30.04.2025_Admisio%CC%81n.pdf\" target=\"_blank\" rel=\"noopener\"><span style=\"color: #0000ff;\">INSTRUCCI\u00d3N de 30 de abril<\/span><\/a>, de la direcci\u00f3n general de ordenaci\u00f3n y evaluaci\u00f3n <\/span><span style=\"font-weight: 400;\">educativa, sobre el proceso de escolarizaci\u00f3n en las ense\u00f1anzas de idiomas de <\/span><span style=\"font-weight: 400;\">r\u00e9gimen especial en sus diferentes modalidades y en los cursos para la <\/span><span style=\"font-weight: 400;\">actualizaci\u00f3n, perfeccionamiento y especializaci\u00f3n de competencias en idiomas <\/span><span style=\"font-weight: 400;\">para el curso 2025\/2026<\/span><\/li>\n<li><a href=\"https:\/\/www.adideandalucia.es\/normas\/ordenes\/Orden1junio2021CursosIdiomasEOI.pdf\"><span style=\"color: #0000ff;\">ORDEN de 1 de junio de 2021<\/span><\/a>, por la que se regulan los cursos para la actualizaci\u00f3n, perfeccionamiento y especializaci\u00f3n de competencias en idiomas en las escuelas oficiales de idiomas de la Comunidad Aut\u00f3noma de Andaluc\u00eda (BOJA 10-06-2021).<\/li>\n<li><a href=\"https:\/\/www.adideandalucia.es\/normas\/ordenes\/Orden11noviembre2020EvaluacionIdiomas.pdf\"><span style=\"color: #0000ff;\">ORDEN de 11 de noviembre de 2020<\/span><\/a>, por la que se establece la ordenaci\u00f3n de la evaluaci\u00f3n del proceso de aprendizaje del alumnado y de las pruebas de certificaci\u00f3n en las ense\u00f1anzas de idiomas de r\u00e9gimen especial en Andaluc\u00eda (BOJA 24-11-2020).<\/li>\n<li><a href=\"https:\/\/www.adideandalucia.es\/normas\/RD\/RealDecreto1-2019PruebasCertificacionIdiomas.pdf\"><span style=\"color: #0000ff;\">REAL DECRETO 1\/2019<\/span><\/a>, de 11 de enero, por el que se establecen los principios b\u00e1sicos comunes de evaluaci\u00f3n aplicables a las pruebas de certificaci\u00f3n oficial de los niveles Intermedio B1, Intermedio B2, Avanzado C1, y Avanzado C2 de las ense\u00f1anzas de idiomas de r\u00e9gimen especial (BOE 12-01-2019).<\/li>\n<li><a href=\"https:\/\/www.adideandalucia.es\/normas\/ordenes\/Orden2julio2019CurriculoIdiomas.pdf\"><span style=\"color: #0000ff;\">ORDEN de 2 de julio de 2019<\/span><\/a>, por la que se desarrolla el curr\u00edculo correspondiente a las ense\u00f1anzas de idiomas de r\u00e9gimen especial en la Comunidad Aut\u00f3noma de Andaluc\u00eda (BOJA 30-07-2019).<\/li>\n<li><a href=\"https:\/\/www.adideandalucia.es\/normas\/instruc\/Aclaracion7mayo2021ReasignacionCurso.pdf\"><span style=\"color: #0000ff;\">ACLARACI\u00d3N de 7 de mayo de 2021<\/span> <\/a>del Servicio de Educaci\u00f3n Permanente de la Direcci\u00f3n General de Ordenaci\u00f3n y Evaluaci\u00f3n Educativa sobre la reasignaci\u00f3n de nivel tras la evaluaci\u00f3n inicial.<\/li>\n<li><a href=\"https:\/\/www.adideandalucia.es\/normas\/RD\/RD1041-2017EnsenanzasIdiomas.pdf\"><span style=\"color: #0000ff;\">REAL DECRETO 1041\/2017<\/span><\/a><span style=\"color: #0000ff;\">, de 22 de diciembre<\/span>, por el que se fijan las exigencias m\u00ednimas del nivel b\u00e1sico a efectos de certificaci\u00f3n, se establece el curr\u00edculo b\u00e1sico de los niveles Intermedio B1, Intermedio B2, Avanzado C1, y Avanzado C2, de las Ense\u00f1anzas de idiomas de r\u00e9gimen especial reguladas por la Ley Org\u00e1nica 2\/2006, de 3 de mayo, de Educaci\u00f3n, y se establecen las equivalencias entre las Ense\u00f1anzas de idiomas de r\u00e9gimen especial reguladas en diversos planes de estudios y las de este real decreto (BOE 22-12-2017).<\/li>\n<li><a href=\"https:\/\/www.adideandalucia.es\/normas\/decretos\/Decreto499-2019EnsenanzasIdiomas.pdf\"><span style=\"color: #0000ff;\">DECRETO 499\/2019<\/span><\/a><span style=\"color: #0000ff;\">, de 26 de junio<\/span>, por el que se establece la ordenaci\u00f3n y el curr\u00edculo de las ense\u00f1anzas de idiomas de r\u00e9gimen especial en la Comunidad Aut\u00f3noma de Andaluc\u00eda (BOJA 02-07-2019).<\/li>\n<li><a href=\"https:\/\/www.adideandalucia.es\/normas\/decretos\/Decreto15_2012ReglamentoOrganicoEOI.pdf\"><span style=\"color: #0000ff;\">DECRETO 15\/2012, de 7 de febrero<\/span><\/a>, por el que se aprueba el Reglamento Org\u00e1nico de las Escuelas Oficiales de Idiomas en la Comunidad Aut\u00f3noma de Andaluc\u00eda (BOJA 20-02-2012).<\/li>\n<li><a href=\"https:\/\/www.adideandalucia.es\/normas\/ordenes\/Orden20abril2012EscolarizacionIdiomas.pdf\"><span style=\"color: #0000ff;\">ORDEN de 20 de abril de 2012<\/span><\/a>, por la que se regulan los criterios y procedimientos de admisi\u00f3n del alumnado en las Escuelas Oficiales de Idiomas de la Comunidad Aut\u00f3noma de Andaluc\u00eda (BOJA 04-05-2012).<\/li>\n<li><a href=\"https:\/\/www.adideandalucia.es\/normas\/ordenes\/Aclaraciones28enero2013AplicacionOrdenEOI.pdf\"><span style=\"color: #0000ff;\">ACLARACIONES de 28 de abril de 2012<\/span>\u00a0<\/a>sobre la aplicaci\u00f3n de la Orden de 20 de abril de 2012, por la que se regulan los criterios y procedimientos de admisi\u00f3n del alumnado en las Escuelas Oficiales de Idiomas de la Comunidad Aut\u00f3noma de Andaluc\u00eda.<\/li>\n<li><span style=\"color: #0000ff;\"><a style=\"color: #0000ff;\" href=\"https:\/\/www.adideandalucia.es\/normas\/ordenes\/Orden31enero2011convalidacionesidiomas.pdf\">ORDEN de 31 de enero de 2011<\/a><\/span>, por la que se regulan convalidaciones entre estudios de educaci\u00f3n secundaria y estudios correspondientes al nivel b\u00e1sico de las ense\u00f1anzas de idiomas de r\u00e9gimen especial, as\u00ed como el reconocimiento de certificados de competencia en idiomas expedidos por otros organismos o instituciones (BOJA 17-02-2011).<\/li>\n<li><span style=\"color: #0000ff;\"><a style=\"color: #0000ff;\" href=\"https:\/\/www.adideandalucia.es\/normas\/decretos\/Decreto359-2011ModalidadADistancia.pdf\">DECRETO 359\/2011<\/a>, de 7 de diciembre,<\/span> por el que se regulan las modalidades semipresencial y a distancia de las ense\u00f1anzas de Formaci\u00f3n Profesional Inicial, de Educaci\u00f3n Permanente de Personas Adultas, especializadas de idiomas y deportivas, se crea el Instituto de Ense\u00f1anzas a Distancia de Andaluc\u00eda y se establece su estructura org\u00e1nica y funcional (BOJA 27-12-2011).<\/li>\n<\/ul>\n<div>\n<h4><strong>1.2. Niveles y cursos<\/strong><\/h4>\n<\/div>\n<div align=\"justify\">\n<table class=\"nicdark_table extrabig nicdark_bg_orange nicdark_radius\" style=\"width: 100%;\">\n<thead class=\"nicdark_border_orange\">\n<tr>\n<td style=\"width: 167px;\">\n<h4><span style=\"color: #ffffff;\"><strong>Nivel<\/strong><\/span><\/h4>\n<\/td>\n<td style=\"width: 351px;\"><span style=\"color: #ffffff;\">Cursos\u00a0<\/span><\/td>\n<\/tr>\n<\/thead>\n<tbody class=\"nicdark_bg_grey nicdark_border_grey\">\n<tr>\n<td style=\"width: 167px;\">\n<h4><strong>B\u00e1sico\u00a0<\/strong><\/h4>\n<\/td>\n<td style=\"width: 351px;\">B\u00e1sico A1<\/p>\n<p>B\u00e1sico A2<\/td>\n<\/tr>\n<tr>\n<td style=\"width: 167px;\">\n<h4><strong>Intermedio B1<\/strong><\/h4>\n<\/td>\n<td style=\"width: 351px;\">\u00a0B1<\/td>\n<\/tr>\n<tr>\n<td style=\"width: 167px;\">\n<h4>Intermedio B2<\/h4>\n<\/td>\n<td style=\"width: 351px;\">Primer curso Nivel Intermedio B2<\/p>\n<p>Segundo curso Nivel Intermedio B2<\/td>\n<\/tr>\n<tr>\n<td style=\"width: 167px;\">\n<h4>Avanzado C1<\/h4>\n<\/td>\n<td style=\"width: 351px;\">Primer curso de Nivel Avanzado C1<\/p>\n<p>Segundo curso de Nivel Avanzado C1<\/td>\n<\/tr>\n<tr>\n<td style=\"width: 167px;\">\n<h4>Avanzado C2<\/h4>\n<\/td>\n<td style=\"width: 351px;\">C2<\/td>\n<\/tr>\n<\/tbody>\n<\/table>\n<\/div>\n<p>[\/vc_column_text][\/vc_column][\/vc_row][vc_row][vc_column][vc_column_text]<\/p>\n<ul>\n<li>Las ense\u00f1anzas de Nivel B\u00e1sico se organizan en dos cursos acad\u00e9micos: A1 y A2. El curr\u00edculo de las ense\u00f1anzas correspondientes al Nivel B\u00e1sico tiene como referencia las competencias propias del nivel A2 del Consejo de Europa, seg\u00fan define este nivel el\u00a0<span style=\"color: #0000ff;\"> <a style=\"color: #0000ff;\" href=\"http:\/\/cvc.cervantes.es\/obref\/marco\/indice.htm\">Marco Com\u00fan Europeo de Referencia para las Lenguas<\/a>.<\/span><\/li>\n<li>Las ense\u00f1anzas de Nivel Intermedio se organizan en un curso acad\u00e9mico B1 y en dos cursos acad\u00e9micos: B2.1 y B2.2. El curr\u00edculo de las ense\u00f1anzas correspondientes al Nivel Intermedio tiene como referencia las competencias propias de los niveles B1 y B2 del Consejo de Europa, seg\u00fan define este nivel el Marco Com\u00fan Europeo de Referencia para las Lenguas.<\/li>\n<li>Las ense\u00f1anzas de Nivel Avanzado C1 se organizar\u00e1n en dos cursos acad\u00e9micos: C1.1. y C1.2. El curr\u00edculo de las ense\u00f1anzas correspondientes al Nivel Avanzado C1 tendr\u00e1 como referencia las competencias propias del nivel C1 del Consejo de Europa, seg\u00fan define este nivel el Marco Com\u00fan Europeo de Referencia para las Lenguas.<\/li>\n<li>Las ense\u00f1anzas del Nivel Avanzado C2 se organizan en un curso acad\u00e9mico: C2 y tiene como referencia las competencias propias del nivel C2 del Consejo de Europa, seg\u00fan define este nivel el Marco Com\u00fan Europeo de Referencia para las Lenguas.<\/li>\n<\/ul>\n<div><\/div>\n<p>[\/vc_column_text][\/vc_column][\/vc_row][vc_row][vc_column][vc_column_text]<\/p>\n<h4><strong>1.3. Equivalencias entre las ense\u00f1anzas<\/strong><\/h4>\n<p>Seg\u00fan lo estipulado en el Real Decreto 1041\/2017 de 22 de diciembre, se establece:<\/p>\n<p>&nbsp;<\/p>\n<table class=\"nicdark_table extrabig nicdark_bg_orange nicdark_radius\" style=\"height: 573px; width: 90.1378%;\">\n<thead class=\"nicdark_border_orange\">\n<tr>\n<td style=\"width: 23.8433%;\"><strong><span style=\"color: #ffffff;\">Antiguo Plan de Estudios Ense\u00f1anzas reguladas por el RD 967\/1988, de 2 de septiembre<\/span><\/strong><\/td>\n<td style=\"width: 19.5999%;\"><strong><span style=\"color: #ffffff;\">Ordenaci\u00f3n Ense\u00f1anzas reguladas por el RD 1629\/2006 de 29 de diciembre<\/span><\/strong><\/td>\n<td style=\"width: 13.8416%;\"><span style=\"color: #ffffff;\"><strong> Orden de 27 de septiembre de 2011 (BOJA 24-10-2011)\u00a0<\/strong><\/span><\/td>\n<td style=\"width: 32.1279%;\">\u00a0<span style=\"background-color: #ffffff;\"><strong>Real Decreto 1041\/2017 de 22 de diciembre<\/strong><\/span><\/td>\n<\/tr>\n<\/thead>\n<tbody class=\"nicdark_bg_grey nicdark_border_grey\">\n<tr>\n<td style=\"width: 23.8433%;\"><strong>Primer curso del Ciclo Elemental Segundo curso del Ciclo Elemental<\/strong><\/td>\n<td style=\"width: 19.5999%;\">Nivel B\u00e1sico A1<\/p>\n<p>Nivel B\u00e1sico A2: Certificado de Nivel B\u00e1sico<\/td>\n<td style=\"width: 13.8416%;\"><\/td>\n<td style=\"width: 32.1279%;\">B\u00e1sico A1: Certificado de Nivel B\u00e1sico A1<\/p>\n<p>B\u00e1sico A2:\u00a0Certificado de Nivel B\u00e1sico A1<\/td>\n<\/tr>\n<tr>\n<td style=\"width: 23.8433%;\"><strong>Tercer curso del Ciclo Elemental: Certificaci\u00f3n acad\u00e9mica del Ciclo Elemental<\/strong><\/td>\n<td style=\"width: 19.5999%;\">Nivel Intermedio (B1): Certificado de Nivel Intermedio.<\/td>\n<td style=\"width: 13.8416%;\"><\/td>\n<td style=\"width: 32.1279%;\">\u00a0Nivel Intermedio B1:\u00a0Certificado de Nivel Intermedio B1.<\/td>\n<\/tr>\n<tr>\n<td style=\"width: 23.8433%;\"><strong>Primer curso del Ciclo Superior Segundo curso del Ciclo Superior: Certificado de Aptitud*<\/strong><\/td>\n<td style=\"width: 19.5999%;\">Primero de Nivel Avanzado (B2)<\/p>\n<p>Segundo de Nivel Avanzado (B2):<\/p>\n<p>Certificado de Nivel Avanzado*<\/td>\n<td style=\"width: 13.8416%;\"><\/td>\n<td style=\"width: 32.1279%;\">Primer curso Nivel Intermedio B2<\/p>\n<p>Segundo curso Nivel Intermedio B2:\u00a0Certificado de Nivel Intermedio B2.<\/td>\n<\/tr>\n<tr>\n<td style=\"width: 23.8433%;\"><\/td>\n<td style=\"width: 19.5999%;\"><\/td>\n<td style=\"width: 13.8416%;\">Nivel C1<\/p>\n<p>Certificado de Nivel C1<\/td>\n<td style=\"width: 32.1279%;\">Primer curso de Nivel Avanzado C1<\/p>\n<p>Segundo curso de Nivel Avanzado C1: Certificado de Nivel Avanzado C1<\/td>\n<\/tr>\n<tr>\n<td style=\"width: 23.8433%;\"><\/td>\n<td style=\"width: 19.5999%;\"><\/td>\n<td style=\"width: 13.8416%;\">Nivel C2<\/p>\n<p>Certificado de Nivel C2<\/td>\n<td style=\"width: 32.1279%;\">Nivel Avanzado C2<\/p>\n<p>Certificado de Nivel Avanzado C2<\/td>\n<\/tr>\n<\/tbody>\n<\/table>\n<p>&nbsp;<\/p>\n<p>[\/vc_column_text][\/vc_column][\/vc_row][vc_row][vc_column][vc_column_text]* El Certificado de Aptitud y el de Nivel Avanzado ser\u00e1n equivalentes a efectos acad\u00e9micos.<\/p>\n<h3><strong>2. Organizaci\u00f3n de las ense\u00f1anzas<\/strong><\/h3>\n<h4><strong>2.1. Cursos presenciales de duraci\u00f3n normal<\/strong><\/h4>\n<p>La duraci\u00f3n del horario lectivo de cada uno de los cursos en el r\u00e9gimen de ense\u00f1anza oficial, modalidad presencial, es de cuatro horas y treinta minutos semanales que podr\u00e1n repartirse de varias formas:<\/p>\n<p>-Clases alternas: Dos horas y cuarto cada lunes y mi\u00e9rcoles o martes y jueves.<\/p>\n<p>-Clases diarias: Dos horas diarias de lunes a jueves en los cursos cuatrimestrales de Espa\u00f1ol Lengua Extranjera.\u00a0 En las ense\u00f1anzas de \u00c1rabe, Chino, Griego Moderno, Japon\u00e9s y Ruso en los niveles b\u00e1sico e intermedio el horario semanal es m\u00e1s intensivo -consulten las p\u00e1ginas de los departamentos correspondientes-.<\/p>\n<h4><strong>2.2. Cursos presenciales de duraci\u00f3n cuatrimestral<\/strong><\/h4>\n<p>Las ense\u00f1anzas de Espa\u00f1ol Lengua Extranjera se organizan en cursos cuatrimestrales con un horario semanal de ocho horas, dos horas diarias de lunes a jueves.<\/p>\n<h4><strong>2.3. Cursos semipresenciales<\/strong><\/h4>\n<p style=\"text-align: justify;\">La modalidad semipresencial consta de dos partes que la diferencian de la presencial:<\/p>\n<p style=\"text-align: justify;\">a) Una parte presencial que se realiza en la EOI M\u00e1laga. La asistencia a clase (una sesi\u00f3n semanal) es obligatoria y las calificaciones obtenidas en la asistencia presencial forman parte proporcional de la calificaci\u00f3n final que se obtenga.<\/p>\n<p style=\"text-align: justify;\">b) Una parte telem\u00e1tica que se realizar\u00e1 a trav\u00e9s de internet y que constituye la mayor parte del rendimiento para superar las destrezas. Para esta parte es imprescindible disponer de tel\u00e9fono m\u00f3vil y una cuenta de correo electr\u00f3nico, y recomendable utilizar ordenador\/tablet.<\/p>\n<h4><strong>2.4. Cursos CAPE\/monogr\u00e1ficos<\/strong><\/h4>\n<p style=\"text-align: justify;\">A partir del curso 2020\/21 la EOI M\u00e1laga ofrece cursos de actualizaci\u00f3n, perfeccionamiento y especializaci\u00f3n de competencias en idiomas.<\/p>\n<p style=\"text-align: justify;\">Se trata de cursos con certificado de aprovechamiento impartidos por profesorado de ingl\u00e9s y franc\u00e9s\u00a0 destinados a diferentes sectores laborales, a la recuperaci\u00f3n o refuerzo de competencias comunicativas, o a la preparaci\u00f3n para pruebas de certificaci\u00f3n. Los horarios son alternos, es decir, dos d\u00edas por semana, dos horas y cuarto por sesi\u00f3n.<\/p>\n<h4><strong>2.5. Asistencia y p\u00e9rdida de escolaridad<\/strong><\/h4>\n<p style=\"text-align: justify;\">La EOI M\u00e1laga estima que la falta injustificada y reiterada a clase entorpece y ralentiza el proceso de ense\u00f1anza-aprendizaje, dificulta la evaluaci\u00f3n formativa del alumnado que incurre en estas faltas y por \u00faltimo genera una situaci\u00f3n injusta respecto a los solicitantes que se han quedado sin plaza en nuestro centro en el proceso de admisi\u00f3n. Para afrontar esta situaci\u00f3n se ha determinado, a propuesta del claustro de profesores y con la aprobaci\u00f3n del Consejo Escolar, que las faltas injustificadas de m\u00e1s del 30% se podr\u00e1n sancionar si as\u00ed lo decide un tutor, previo acuerdo con su departamento. En el c\u00f3mputo se tomar\u00e1 como referencia cada 10 sesiones (aproximadamente las que contiene un mes), de las cuales no se deber\u00e1 faltar a m\u00e1s de 3 sin justificaci\u00f3n. Para hacer efectiva la sanci\u00f3n, debe haberse reiterado la falta injustificada de asistencia durante al menos un trimestre. La sanci\u00f3n puede consistir en ese caso en la p\u00e9rdida de escolaridad, como queda reflejado en el art\u00edculo 38 del Decreto 15\/2012 de 7 de Febrero.<\/p>\n<h3><span style=\"color: #ff6600; font-size: 14pt;\"><strong>3. Plan de centro 2025-26<\/strong><\/span><\/h3>\n<p><strong><span style=\"color: #ff6600;\">3.1. Proyecto educativo<\/span><\/strong><\/p>\n<p><a href=\"https:\/\/www.eoimalaga.com\/web\/wp-content\/uploads\/2016\/10\/PROYECTO-EDUCATIVO-25-26-VERSION-DEFINITIVA-1.pdf\" target=\"_blank\" rel=\"noopener\">Descargar<\/a><\/p>\n<h4><span style=\"color: #000000;\">3.1.1. Anexo 1 \u00a0(orden de curr\u00edculo y decreto)<\/span><\/h4>\n<p>Descargar (<a href=\"http:\/\/www.eoimalaga.com\/web\/wp-content\/uploads\/2016\/10\/BOJA19-145-orden-curriculo.pdf\" target=\"_blank\" rel=\"noopener noreferrer\">curr\u00edculo<\/a>)<\/p>\n<p>Descargar\u00a0 (<a href=\"http:\/\/www.eoimalaga.com\/web\/wp-content\/uploads\/2016\/10\/Decreto-4992019-de-26-de-junio.pdf\" target=\"_blank\" rel=\"noopener noreferrer\">decreto<\/a>)<\/p>\n<h3><span style=\"color: #ff6600;\"><strong>3.2. Reglamento de Organizaci\u00f3n y Funcionamiento \u00a0curso 2025-26.<\/strong><\/span><\/h3>\n<p><a href=\"https:\/\/www.eoimalaga.com\/web\/wp-content\/uploads\/2016\/10\/ROF-25-26-VERSION-DEFINITVA-.pdf\" target=\"_blank\" rel=\"noopener\">Descargar<\/a><\/p>\n<h3><span style=\"color: #ff6600;\"><strong>3.3. Proyecto de gesti\u00f3n 2025-26.<\/strong><\/span><\/h3>\n<p><a href=\"https:\/\/www.eoimalaga.com\/web\/normativa\/proyecto-de-gestion-2025-26-version-definitiva\/\" target=\"_blank\" rel=\"noopener\">Descargar<\/a><\/p>\n<p>[\/vc_column_text][\/vc_column][\/vc_row]<\/p>\n<p>.<\/p>\n<p>&nbsp;<\/p>\n<\/div>","protected":false},"excerpt":{"rendered":"<p>[vc_row][vc_column][vc_column_text] 1. Ordenaci\u00f3n de las ense\u00f1anzas 1.1. Legislaci\u00f3n RESOLUCI\u00d3N de 3 de marzo de 2026, de la Direcci\u00f3n General de Ordenaci\u00f3n y Evaluaci\u00f3n Educativa, por la que se convocan las pruebas de certificaci\u00f3n INSTRUCCI\u00d3N de 30 de abril, de la direcci\u00f3n general de ordenaci\u00f3n y evaluaci\u00f3n educativa, sobre el proceso de escolarizaci\u00f3n en las ense\u00f1anzas [&hellip;]<\/p>\n","protected":false},"author":11,"featured_media":0,"comment_status":"closed","ping_status":"closed","sticky":false,"template":"","format":"standard","meta":{"inline_featured_image":false,"footnotes":""},"categories":[43],"tags":[],"class_list":["post-4584","post","type-post","status-publish","format-standard","hentry","category-nuestra-escuela"],"yoast_head":"<!-- This site is optimized with the Yoast SEO plugin v26.5 - https:\/\/yoast.com\/wordpress\/plugins\/seo\/ -->\n<title>Normativa - P\u00e1gina Oficial de la EOI de M\u00e1laga ::Los idiomas ponen el mundo a tus pies::<\/title>\n<meta name=\"robots\" content=\"index, follow, max-snippet:-1, max-image-preview:large, max-video-preview:-1\" \/>\n<link rel=\"canonical\" href=\"https:\/\/www.eoimalaga.com\/web\/normativa\/\" \/>\n<meta property=\"og:locale\" content=\"es_ES\" \/>\n<meta property=\"og:type\" content=\"article\" \/>\n<meta property=\"og:title\" content=\"Normativa - P\u00e1gina Oficial de la EOI de M\u00e1laga ::Los idiomas ponen el mundo a tus pies::\" \/>\n<meta property=\"og:description\" content=\"[vc_row][vc_column][vc_column_text] 1. Ordenaci\u00f3n de las ense\u00f1anzas 1.1. Legislaci\u00f3n RESOLUCI\u00d3N de 3 de marzo de 2026, de la Direcci\u00f3n General de Ordenaci\u00f3n y Evaluaci\u00f3n Educativa, por la que se convocan las pruebas de certificaci\u00f3n INSTRUCCI\u00d3N de 30 de abril, de la direcci\u00f3n general de ordenaci\u00f3n y evaluaci\u00f3n educativa, sobre el proceso de escolarizaci\u00f3n en las ense\u00f1anzas [&hellip;]\" \/>\n<meta property=\"og:url\" content=\"https:\/\/www.eoimalaga.com\/web\/normativa\/\" \/>\n<meta property=\"og:site_name\" content=\"P\u00e1gina Oficial de la EOI de M\u00e1laga ::Los idiomas ponen el mundo a tus pies::\" \/>\n<meta property=\"article:published_time\" content=\"2016-10-01T18:07:12+00:00\" \/>\n<meta property=\"article:modified_time\" content=\"2026-03-09T11:03:30+00:00\" \/>\n<meta name=\"author\" content=\"EOI M\u00c1LAGA Administrador\" \/>\n<meta name=\"twitter:card\" content=\"summary_large_image\" \/>\n<meta name=\"twitter:label1\" content=\"Escrito por\" \/>\n\t<meta name=\"twitter:data1\" content=\"EOI M\u00c1LAGA Administrador\" \/>\n\t<meta name=\"twitter:label2\" content=\"Tiempo de lectura\" \/>\n\t<meta name=\"twitter:data2\" content=\"8 minutos\" \/>\n<script type=\"application\/ld+json\" class=\"yoast-schema-graph\">{\"@context\":\"https:\/\/schema.org\",\"@graph\":[{\"@type\":\"WebPage\",\"@id\":\"https:\/\/www.eoimalaga.com\/web\/normativa\/\",\"url\":\"https:\/\/www.eoimalaga.com\/web\/normativa\/\",\"name\":\"Normativa - P\u00e1gina Oficial de la EOI de M\u00e1laga ::Los idiomas ponen el mundo a tus pies::\",\"isPartOf\":{\"@id\":\"https:\/\/www.eoimalaga.com\/web\/#website\"},\"datePublished\":\"2016-10-01T18:07:12+00:00\",\"dateModified\":\"2026-03-09T11:03:30+00:00\",\"author\":{\"@id\":\"https:\/\/www.eoimalaga.com\/web\/#\/schema\/person\/483a208f0e10cd78530958def551671a\"},\"breadcrumb\":{\"@id\":\"https:\/\/www.eoimalaga.com\/web\/normativa\/#breadcrumb\"},\"inLanguage\":\"es\",\"potentialAction\":[{\"@type\":\"ReadAction\",\"target\":[\"https:\/\/www.eoimalaga.com\/web\/normativa\/\"]}]},{\"@type\":\"BreadcrumbList\",\"@id\":\"https:\/\/www.eoimalaga.com\/web\/normativa\/#breadcrumb\",\"itemListElement\":[{\"@type\":\"ListItem\",\"position\":1,\"name\":\"Home\",\"item\":\"https:\/\/www.eoimalaga.com\/web\/\"},{\"@type\":\"ListItem\",\"position\":2,\"name\":\"Normativa\"}]},{\"@type\":\"WebSite\",\"@id\":\"https:\/\/www.eoimalaga.com\/web\/#website\",\"url\":\"https:\/\/www.eoimalaga.com\/web\/\",\"name\":\"P\u00e1gina Oficial de la EOI de M\u00e1laga ::Los idiomas ponen el mundo a tus pies::\",\"description\":\"EOI M\u00e1laga\",\"potentialAction\":[{\"@type\":\"SearchAction\",\"target\":{\"@type\":\"EntryPoint\",\"urlTemplate\":\"https:\/\/www.eoimalaga.com\/web\/?s={search_term_string}\"},\"query-input\":{\"@type\":\"PropertyValueSpecification\",\"valueRequired\":true,\"valueName\":\"search_term_string\"}}],\"inLanguage\":\"es\"},{\"@type\":\"Person\",\"@id\":\"https:\/\/www.eoimalaga.com\/web\/#\/schema\/person\/483a208f0e10cd78530958def551671a\",\"name\":\"EOI M\u00c1LAGA Administrador\",\"image\":{\"@type\":\"ImageObject\",\"inLanguage\":\"es\",\"@id\":\"https:\/\/www.eoimalaga.com\/web\/#\/schema\/person\/image\/\",\"url\":\"https:\/\/secure.gravatar.com\/avatar\/12a8fdf8dfb5204a705bbb21e6e60d6b?s=96&d=mm&r=g\",\"contentUrl\":\"https:\/\/secure.gravatar.com\/avatar\/12a8fdf8dfb5204a705bbb21e6e60d6b?s=96&d=mm&r=g\",\"caption\":\"EOI M\u00c1LAGA Administrador\"},\"url\":\"https:\/\/www.eoimalaga.com\/web\/author\/eoi-17953-admin_4726839745693298\/\"}]}<\/script>\n<!-- \/ Yoast SEO plugin. -->","yoast_head_json":{"title":"Normativa - P\u00e1gina Oficial de la EOI de M\u00e1laga ::Los idiomas ponen el mundo a tus pies::","robots":{"index":"index","follow":"follow","max-snippet":"max-snippet:-1","max-image-preview":"max-image-preview:large","max-video-preview":"max-video-preview:-1"},"canonical":"https:\/\/www.eoimalaga.com\/web\/normativa\/","og_locale":"es_ES","og_type":"article","og_title":"Normativa - P\u00e1gina Oficial de la EOI de M\u00e1laga ::Los idiomas ponen el mundo a tus pies::","og_description":"[vc_row][vc_column][vc_column_text] 1. Ordenaci\u00f3n de las ense\u00f1anzas 1.1. Legislaci\u00f3n RESOLUCI\u00d3N de 3 de marzo de 2026, de la Direcci\u00f3n General de Ordenaci\u00f3n y Evaluaci\u00f3n Educativa, por la que se convocan las pruebas de certificaci\u00f3n INSTRUCCI\u00d3N de 30 de abril, de la direcci\u00f3n general de ordenaci\u00f3n y evaluaci\u00f3n educativa, sobre el proceso de escolarizaci\u00f3n en las ense\u00f1anzas [&hellip;]","og_url":"https:\/\/www.eoimalaga.com\/web\/normativa\/","og_site_name":"P\u00e1gina Oficial de la EOI de M\u00e1laga ::Los idiomas ponen el mundo a tus pies::","article_published_time":"2016-10-01T18:07:12+00:00","article_modified_time":"2026-03-09T11:03:30+00:00","author":"EOI M\u00c1LAGA Administrador","twitter_card":"summary_large_image","twitter_misc":{"Escrito por":"EOI M\u00c1LAGA Administrador","Tiempo de lectura":"8 minutos"},"schema":{"@context":"https:\/\/schema.org","@graph":[{"@type":"WebPage","@id":"https:\/\/www.eoimalaga.com\/web\/normativa\/","url":"https:\/\/www.eoimalaga.com\/web\/normativa\/","name":"Normativa - P\u00e1gina Oficial de la EOI de M\u00e1laga ::Los idiomas ponen el mundo a tus pies::","isPartOf":{"@id":"https:\/\/www.eoimalaga.com\/web\/#website"},"datePublished":"2016-10-01T18:07:12+00:00","dateModified":"2026-03-09T11:03:30+00:00","author":{"@id":"https:\/\/www.eoimalaga.com\/web\/#\/schema\/person\/483a208f0e10cd78530958def551671a"},"breadcrumb":{"@id":"https:\/\/www.eoimalaga.com\/web\/normativa\/#breadcrumb"},"inLanguage":"es","potentialAction":[{"@type":"ReadAction","target":["https:\/\/www.eoimalaga.com\/web\/normativa\/"]}]},{"@type":"BreadcrumbList","@id":"https:\/\/www.eoimalaga.com\/web\/normativa\/#breadcrumb","itemListElement":[{"@type":"ListItem","position":1,"name":"Home","item":"https:\/\/www.eoimalaga.com\/web\/"},{"@type":"ListItem","position":2,"name":"Normativa"}]},{"@type":"WebSite","@id":"https:\/\/www.eoimalaga.com\/web\/#website","url":"https:\/\/www.eoimalaga.com\/web\/","name":"P\u00e1gina Oficial de la EOI de M\u00e1laga ::Los idiomas ponen el mundo a tus pies::","description":"EOI M\u00e1laga","potentialAction":[{"@type":"SearchAction","target":{"@type":"EntryPoint","urlTemplate":"https:\/\/www.eoimalaga.com\/web\/?s={search_term_string}"},"query-input":{"@type":"PropertyValueSpecification","valueRequired":true,"valueName":"search_term_string"}}],"inLanguage":"es"},{"@type":"Person","@id":"https:\/\/www.eoimalaga.com\/web\/#\/schema\/person\/483a208f0e10cd78530958def551671a","name":"EOI M\u00c1LAGA Administrador","image":{"@type":"ImageObject","inLanguage":"es","@id":"https:\/\/www.eoimalaga.com\/web\/#\/schema\/person\/image\/","url":"https:\/\/secure.gravatar.com\/avatar\/12a8fdf8dfb5204a705bbb21e6e60d6b?s=96&d=mm&r=g","contentUrl":"https:\/\/secure.gravatar.com\/avatar\/12a8fdf8dfb5204a705bbb21e6e60d6b?s=96&d=mm&r=g","caption":"EOI M\u00c1LAGA Administrador"},"url":"https:\/\/www.eoimalaga.com\/web\/author\/eoi-17953-admin_4726839745693298\/"}]}},"_links":{"self":[{"href":"https:\/\/www.eoimalaga.com\/web\/wp-json\/wp\/v2\/posts\/4584","targetHints":{"allow":["GET"]}}],"collection":[{"href":"https:\/\/www.eoimalaga.com\/web\/wp-json\/wp\/v2\/posts"}],"about":[{"href":"https:\/\/www.eoimalaga.com\/web\/wp-json\/wp\/v2\/types\/post"}],"author":[{"embeddable":true,"href":"https:\/\/www.eoimalaga.com\/web\/wp-json\/wp\/v2\/users\/11"}],"replies":[{"embeddable":true,"href":"https:\/\/www.eoimalaga.com\/web\/wp-json\/wp\/v2\/comments?post=4584"}],"version-history":[{"count":188,"href":"https:\/\/www.eoimalaga.com\/web\/wp-json\/wp\/v2\/posts\/4584\/revisions"}],"predecessor-version":[{"id":22969,"href":"https:\/\/www.eoimalaga.com\/web\/wp-json\/wp\/v2\/posts\/4584\/revisions\/22969"}],"wp:attachment":[{"href":"https:\/\/www.eoimalaga.com\/web\/wp-json\/wp\/v2\/media?parent=4584"}],"wp:term":[{"taxonomy":"category","embeddable":true,"href":"https:\/\/www.eoimalaga.com\/web\/wp-json\/wp\/v2\/categories?post=4584"},{"taxonomy":"post_tag","embeddable":true,"href":"https:\/\/www.eoimalaga.com\/web\/wp-json\/wp\/v2\/tags?post=4584"}],"curies":[{"name":"wp","href":"https:\/\/api.w.org\/{rel}","templated":true}]}}