{"id":2597,"date":"2014-04-28T19:25:21","date_gmt":"2014-04-28T19:25:21","guid":{"rendered":"http:\/\/www.eoimalaga.com\/web\/?p=2597"},"modified":"2026-03-11T11:38:16","modified_gmt":"2026-03-11T09:38:16","slug":"ensenanza-libre","status":"publish","type":"post","link":"https:\/\/www.eoimalaga.com\/web\/ensenanza-libre\/","title":{"rendered":"Ense\u00f1anza libre"},"content":{"rendered":"<p style=\"text-align: justify;\">Los alumnos de esta modalidad tienen \u00fanicamente derecho a examen en las convocatorias ordinaria (fines de mayo\/primeros de junio) y extraordinaria (septiembre). Durante el curso acad\u00e9mico se organizar\u00e1n pruebas de certificaci\u00f3n para la obtenci\u00f3n del Certificado de nivel B\u00e1sico A2, de los niveles Intermedio B1 e Intermedio B2, del Nivel Avanzado C1 (alem\u00e1n, franc\u00e9s, espa\u00f1ol, ingl\u00e9s e italiano) y del Nivel C2 (ingl\u00e9s).<\/p>\n<p style=\"text-align: justify;\">En el mismo curso escolar los alumnos libres no podr\u00e1n matricularse de m\u00e1s de un nivel del mismo idioma, pero podr\u00e1n matricularse en el nivel que estimen oportuno sin acreditar haber superado ninguno de los niveles inferiores. Tambi\u00e9n pueden matricularse de m\u00e1s de un idioma. Asimismo, un alumno matriculado en el r\u00e9gimen de ense\u00f1anza presencial en un idioma no podr\u00e1 matricularse en la modalidad libre de ese mismo idioma.<\/p>\n<p>Para optar a la matr\u00edcula en r\u00e9gimen de ense\u00f1anza libre es requisito haber cumplido diecis\u00e9is a\u00f1os a 31 de diciembre del a\u00f1o en el que se inicia el curso escolar. Para idiomas distintos al cursado como primera lengua en la ESO, se permite a partir de los 14 a\u00f1os cumplidos a dicha fecha.<\/p>\n<p style=\"text-align: justify;\">La matr\u00edcula libre suele tener lugar en la primera quincena del mes de abril de cada curso escolar. Se aconseja consultar la p\u00e1gina web para confirmar la fecha exacta. Las tasas son las mismas que las de la ense\u00f1anza oficial.<\/p>\n<p>Inf\u00f3rmese sobre las Pruebas de Certificaci\u00f3n <span style=\"text-decoration: underline;\"><span style=\"color: #0000ff; text-decoration: underline;\"><a style=\"color: #0000ff; text-decoration: underline;\" href=\"https:\/\/www.eoimalaga.com\/web\/pruebas-especificas-de-certificacion\/\" target=\"_blank\" rel=\"noopener\">aqu\u00ed<\/a><\/span><\/span>.<\/p>\n","protected":false},"excerpt":{"rendered":"<p>Los alumnos de esta modalidad tienen \u00fanicamente derecho a examen en las convocatorias ordinaria (fines de mayo\/primeros de junio) y extraordinaria (septiembre). Durante el curso acad\u00e9mico se organizar\u00e1n pruebas de certificaci\u00f3n para la obtenci\u00f3n del Certificado de nivel B\u00e1sico A2, de los niveles Intermedio B1 e Intermedio B2, del Nivel Avanzado C1 (alem\u00e1n, franc\u00e9s, espa\u00f1ol, [&hellip;]<\/p>\n","protected":false},"author":11,"featured_media":0,"comment_status":"closed","ping_status":"closed","sticky":false,"template":"","format":"standard","meta":{"inline_featured_image":false,"footnotes":""},"categories":[43,13],"tags":[102],"class_list":["post-2597","post","type-post","status-publish","format-standard","hentry","category-nuestra-escuela","category-subpaginas","tag-libre"],"yoast_head":"<!-- This site is optimized with the Yoast SEO plugin v26.5 - https:\/\/yoast.com\/wordpress\/plugins\/seo\/ -->\n<title>Ense\u00f1anza libre - P\u00e1gina Oficial de la EOI de M\u00e1laga ::Los idiomas ponen el mundo a tus pies::<\/title>\n<meta name=\"robots\" content=\"index, follow, max-snippet:-1, max-image-preview:large, max-video-preview:-1\" \/>\n<link rel=\"canonical\" href=\"https:\/\/www.eoimalaga.com\/web\/ensenanza-libre\/\" \/>\n<meta property=\"og:locale\" content=\"es_ES\" \/>\n<meta property=\"og:type\" content=\"article\" \/>\n<meta property=\"og:title\" content=\"Ense\u00f1anza libre - P\u00e1gina Oficial de la EOI de M\u00e1laga ::Los idiomas ponen el mundo a tus pies::\" \/>\n<meta property=\"og:description\" content=\"Los alumnos de esta modalidad tienen \u00fanicamente derecho a examen en las convocatorias ordinaria (fines de mayo\/primeros de junio) y extraordinaria (septiembre). Durante el curso acad\u00e9mico se organizar\u00e1n pruebas de certificaci\u00f3n para la obtenci\u00f3n del Certificado de nivel B\u00e1sico A2, de los niveles Intermedio B1 e Intermedio B2, del Nivel Avanzado C1 (alem\u00e1n, franc\u00e9s, espa\u00f1ol, [&hellip;]\" \/>\n<meta property=\"og:url\" content=\"https:\/\/www.eoimalaga.com\/web\/ensenanza-libre\/\" \/>\n<meta property=\"og:site_name\" content=\"P\u00e1gina Oficial de la EOI de M\u00e1laga ::Los idiomas ponen el mundo a tus pies::\" \/>\n<meta property=\"article:published_time\" content=\"2014-04-28T19:25:21+00:00\" \/>\n<meta property=\"article:modified_time\" content=\"2026-03-11T09:38:16+00:00\" \/>\n<meta name=\"author\" content=\"EOI M\u00c1LAGA Administrador\" \/>\n<meta name=\"twitter:card\" content=\"summary_large_image\" \/>\n<meta name=\"twitter:label1\" content=\"Escrito por\" \/>\n\t<meta name=\"twitter:data1\" content=\"EOI M\u00c1LAGA Administrador\" \/>\n\t<meta name=\"twitter:label2\" content=\"Tiempo de lectura\" \/>\n\t<meta name=\"twitter:data2\" content=\"2 minutos\" \/>\n<script type=\"application\/ld+json\" class=\"yoast-schema-graph\">{\"@context\":\"https:\/\/schema.org\",\"@graph\":[{\"@type\":\"WebPage\",\"@id\":\"https:\/\/www.eoimalaga.com\/web\/ensenanza-libre\/\",\"url\":\"https:\/\/www.eoimalaga.com\/web\/ensenanza-libre\/\",\"name\":\"Ense\u00f1anza libre - P\u00e1gina Oficial de la EOI de M\u00e1laga ::Los idiomas ponen el mundo a tus pies::\",\"isPartOf\":{\"@id\":\"https:\/\/www.eoimalaga.com\/web\/#website\"},\"datePublished\":\"2014-04-28T19:25:21+00:00\",\"dateModified\":\"2026-03-11T09:38:16+00:00\",\"author\":{\"@id\":\"https:\/\/www.eoimalaga.com\/web\/#\/schema\/person\/483a208f0e10cd78530958def551671a\"},\"breadcrumb\":{\"@id\":\"https:\/\/www.eoimalaga.com\/web\/ensenanza-libre\/#breadcrumb\"},\"inLanguage\":\"es\",\"potentialAction\":[{\"@type\":\"ReadAction\",\"target\":[\"https:\/\/www.eoimalaga.com\/web\/ensenanza-libre\/\"]}]},{\"@type\":\"BreadcrumbList\",\"@id\":\"https:\/\/www.eoimalaga.com\/web\/ensenanza-libre\/#breadcrumb\",\"itemListElement\":[{\"@type\":\"ListItem\",\"position\":1,\"name\":\"Home\",\"item\":\"https:\/\/www.eoimalaga.com\/web\/\"},{\"@type\":\"ListItem\",\"position\":2,\"name\":\"Ense\u00f1anza libre\"}]},{\"@type\":\"WebSite\",\"@id\":\"https:\/\/www.eoimalaga.com\/web\/#website\",\"url\":\"https:\/\/www.eoimalaga.com\/web\/\",\"name\":\"P\u00e1gina Oficial de la EOI de M\u00e1laga ::Los idiomas ponen el mundo a tus pies::\",\"description\":\"EOI M\u00e1laga\",\"potentialAction\":[{\"@type\":\"SearchAction\",\"target\":{\"@type\":\"EntryPoint\",\"urlTemplate\":\"https:\/\/www.eoimalaga.com\/web\/?s={search_term_string}\"},\"query-input\":{\"@type\":\"PropertyValueSpecification\",\"valueRequired\":true,\"valueName\":\"search_term_string\"}}],\"inLanguage\":\"es\"},{\"@type\":\"Person\",\"@id\":\"https:\/\/www.eoimalaga.com\/web\/#\/schema\/person\/483a208f0e10cd78530958def551671a\",\"name\":\"EOI M\u00c1LAGA Administrador\",\"image\":{\"@type\":\"ImageObject\",\"inLanguage\":\"es\",\"@id\":\"https:\/\/www.eoimalaga.com\/web\/#\/schema\/person\/image\/\",\"url\":\"https:\/\/secure.gravatar.com\/avatar\/12a8fdf8dfb5204a705bbb21e6e60d6b?s=96&d=mm&r=g\",\"contentUrl\":\"https:\/\/secure.gravatar.com\/avatar\/12a8fdf8dfb5204a705bbb21e6e60d6b?s=96&d=mm&r=g\",\"caption\":\"EOI M\u00c1LAGA Administrador\"},\"url\":\"https:\/\/www.eoimalaga.com\/web\/author\/eoi-17953-admin_4726839745693298\/\"}]}<\/script>\n<!-- \/ Yoast SEO plugin. -->","yoast_head_json":{"title":"Ense\u00f1anza libre - P\u00e1gina Oficial de la EOI de M\u00e1laga ::Los idiomas ponen el mundo a tus pies::","robots":{"index":"index","follow":"follow","max-snippet":"max-snippet:-1","max-image-preview":"max-image-preview:large","max-video-preview":"max-video-preview:-1"},"canonical":"https:\/\/www.eoimalaga.com\/web\/ensenanza-libre\/","og_locale":"es_ES","og_type":"article","og_title":"Ense\u00f1anza libre - P\u00e1gina Oficial de la EOI de M\u00e1laga ::Los idiomas ponen el mundo a tus pies::","og_description":"Los alumnos de esta modalidad tienen \u00fanicamente derecho a examen en las convocatorias ordinaria (fines de mayo\/primeros de junio) y extraordinaria (septiembre). Durante el curso acad\u00e9mico se organizar\u00e1n pruebas de certificaci\u00f3n para la obtenci\u00f3n del Certificado de nivel B\u00e1sico A2, de los niveles Intermedio B1 e Intermedio B2, del Nivel Avanzado C1 (alem\u00e1n, franc\u00e9s, espa\u00f1ol, [&hellip;]","og_url":"https:\/\/www.eoimalaga.com\/web\/ensenanza-libre\/","og_site_name":"P\u00e1gina Oficial de la EOI de M\u00e1laga ::Los idiomas ponen el mundo a tus pies::","article_published_time":"2014-04-28T19:25:21+00:00","article_modified_time":"2026-03-11T09:38:16+00:00","author":"EOI M\u00c1LAGA Administrador","twitter_card":"summary_large_image","twitter_misc":{"Escrito por":"EOI M\u00c1LAGA Administrador","Tiempo de lectura":"2 minutos"},"schema":{"@context":"https:\/\/schema.org","@graph":[{"@type":"WebPage","@id":"https:\/\/www.eoimalaga.com\/web\/ensenanza-libre\/","url":"https:\/\/www.eoimalaga.com\/web\/ensenanza-libre\/","name":"Ense\u00f1anza libre - P\u00e1gina Oficial de la EOI de M\u00e1laga ::Los idiomas ponen el mundo a tus pies::","isPartOf":{"@id":"https:\/\/www.eoimalaga.com\/web\/#website"},"datePublished":"2014-04-28T19:25:21+00:00","dateModified":"2026-03-11T09:38:16+00:00","author":{"@id":"https:\/\/www.eoimalaga.com\/web\/#\/schema\/person\/483a208f0e10cd78530958def551671a"},"breadcrumb":{"@id":"https:\/\/www.eoimalaga.com\/web\/ensenanza-libre\/#breadcrumb"},"inLanguage":"es","potentialAction":[{"@type":"ReadAction","target":["https:\/\/www.eoimalaga.com\/web\/ensenanza-libre\/"]}]},{"@type":"BreadcrumbList","@id":"https:\/\/www.eoimalaga.com\/web\/ensenanza-libre\/#breadcrumb","itemListElement":[{"@type":"ListItem","position":1,"name":"Home","item":"https:\/\/www.eoimalaga.com\/web\/"},{"@type":"ListItem","position":2,"name":"Ense\u00f1anza libre"}]},{"@type":"WebSite","@id":"https:\/\/www.eoimalaga.com\/web\/#website","url":"https:\/\/www.eoimalaga.com\/web\/","name":"P\u00e1gina Oficial de la EOI de M\u00e1laga ::Los idiomas ponen el mundo a tus pies::","description":"EOI M\u00e1laga","potentialAction":[{"@type":"SearchAction","target":{"@type":"EntryPoint","urlTemplate":"https:\/\/www.eoimalaga.com\/web\/?s={search_term_string}"},"query-input":{"@type":"PropertyValueSpecification","valueRequired":true,"valueName":"search_term_string"}}],"inLanguage":"es"},{"@type":"Person","@id":"https:\/\/www.eoimalaga.com\/web\/#\/schema\/person\/483a208f0e10cd78530958def551671a","name":"EOI M\u00c1LAGA Administrador","image":{"@type":"ImageObject","inLanguage":"es","@id":"https:\/\/www.eoimalaga.com\/web\/#\/schema\/person\/image\/","url":"https:\/\/secure.gravatar.com\/avatar\/12a8fdf8dfb5204a705bbb21e6e60d6b?s=96&d=mm&r=g","contentUrl":"https:\/\/secure.gravatar.com\/avatar\/12a8fdf8dfb5204a705bbb21e6e60d6b?s=96&d=mm&r=g","caption":"EOI M\u00c1LAGA Administrador"},"url":"https:\/\/www.eoimalaga.com\/web\/author\/eoi-17953-admin_4726839745693298\/"}]}},"_links":{"self":[{"href":"https:\/\/www.eoimalaga.com\/web\/wp-json\/wp\/v2\/posts\/2597","targetHints":{"allow":["GET"]}}],"collection":[{"href":"https:\/\/www.eoimalaga.com\/web\/wp-json\/wp\/v2\/posts"}],"about":[{"href":"https:\/\/www.eoimalaga.com\/web\/wp-json\/wp\/v2\/types\/post"}],"author":[{"embeddable":true,"href":"https:\/\/www.eoimalaga.com\/web\/wp-json\/wp\/v2\/users\/11"}],"replies":[{"embeddable":true,"href":"https:\/\/www.eoimalaga.com\/web\/wp-json\/wp\/v2\/comments?post=2597"}],"version-history":[{"count":25,"href":"https:\/\/www.eoimalaga.com\/web\/wp-json\/wp\/v2\/posts\/2597\/revisions"}],"predecessor-version":[{"id":22995,"href":"https:\/\/www.eoimalaga.com\/web\/wp-json\/wp\/v2\/posts\/2597\/revisions\/22995"}],"wp:attachment":[{"href":"https:\/\/www.eoimalaga.com\/web\/wp-json\/wp\/v2\/media?parent=2597"}],"wp:term":[{"taxonomy":"category","embeddable":true,"href":"https:\/\/www.eoimalaga.com\/web\/wp-json\/wp\/v2\/categories?post=2597"},{"taxonomy":"post_tag","embeddable":true,"href":"https:\/\/www.eoimalaga.com\/web\/wp-json\/wp\/v2\/tags?post=2597"}],"curies":[{"name":"wp","href":"https:\/\/api.w.org\/{rel}","templated":true}]}}