{"id":2595,"date":"2014-04-28T19:21:50","date_gmt":"2014-04-28T19:21:50","guid":{"rendered":"http:\/\/www.eoimalaga.com\/web\/?p=2595"},"modified":"2024-02-08T18:30:33","modified_gmt":"2024-02-08T16:30:33","slug":"ensenanza-semipresencial","status":"publish","type":"post","link":"https:\/\/www.eoimalaga.com\/web\/ensenanza-semipresencial\/","title":{"rendered":"Ense\u00f1anza semipresencial"},"content":{"rendered":"<p>&nbsp;<\/p>\n<p>Esta modalidad de ense\u00f1anza est\u00e1 especialmente dirigida al alumnado adulto al que por razones de trabajo o personales no le es posible asistir a clase con la frecuencia que la ense\u00f1anza presencial exige. Los contenidos y objetivos\u00a0 son los mismos que conforman\u00a0 el resto de ense\u00f1anzas y tienen plena equivalencia con los cursos presenciales. Las tasas de matr\u00edcula equivalen a las de las dem\u00e1s modalidades. La preinscripci\u00f3n tiene lugar el mes de mayo. Se aconseja consultar la p\u00e1gina web para confirmar la fecha exacta.<\/p>\n<p>La modalidad semipresencial consta de dos partes que la diferencian de la presencial:<\/p>\n<p><strong><br \/>\na)\u00a0<\/strong>Una<strong> parte presencial<\/strong> que se realiza en la EOI M\u00e1laga. La asistencia a clase es obligatoria y las calificaciones obtenidas en la asistencia presencial forman parte proporcional de la calificaci\u00f3n final que se obtenga.<\/p>\n<p><strong><br \/>\nb)\u00a0<\/strong>Una <strong>parte telem\u00e1tica<\/strong> que se realizar\u00e1 a trav\u00e9s de Internet y que constituye la mayor parte del rendimiento para superar las destrezas. Para esta parte es imprescindible disponer de tel\u00e9fono m\u00f3vil, una cuenta de correo electr\u00f3nico, y un dispositivo tipo tablet\/ordenador para el trabajo en plataforma.\u00a0 \u00a0Dicha plataforma aloja los materiales de trabajo. El alumnado acceder\u00e1 a ella con las claves de usuario y contrase\u00f1a que se le facilitar\u00e1n, para poder ver los mensajes recibidos, realizar las tareas que el profesorado propone y, en su caso, participar en los foros tem\u00e1ticos. Las orientaciones del profesorado que imparte semipresencial ayudar\u00e1n a que el alumnado pueda manejarse en esta modalidad.<\/p>\n<p><span style=\"color: #ff6600;\"><strong><br \/>\nDECRETO 359\/2011, de 7 de diciembre,\u00a0<\/strong><\/span>por el que se regulan las modalidades semipresenciales y a distancia de las ense\u00f1anzas de Formaci\u00f3n Profesional Inicial, de Educaci\u00f3n Permanente de Personas Adultas, especializadas de idiomas y deportivas, se crea el Instituto de Ense\u00f1anzas a Distancia de Andaluc\u00eda y se establece su estructura org\u00e1nica y funcional\u00a0<a title=\"decreto semipresencial\" href=\"http:\/\/www.juntadeandalucia.es\/boja\/2011\/251\/d2.pdf\">(enlace al decreto).<\/a><\/p>\n<p style=\"text-align: center;\"><a href=\"http:\/\/www.eoimalaga.com\/web\/semipresencial\/\">Accede a la p\u00e1gina oficial de semipresencial<\/a><\/p>\n<p>&nbsp;<\/p>\n<p>&nbsp;<\/p>\n<p>&nbsp;<\/p>\n","protected":false},"excerpt":{"rendered":"<p>&nbsp; Esta modalidad de ense\u00f1anza est\u00e1 especialmente dirigida al alumnado adulto al que por razones de trabajo o personales no le es posible asistir a clase con la frecuencia que la ense\u00f1anza presencial exige. Los contenidos y objetivos\u00a0 son los mismos que conforman\u00a0 el resto de ense\u00f1anzas y tienen plena equivalencia con los cursos presenciales. [&hellip;]<\/p>\n","protected":false},"author":11,"featured_media":0,"comment_status":"closed","ping_status":"closed","sticky":false,"template":"","format":"standard","meta":{"inline_featured_image":false,"footnotes":""},"categories":[43,13],"tags":[],"class_list":["post-2595","post","type-post","status-publish","format-standard","hentry","category-nuestra-escuela","category-subpaginas"],"yoast_head":"<!-- This site is optimized with the Yoast SEO plugin v26.5 - https:\/\/yoast.com\/wordpress\/plugins\/seo\/ -->\n<title>Ense\u00f1anza semipresencial - P\u00e1gina Oficial de la EOI de M\u00e1laga ::Los idiomas ponen el mundo a tus pies::<\/title>\n<meta name=\"robots\" content=\"index, follow, max-snippet:-1, max-image-preview:large, max-video-preview:-1\" \/>\n<link rel=\"canonical\" href=\"https:\/\/www.eoimalaga.com\/web\/ensenanza-semipresencial\/\" \/>\n<meta property=\"og:locale\" content=\"es_ES\" \/>\n<meta property=\"og:type\" content=\"article\" \/>\n<meta property=\"og:title\" content=\"Ense\u00f1anza semipresencial - P\u00e1gina Oficial de la EOI de M\u00e1laga ::Los idiomas ponen el mundo a tus pies::\" \/>\n<meta property=\"og:description\" content=\"&nbsp; Esta modalidad de ense\u00f1anza est\u00e1 especialmente dirigida al alumnado adulto al que por razones de trabajo o personales no le es posible asistir a clase con la frecuencia que la ense\u00f1anza presencial exige. Los contenidos y objetivos\u00a0 son los mismos que conforman\u00a0 el resto de ense\u00f1anzas y tienen plena equivalencia con los cursos presenciales. [&hellip;]\" \/>\n<meta property=\"og:url\" content=\"https:\/\/www.eoimalaga.com\/web\/ensenanza-semipresencial\/\" \/>\n<meta property=\"og:site_name\" content=\"P\u00e1gina Oficial de la EOI de M\u00e1laga ::Los idiomas ponen el mundo a tus pies::\" \/>\n<meta property=\"article:published_time\" content=\"2014-04-28T19:21:50+00:00\" \/>\n<meta property=\"article:modified_time\" content=\"2024-02-08T16:30:33+00:00\" \/>\n<meta name=\"author\" content=\"EOI M\u00c1LAGA Administrador\" \/>\n<meta name=\"twitter:card\" content=\"summary_large_image\" \/>\n<meta name=\"twitter:label1\" content=\"Escrito por\" \/>\n\t<meta name=\"twitter:data1\" content=\"EOI M\u00c1LAGA Administrador\" \/>\n\t<meta name=\"twitter:label2\" content=\"Tiempo de lectura\" \/>\n\t<meta name=\"twitter:data2\" content=\"2 minutos\" \/>\n<script type=\"application\/ld+json\" class=\"yoast-schema-graph\">{\"@context\":\"https:\/\/schema.org\",\"@graph\":[{\"@type\":\"WebPage\",\"@id\":\"https:\/\/www.eoimalaga.com\/web\/ensenanza-semipresencial\/\",\"url\":\"https:\/\/www.eoimalaga.com\/web\/ensenanza-semipresencial\/\",\"name\":\"Ense\u00f1anza semipresencial - P\u00e1gina Oficial de la EOI de M\u00e1laga ::Los idiomas ponen el mundo a tus pies::\",\"isPartOf\":{\"@id\":\"https:\/\/www.eoimalaga.com\/web\/#website\"},\"datePublished\":\"2014-04-28T19:21:50+00:00\",\"dateModified\":\"2024-02-08T16:30:33+00:00\",\"author\":{\"@id\":\"https:\/\/www.eoimalaga.com\/web\/#\/schema\/person\/483a208f0e10cd78530958def551671a\"},\"breadcrumb\":{\"@id\":\"https:\/\/www.eoimalaga.com\/web\/ensenanza-semipresencial\/#breadcrumb\"},\"inLanguage\":\"es\",\"potentialAction\":[{\"@type\":\"ReadAction\",\"target\":[\"https:\/\/www.eoimalaga.com\/web\/ensenanza-semipresencial\/\"]}]},{\"@type\":\"BreadcrumbList\",\"@id\":\"https:\/\/www.eoimalaga.com\/web\/ensenanza-semipresencial\/#breadcrumb\",\"itemListElement\":[{\"@type\":\"ListItem\",\"position\":1,\"name\":\"Home\",\"item\":\"https:\/\/www.eoimalaga.com\/web\/\"},{\"@type\":\"ListItem\",\"position\":2,\"name\":\"Ense\u00f1anza semipresencial\"}]},{\"@type\":\"WebSite\",\"@id\":\"https:\/\/www.eoimalaga.com\/web\/#website\",\"url\":\"https:\/\/www.eoimalaga.com\/web\/\",\"name\":\"P\u00e1gina Oficial de la EOI de M\u00e1laga ::Los idiomas ponen el mundo a tus pies::\",\"description\":\"EOI M\u00e1laga\",\"potentialAction\":[{\"@type\":\"SearchAction\",\"target\":{\"@type\":\"EntryPoint\",\"urlTemplate\":\"https:\/\/www.eoimalaga.com\/web\/?s={search_term_string}\"},\"query-input\":{\"@type\":\"PropertyValueSpecification\",\"valueRequired\":true,\"valueName\":\"search_term_string\"}}],\"inLanguage\":\"es\"},{\"@type\":\"Person\",\"@id\":\"https:\/\/www.eoimalaga.com\/web\/#\/schema\/person\/483a208f0e10cd78530958def551671a\",\"name\":\"EOI M\u00c1LAGA Administrador\",\"image\":{\"@type\":\"ImageObject\",\"inLanguage\":\"es\",\"@id\":\"https:\/\/www.eoimalaga.com\/web\/#\/schema\/person\/image\/\",\"url\":\"https:\/\/secure.gravatar.com\/avatar\/12a8fdf8dfb5204a705bbb21e6e60d6b?s=96&d=mm&r=g\",\"contentUrl\":\"https:\/\/secure.gravatar.com\/avatar\/12a8fdf8dfb5204a705bbb21e6e60d6b?s=96&d=mm&r=g\",\"caption\":\"EOI M\u00c1LAGA Administrador\"},\"url\":\"https:\/\/www.eoimalaga.com\/web\/author\/eoi-17953-admin_4726839745693298\/\"}]}<\/script>\n<!-- \/ Yoast SEO plugin. -->","yoast_head_json":{"title":"Ense\u00f1anza semipresencial - P\u00e1gina Oficial de la EOI de M\u00e1laga ::Los idiomas ponen el mundo a tus pies::","robots":{"index":"index","follow":"follow","max-snippet":"max-snippet:-1","max-image-preview":"max-image-preview:large","max-video-preview":"max-video-preview:-1"},"canonical":"https:\/\/www.eoimalaga.com\/web\/ensenanza-semipresencial\/","og_locale":"es_ES","og_type":"article","og_title":"Ense\u00f1anza semipresencial - P\u00e1gina Oficial de la EOI de M\u00e1laga ::Los idiomas ponen el mundo a tus pies::","og_description":"&nbsp; Esta modalidad de ense\u00f1anza est\u00e1 especialmente dirigida al alumnado adulto al que por razones de trabajo o personales no le es posible asistir a clase con la frecuencia que la ense\u00f1anza presencial exige. Los contenidos y objetivos\u00a0 son los mismos que conforman\u00a0 el resto de ense\u00f1anzas y tienen plena equivalencia con los cursos presenciales. [&hellip;]","og_url":"https:\/\/www.eoimalaga.com\/web\/ensenanza-semipresencial\/","og_site_name":"P\u00e1gina Oficial de la EOI de M\u00e1laga ::Los idiomas ponen el mundo a tus pies::","article_published_time":"2014-04-28T19:21:50+00:00","article_modified_time":"2024-02-08T16:30:33+00:00","author":"EOI M\u00c1LAGA Administrador","twitter_card":"summary_large_image","twitter_misc":{"Escrito por":"EOI M\u00c1LAGA Administrador","Tiempo de lectura":"2 minutos"},"schema":{"@context":"https:\/\/schema.org","@graph":[{"@type":"WebPage","@id":"https:\/\/www.eoimalaga.com\/web\/ensenanza-semipresencial\/","url":"https:\/\/www.eoimalaga.com\/web\/ensenanza-semipresencial\/","name":"Ense\u00f1anza semipresencial - P\u00e1gina Oficial de la EOI de M\u00e1laga ::Los idiomas ponen el mundo a tus pies::","isPartOf":{"@id":"https:\/\/www.eoimalaga.com\/web\/#website"},"datePublished":"2014-04-28T19:21:50+00:00","dateModified":"2024-02-08T16:30:33+00:00","author":{"@id":"https:\/\/www.eoimalaga.com\/web\/#\/schema\/person\/483a208f0e10cd78530958def551671a"},"breadcrumb":{"@id":"https:\/\/www.eoimalaga.com\/web\/ensenanza-semipresencial\/#breadcrumb"},"inLanguage":"es","potentialAction":[{"@type":"ReadAction","target":["https:\/\/www.eoimalaga.com\/web\/ensenanza-semipresencial\/"]}]},{"@type":"BreadcrumbList","@id":"https:\/\/www.eoimalaga.com\/web\/ensenanza-semipresencial\/#breadcrumb","itemListElement":[{"@type":"ListItem","position":1,"name":"Home","item":"https:\/\/www.eoimalaga.com\/web\/"},{"@type":"ListItem","position":2,"name":"Ense\u00f1anza semipresencial"}]},{"@type":"WebSite","@id":"https:\/\/www.eoimalaga.com\/web\/#website","url":"https:\/\/www.eoimalaga.com\/web\/","name":"P\u00e1gina Oficial de la EOI de M\u00e1laga ::Los idiomas ponen el mundo a tus pies::","description":"EOI M\u00e1laga","potentialAction":[{"@type":"SearchAction","target":{"@type":"EntryPoint","urlTemplate":"https:\/\/www.eoimalaga.com\/web\/?s={search_term_string}"},"query-input":{"@type":"PropertyValueSpecification","valueRequired":true,"valueName":"search_term_string"}}],"inLanguage":"es"},{"@type":"Person","@id":"https:\/\/www.eoimalaga.com\/web\/#\/schema\/person\/483a208f0e10cd78530958def551671a","name":"EOI M\u00c1LAGA Administrador","image":{"@type":"ImageObject","inLanguage":"es","@id":"https:\/\/www.eoimalaga.com\/web\/#\/schema\/person\/image\/","url":"https:\/\/secure.gravatar.com\/avatar\/12a8fdf8dfb5204a705bbb21e6e60d6b?s=96&d=mm&r=g","contentUrl":"https:\/\/secure.gravatar.com\/avatar\/12a8fdf8dfb5204a705bbb21e6e60d6b?s=96&d=mm&r=g","caption":"EOI M\u00c1LAGA Administrador"},"url":"https:\/\/www.eoimalaga.com\/web\/author\/eoi-17953-admin_4726839745693298\/"}]}},"_links":{"self":[{"href":"https:\/\/www.eoimalaga.com\/web\/wp-json\/wp\/v2\/posts\/2595","targetHints":{"allow":["GET"]}}],"collection":[{"href":"https:\/\/www.eoimalaga.com\/web\/wp-json\/wp\/v2\/posts"}],"about":[{"href":"https:\/\/www.eoimalaga.com\/web\/wp-json\/wp\/v2\/types\/post"}],"author":[{"embeddable":true,"href":"https:\/\/www.eoimalaga.com\/web\/wp-json\/wp\/v2\/users\/11"}],"replies":[{"embeddable":true,"href":"https:\/\/www.eoimalaga.com\/web\/wp-json\/wp\/v2\/comments?post=2595"}],"version-history":[{"count":27,"href":"https:\/\/www.eoimalaga.com\/web\/wp-json\/wp\/v2\/posts\/2595\/revisions"}],"predecessor-version":[{"id":18207,"href":"https:\/\/www.eoimalaga.com\/web\/wp-json\/wp\/v2\/posts\/2595\/revisions\/18207"}],"wp:attachment":[{"href":"https:\/\/www.eoimalaga.com\/web\/wp-json\/wp\/v2\/media?parent=2595"}],"wp:term":[{"taxonomy":"category","embeddable":true,"href":"https:\/\/www.eoimalaga.com\/web\/wp-json\/wp\/v2\/categories?post=2595"},{"taxonomy":"post_tag","embeddable":true,"href":"https:\/\/www.eoimalaga.com\/web\/wp-json\/wp\/v2\/tags?post=2595"}],"curies":[{"name":"wp","href":"https:\/\/api.w.org\/{rel}","templated":true}]}}