{"id":23128,"date":"2026-04-08T14:07:03","date_gmt":"2026-04-08T12:07:03","guid":{"rendered":"https:\/\/www.eoimalaga.com\/web\/?p=23128"},"modified":"2026-04-08T14:12:56","modified_gmt":"2026-04-08T12:12:56","slug":"23128-2","status":"publish","type":"post","link":"https:\/\/www.eoimalaga.com\/web\/23128-2\/","title":{"rendered":"Pasaporte &#8211; Ciclo de conferencias"},"content":{"rendered":"<p data-start=\"0\" data-end=\"75\">\n<p data-start=\"0\" data-end=\"75\"><span style=\"font-size: 18pt;\"><strong data-start=\"0\" data-end=\"75\"><img loading=\"lazy\" decoding=\"async\" class=\"size-medium wp-image-23129 aligncenter\" src=\"https:\/\/www.eoimalaga.com\/web\/wp-content\/uploads\/2026\/04\/cartel-Post-de-Instagram-45-1-240x300.png\" alt=\"\" width=\"240\" height=\"300\" srcset=\"https:\/\/www.eoimalaga.com\/web\/wp-content\/uploads\/2026\/04\/cartel-Post-de-Instagram-45-1-240x300.png 240w, https:\/\/www.eoimalaga.com\/web\/wp-content\/uploads\/2026\/04\/cartel-Post-de-Instagram-45-1-819x1024.png 819w, https:\/\/www.eoimalaga.com\/web\/wp-content\/uploads\/2026\/04\/cartel-Post-de-Instagram-45-1-768x960.png 768w, https:\/\/www.eoimalaga.com\/web\/wp-content\/uploads\/2026\/04\/cartel-Post-de-Instagram-45-1.png 1080w\" sizes=\"auto, (max-width: 240px) 100vw, 240px\" \/><\/strong><\/span><\/p>\n<p data-start=\"0\" data-end=\"75\">\n<p data-start=\"0\" data-end=\"75\"><span style=\"font-size: 18pt;\"><strong data-start=\"0\" data-end=\"75\">\u00a1Ya puedes recoger tu pasaporte para el ciclo \u201c11 Idiomas, 11 Miradas\u201d!<\/strong><\/span><\/p>\n<p data-start=\"77\" data-end=\"177\">Si vas a asistir a las charlas y coloquios del ciclo, pasa por <strong data-start=\"140\" data-end=\"154\">Consejer\u00eda<\/strong> y recoge tu pasaporte.<\/p>\n<p data-start=\"179\" data-end=\"395\">Con \u00e9l podr\u00e1s ir sell\u00e1ndolo a medida que asistas a las distintas actividades del programa y participar en el sorteo que se realizar\u00e1 al finalizar las jornadas entre las personas que hayan sellado su pasaporte.<\/p>\n<p data-start=\"397\" data-end=\"712\">El ciclo 11 Idiomas, 11 Miradas se desarrollar\u00e1 durante los meses de abril y mayo en el sal\u00f3n de actos de la escuela. Consulta <a href=\"https:\/\/www.eoimalaga.com\/web\/11miradas\/\" target=\"_blank\" rel=\"noopener\">aqu\u00ed<\/a> el programa completo.<\/p>\n<p data-start=\"714\" data-end=\"823\">La inauguraci\u00f3n tendr\u00e1 lugar el d\u00eda 9 de abril, y a partir de ese momento se celebrar\u00e1n nuevas sesiones cada semana.<\/p>\n<p data-start=\"825\" data-end=\"941\" data-is-last-node=\"\" data-is-only-node=\"\">Recoge tu pasaporte en Consejer\u00eda y acomp\u00e1\u00f1anos en este recorrido por 11 idiomas y 11 miradas diferentes.<\/p>\n","protected":false},"excerpt":{"rendered":"<p>\u00a1Ya puedes recoger tu pasaporte para el ciclo \u201c11 Idiomas, 11 Miradas\u201d! Si vas a asistir a las charlas y coloquios del ciclo, pasa por Consejer\u00eda y recoge tu pasaporte. Con \u00e9l podr\u00e1s ir sell\u00e1ndolo a medida que asistas a las distintas actividades del programa y participar en el sorteo que se realizar\u00e1 al finalizar [&hellip;]<\/p>\n","protected":false},"author":12,"featured_media":23129,"comment_status":"closed","ping_status":"closed","sticky":false,"template":"","format":"standard","meta":{"inline_featured_image":false,"footnotes":""},"categories":[104,103],"tags":[],"class_list":["post-23128","post","type-post","status-publish","format-standard","has-post-thumbnail","hentry","category-11idiomas","category-noticias-dace"],"yoast_head":"<!-- This site is optimized with the Yoast SEO plugin v26.5 - https:\/\/yoast.com\/wordpress\/plugins\/seo\/ -->\n<title>Pasaporte - Ciclo de conferencias - P\u00e1gina Oficial de la EOI de M\u00e1laga ::Los idiomas ponen el mundo a tus pies::<\/title>\n<meta name=\"robots\" content=\"index, follow, max-snippet:-1, max-image-preview:large, max-video-preview:-1\" \/>\n<link rel=\"canonical\" href=\"https:\/\/www.eoimalaga.com\/web\/23128-2\/\" \/>\n<meta property=\"og:locale\" content=\"es_ES\" \/>\n<meta property=\"og:type\" content=\"article\" \/>\n<meta property=\"og:title\" content=\"Pasaporte - Ciclo de conferencias - P\u00e1gina Oficial de la EOI de M\u00e1laga ::Los idiomas ponen el mundo a tus pies::\" \/>\n<meta property=\"og:description\" content=\"\u00a1Ya puedes recoger tu pasaporte para el ciclo \u201c11 Idiomas, 11 Miradas\u201d! Si vas a asistir a las charlas y coloquios del ciclo, pasa por Consejer\u00eda y recoge tu pasaporte. Con \u00e9l podr\u00e1s ir sell\u00e1ndolo a medida que asistas a las distintas actividades del programa y participar en el sorteo que se realizar\u00e1 al finalizar [&hellip;]\" \/>\n<meta property=\"og:url\" content=\"https:\/\/www.eoimalaga.com\/web\/23128-2\/\" \/>\n<meta property=\"og:site_name\" content=\"P\u00e1gina Oficial de la EOI de M\u00e1laga ::Los idiomas ponen el mundo a tus pies::\" \/>\n<meta property=\"article:published_time\" content=\"2026-04-08T12:07:03+00:00\" \/>\n<meta property=\"article:modified_time\" content=\"2026-04-08T12:12:56+00:00\" \/>\n<meta property=\"og:image\" content=\"https:\/\/www.eoimalaga.com\/web\/wp-content\/uploads\/2026\/04\/cartel-Post-de-Instagram-45-1.png\" \/>\n\t<meta property=\"og:image:width\" content=\"1080\" \/>\n\t<meta property=\"og:image:height\" content=\"1350\" \/>\n\t<meta property=\"og:image:type\" content=\"image\/png\" \/>\n<meta name=\"author\" content=\"EOI M\u00c1LAGA Direcci\u00f3n\" \/>\n<meta name=\"twitter:card\" content=\"summary_large_image\" \/>\n<meta name=\"twitter:label1\" content=\"Escrito por\" \/>\n\t<meta name=\"twitter:data1\" content=\"EOI M\u00c1LAGA Direcci\u00f3n\" \/>\n\t<meta name=\"twitter:label2\" content=\"Tiempo de lectura\" \/>\n\t<meta name=\"twitter:data2\" content=\"2 minutos\" \/>\n<script type=\"application\/ld+json\" class=\"yoast-schema-graph\">{\"@context\":\"https:\/\/schema.org\",\"@graph\":[{\"@type\":\"WebPage\",\"@id\":\"https:\/\/www.eoimalaga.com\/web\/23128-2\/\",\"url\":\"https:\/\/www.eoimalaga.com\/web\/23128-2\/\",\"name\":\"Pasaporte - Ciclo de conferencias - P\u00e1gina Oficial de la EOI de M\u00e1laga ::Los idiomas ponen el mundo a tus pies::\",\"isPartOf\":{\"@id\":\"https:\/\/www.eoimalaga.com\/web\/#website\"},\"primaryImageOfPage\":{\"@id\":\"https:\/\/www.eoimalaga.com\/web\/23128-2\/#primaryimage\"},\"image\":{\"@id\":\"https:\/\/www.eoimalaga.com\/web\/23128-2\/#primaryimage\"},\"thumbnailUrl\":\"https:\/\/www.eoimalaga.com\/web\/wp-content\/uploads\/2026\/04\/cartel-Post-de-Instagram-45-1.png\",\"datePublished\":\"2026-04-08T12:07:03+00:00\",\"dateModified\":\"2026-04-08T12:12:56+00:00\",\"author\":{\"@id\":\"https:\/\/www.eoimalaga.com\/web\/#\/schema\/person\/0da9e6dd9175c092badaab142c4ea2e6\"},\"breadcrumb\":{\"@id\":\"https:\/\/www.eoimalaga.com\/web\/23128-2\/#breadcrumb\"},\"inLanguage\":\"es\",\"potentialAction\":[{\"@type\":\"ReadAction\",\"target\":[\"https:\/\/www.eoimalaga.com\/web\/23128-2\/\"]}]},{\"@type\":\"ImageObject\",\"inLanguage\":\"es\",\"@id\":\"https:\/\/www.eoimalaga.com\/web\/23128-2\/#primaryimage\",\"url\":\"https:\/\/www.eoimalaga.com\/web\/wp-content\/uploads\/2026\/04\/cartel-Post-de-Instagram-45-1.png\",\"contentUrl\":\"https:\/\/www.eoimalaga.com\/web\/wp-content\/uploads\/2026\/04\/cartel-Post-de-Instagram-45-1.png\",\"width\":1080,\"height\":1350},{\"@type\":\"BreadcrumbList\",\"@id\":\"https:\/\/www.eoimalaga.com\/web\/23128-2\/#breadcrumb\",\"itemListElement\":[{\"@type\":\"ListItem\",\"position\":1,\"name\":\"Home\",\"item\":\"https:\/\/www.eoimalaga.com\/web\/\"},{\"@type\":\"ListItem\",\"position\":2,\"name\":\"Pasaporte &#8211; Ciclo de conferencias\"}]},{\"@type\":\"WebSite\",\"@id\":\"https:\/\/www.eoimalaga.com\/web\/#website\",\"url\":\"https:\/\/www.eoimalaga.com\/web\/\",\"name\":\"P\u00e1gina Oficial de la EOI de M\u00e1laga ::Los idiomas ponen el mundo a tus pies::\",\"description\":\"EOI M\u00e1laga\",\"potentialAction\":[{\"@type\":\"SearchAction\",\"target\":{\"@type\":\"EntryPoint\",\"urlTemplate\":\"https:\/\/www.eoimalaga.com\/web\/?s={search_term_string}\"},\"query-input\":{\"@type\":\"PropertyValueSpecification\",\"valueRequired\":true,\"valueName\":\"search_term_string\"}}],\"inLanguage\":\"es\"},{\"@type\":\"Person\",\"@id\":\"https:\/\/www.eoimalaga.com\/web\/#\/schema\/person\/0da9e6dd9175c092badaab142c4ea2e6\",\"name\":\"EOI M\u00c1LAGA Direcci\u00f3n\",\"image\":{\"@type\":\"ImageObject\",\"inLanguage\":\"es\",\"@id\":\"https:\/\/www.eoimalaga.com\/web\/#\/schema\/person\/image\/\",\"url\":\"https:\/\/secure.gravatar.com\/avatar\/9dbd3f4640adacc300b0fada7d580e0d?s=96&d=mm&r=g\",\"contentUrl\":\"https:\/\/secure.gravatar.com\/avatar\/9dbd3f4640adacc300b0fada7d580e0d?s=96&d=mm&r=g\",\"caption\":\"EOI M\u00c1LAGA Direcci\u00f3n\"},\"url\":\"https:\/\/www.eoimalaga.com\/web\/author\/direccion-eoi-2019\/\"}]}<\/script>\n<!-- \/ Yoast SEO plugin. -->","yoast_head_json":{"title":"Pasaporte - Ciclo de conferencias - P\u00e1gina Oficial de la EOI de M\u00e1laga ::Los idiomas ponen el mundo a tus pies::","robots":{"index":"index","follow":"follow","max-snippet":"max-snippet:-1","max-image-preview":"max-image-preview:large","max-video-preview":"max-video-preview:-1"},"canonical":"https:\/\/www.eoimalaga.com\/web\/23128-2\/","og_locale":"es_ES","og_type":"article","og_title":"Pasaporte - Ciclo de conferencias - P\u00e1gina Oficial de la EOI de M\u00e1laga ::Los idiomas ponen el mundo a tus pies::","og_description":"\u00a1Ya puedes recoger tu pasaporte para el ciclo \u201c11 Idiomas, 11 Miradas\u201d! Si vas a asistir a las charlas y coloquios del ciclo, pasa por Consejer\u00eda y recoge tu pasaporte. Con \u00e9l podr\u00e1s ir sell\u00e1ndolo a medida que asistas a las distintas actividades del programa y participar en el sorteo que se realizar\u00e1 al finalizar [&hellip;]","og_url":"https:\/\/www.eoimalaga.com\/web\/23128-2\/","og_site_name":"P\u00e1gina Oficial de la EOI de M\u00e1laga ::Los idiomas ponen el mundo a tus pies::","article_published_time":"2026-04-08T12:07:03+00:00","article_modified_time":"2026-04-08T12:12:56+00:00","og_image":[{"width":1080,"height":1350,"url":"https:\/\/www.eoimalaga.com\/web\/wp-content\/uploads\/2026\/04\/cartel-Post-de-Instagram-45-1.png","type":"image\/png"}],"author":"EOI M\u00c1LAGA Direcci\u00f3n","twitter_card":"summary_large_image","twitter_misc":{"Escrito por":"EOI M\u00c1LAGA Direcci\u00f3n","Tiempo de lectura":"2 minutos"},"schema":{"@context":"https:\/\/schema.org","@graph":[{"@type":"WebPage","@id":"https:\/\/www.eoimalaga.com\/web\/23128-2\/","url":"https:\/\/www.eoimalaga.com\/web\/23128-2\/","name":"Pasaporte - Ciclo de conferencias - P\u00e1gina Oficial de la EOI de M\u00e1laga ::Los idiomas ponen el mundo a tus pies::","isPartOf":{"@id":"https:\/\/www.eoimalaga.com\/web\/#website"},"primaryImageOfPage":{"@id":"https:\/\/www.eoimalaga.com\/web\/23128-2\/#primaryimage"},"image":{"@id":"https:\/\/www.eoimalaga.com\/web\/23128-2\/#primaryimage"},"thumbnailUrl":"https:\/\/www.eoimalaga.com\/web\/wp-content\/uploads\/2026\/04\/cartel-Post-de-Instagram-45-1.png","datePublished":"2026-04-08T12:07:03+00:00","dateModified":"2026-04-08T12:12:56+00:00","author":{"@id":"https:\/\/www.eoimalaga.com\/web\/#\/schema\/person\/0da9e6dd9175c092badaab142c4ea2e6"},"breadcrumb":{"@id":"https:\/\/www.eoimalaga.com\/web\/23128-2\/#breadcrumb"},"inLanguage":"es","potentialAction":[{"@type":"ReadAction","target":["https:\/\/www.eoimalaga.com\/web\/23128-2\/"]}]},{"@type":"ImageObject","inLanguage":"es","@id":"https:\/\/www.eoimalaga.com\/web\/23128-2\/#primaryimage","url":"https:\/\/www.eoimalaga.com\/web\/wp-content\/uploads\/2026\/04\/cartel-Post-de-Instagram-45-1.png","contentUrl":"https:\/\/www.eoimalaga.com\/web\/wp-content\/uploads\/2026\/04\/cartel-Post-de-Instagram-45-1.png","width":1080,"height":1350},{"@type":"BreadcrumbList","@id":"https:\/\/www.eoimalaga.com\/web\/23128-2\/#breadcrumb","itemListElement":[{"@type":"ListItem","position":1,"name":"Home","item":"https:\/\/www.eoimalaga.com\/web\/"},{"@type":"ListItem","position":2,"name":"Pasaporte &#8211; Ciclo de conferencias"}]},{"@type":"WebSite","@id":"https:\/\/www.eoimalaga.com\/web\/#website","url":"https:\/\/www.eoimalaga.com\/web\/","name":"P\u00e1gina Oficial de la EOI de M\u00e1laga ::Los idiomas ponen el mundo a tus pies::","description":"EOI M\u00e1laga","potentialAction":[{"@type":"SearchAction","target":{"@type":"EntryPoint","urlTemplate":"https:\/\/www.eoimalaga.com\/web\/?s={search_term_string}"},"query-input":{"@type":"PropertyValueSpecification","valueRequired":true,"valueName":"search_term_string"}}],"inLanguage":"es"},{"@type":"Person","@id":"https:\/\/www.eoimalaga.com\/web\/#\/schema\/person\/0da9e6dd9175c092badaab142c4ea2e6","name":"EOI M\u00c1LAGA Direcci\u00f3n","image":{"@type":"ImageObject","inLanguage":"es","@id":"https:\/\/www.eoimalaga.com\/web\/#\/schema\/person\/image\/","url":"https:\/\/secure.gravatar.com\/avatar\/9dbd3f4640adacc300b0fada7d580e0d?s=96&d=mm&r=g","contentUrl":"https:\/\/secure.gravatar.com\/avatar\/9dbd3f4640adacc300b0fada7d580e0d?s=96&d=mm&r=g","caption":"EOI M\u00c1LAGA Direcci\u00f3n"},"url":"https:\/\/www.eoimalaga.com\/web\/author\/direccion-eoi-2019\/"}]}},"_links":{"self":[{"href":"https:\/\/www.eoimalaga.com\/web\/wp-json\/wp\/v2\/posts\/23128","targetHints":{"allow":["GET"]}}],"collection":[{"href":"https:\/\/www.eoimalaga.com\/web\/wp-json\/wp\/v2\/posts"}],"about":[{"href":"https:\/\/www.eoimalaga.com\/web\/wp-json\/wp\/v2\/types\/post"}],"author":[{"embeddable":true,"href":"https:\/\/www.eoimalaga.com\/web\/wp-json\/wp\/v2\/users\/12"}],"replies":[{"embeddable":true,"href":"https:\/\/www.eoimalaga.com\/web\/wp-json\/wp\/v2\/comments?post=23128"}],"version-history":[{"count":4,"href":"https:\/\/www.eoimalaga.com\/web\/wp-json\/wp\/v2\/posts\/23128\/revisions"}],"predecessor-version":[{"id":23133,"href":"https:\/\/www.eoimalaga.com\/web\/wp-json\/wp\/v2\/posts\/23128\/revisions\/23133"}],"wp:featuredmedia":[{"embeddable":true,"href":"https:\/\/www.eoimalaga.com\/web\/wp-json\/wp\/v2\/media\/23129"}],"wp:attachment":[{"href":"https:\/\/www.eoimalaga.com\/web\/wp-json\/wp\/v2\/media?parent=23128"}],"wp:term":[{"taxonomy":"category","embeddable":true,"href":"https:\/\/www.eoimalaga.com\/web\/wp-json\/wp\/v2\/categories?post=23128"},{"taxonomy":"post_tag","embeddable":true,"href":"https:\/\/www.eoimalaga.com\/web\/wp-json\/wp\/v2\/tags?post=23128"}],"curies":[{"name":"wp","href":"https:\/\/api.w.org\/{rel}","templated":true}]}}