{"id":23103,"date":"2026-03-27T10:58:53","date_gmt":"2026-03-27T08:58:53","guid":{"rendered":"https:\/\/www.eoimalaga.com\/web\/?p=23103"},"modified":"2026-03-27T10:58:53","modified_gmt":"2026-03-27T08:58:53","slug":"inauguracion-exposicion","status":"publish","type":"post","link":"https:\/\/www.eoimalaga.com\/web\/inauguracion-exposicion\/","title":{"rendered":"Inauguraci\u00f3n Exposici\u00f3n"},"content":{"rendered":"<h2 data-section-id=\"aq6zlj\" data-start=\"76\" data-end=\"161\"><img loading=\"lazy\" decoding=\"async\" class=\"size-medium wp-image-23104 aligncenter\" src=\"https:\/\/www.eoimalaga.com\/web\/wp-content\/uploads\/2026\/03\/10.-aniversario-j11-212x300.png\" alt=\"\" width=\"212\" height=\"300\" srcset=\"https:\/\/www.eoimalaga.com\/web\/wp-content\/uploads\/2026\/03\/10.-aniversario-j11-212x300.png 212w, https:\/\/www.eoimalaga.com\/web\/wp-content\/uploads\/2026\/03\/10.-aniversario-j11-724x1024.png 724w, https:\/\/www.eoimalaga.com\/web\/wp-content\/uploads\/2026\/03\/10.-aniversario-j11-768x1086.png 768w, https:\/\/www.eoimalaga.com\/web\/wp-content\/uploads\/2026\/03\/10.-aniversario-j11-1086x1536.png 1086w, https:\/\/www.eoimalaga.com\/web\/wp-content\/uploads\/2026\/03\/10.-aniversario-j11-1448x2048.png 1448w\" sizes=\"auto, (max-width: 212px) 100vw, 212px\" \/><\/h2>\n<h2 style=\"text-align: left;\" data-section-id=\"aq6zlj\" data-start=\"76\" data-end=\"161\">La EOI M\u00e1laga acoge la exposici\u00f3n \u201c10\u00ba Aniversario Grupo J11 \u2013 Dibujantes Urbanos\u201d<\/h2>\n<p data-start=\"163\" data-end=\"370\">La <strong data-start=\"166\" data-end=\"206\">Escuela Oficial de Idiomas de M\u00e1laga<\/strong> acoger\u00e1 la exposici\u00f3n <strong data-start=\"229\" data-end=\"281\">\u201c10\u00ba Aniversario Grupo J11 \u2013 Dibujantes Urbanos\u201d<\/strong>, una muestra que celebra diez a\u00f1os de actividad de este grupo dedicado al dibujo urbano.<\/p>\n<p data-start=\"372\" data-end=\"783\">El <strong data-start=\"375\" data-end=\"388\">Grupo J11<\/strong> re\u00fane a artistas y aficionados que comparten la pasi\u00f3n por dibujar la ciudad directamente del natural, captando en sus cuadernos calles, plazas, edificios y escenas cotidianas de M\u00e1laga. A lo largo de estos diez a\u00f1os han documentado la vida urbana a trav\u00e9s de t\u00e9cnicas como la tinta y la acuarela, creando una colecci\u00f3n de cuadernos que reflejan la ciudad desde una mirada personal y art\u00edstica.<\/p>\n<p data-start=\"785\" data-end=\"1009\">La inauguraci\u00f3n tendr\u00e1 lugar el <strong data-start=\"817\" data-end=\"857\">8 de abril de 2026, de 16:00 a 19:00<\/strong>, y durante la tarde se celebrar\u00e1n diferentes actividades abiertas al p\u00fablico, entre ellas <strong data-start=\"948\" data-end=\"1008\">una exposici\u00f3n de trabajos, una charla y varios talleres<\/strong>.<\/p>\n<p data-start=\"1011\" data-end=\"1211\">Con esta iniciativa, la <strong data-start=\"1035\" data-end=\"1049\">EOI M\u00e1laga<\/strong> reafirma su compromiso con la vida cultural de la ciudad y con la apertura de sus espacios a proyectos art\u00edsticos que fomentan la creatividad y la participaci\u00f3n.<\/p>\n<p data-start=\"1213\" data-end=\"1352\">Invitamos a toda la comunidad educativa y al p\u00fablico interesado a acercarse a la escuela y disfrutar de esta celebraci\u00f3n del dibujo urbano.<\/p>\n","protected":false},"excerpt":{"rendered":"<p>La EOI M\u00e1laga acoge la exposici\u00f3n \u201c10\u00ba Aniversario Grupo J11 \u2013 Dibujantes Urbanos\u201d La Escuela Oficial de Idiomas de M\u00e1laga acoger\u00e1 la exposici\u00f3n \u201c10\u00ba Aniversario Grupo J11 \u2013 Dibujantes Urbanos\u201d, una muestra que celebra diez a\u00f1os de actividad de este grupo dedicado al dibujo urbano. El Grupo J11 re\u00fane a artistas y aficionados que comparten [&hellip;]<\/p>\n","protected":false},"author":12,"featured_media":23104,"comment_status":"closed","ping_status":"closed","sticky":false,"template":"","format":"standard","meta":{"inline_featured_image":false,"footnotes":""},"categories":[103],"tags":[],"class_list":["post-23103","post","type-post","status-publish","format-standard","has-post-thumbnail","hentry","category-noticias-dace"],"yoast_head":"<!-- This site is optimized with the Yoast SEO plugin v26.5 - https:\/\/yoast.com\/wordpress\/plugins\/seo\/ -->\n<title>Inauguraci\u00f3n Exposici\u00f3n - P\u00e1gina Oficial de la EOI de M\u00e1laga ::Los idiomas ponen el mundo a tus pies::<\/title>\n<meta name=\"robots\" content=\"index, follow, max-snippet:-1, max-image-preview:large, max-video-preview:-1\" \/>\n<link rel=\"canonical\" href=\"https:\/\/www.eoimalaga.com\/web\/inauguracion-exposicion\/\" \/>\n<meta property=\"og:locale\" content=\"es_ES\" \/>\n<meta property=\"og:type\" content=\"article\" \/>\n<meta property=\"og:title\" content=\"Inauguraci\u00f3n Exposici\u00f3n - P\u00e1gina Oficial de la EOI de M\u00e1laga ::Los idiomas ponen el mundo a tus pies::\" \/>\n<meta property=\"og:description\" content=\"La EOI M\u00e1laga acoge la exposici\u00f3n \u201c10\u00ba Aniversario Grupo J11 \u2013 Dibujantes Urbanos\u201d La Escuela Oficial de Idiomas de M\u00e1laga acoger\u00e1 la exposici\u00f3n \u201c10\u00ba Aniversario Grupo J11 \u2013 Dibujantes Urbanos\u201d, una muestra que celebra diez a\u00f1os de actividad de este grupo dedicado al dibujo urbano. El Grupo J11 re\u00fane a artistas y aficionados que comparten [&hellip;]\" \/>\n<meta property=\"og:url\" content=\"https:\/\/www.eoimalaga.com\/web\/inauguracion-exposicion\/\" \/>\n<meta property=\"og:site_name\" content=\"P\u00e1gina Oficial de la EOI de M\u00e1laga ::Los idiomas ponen el mundo a tus pies::\" \/>\n<meta property=\"article:published_time\" content=\"2026-03-27T08:58:53+00:00\" \/>\n<meta property=\"og:image\" content=\"https:\/\/www.eoimalaga.com\/web\/wp-content\/uploads\/2026\/03\/10.-aniversario-j11-724x1024.png\" \/>\n\t<meta property=\"og:image:width\" content=\"724\" \/>\n\t<meta property=\"og:image:height\" content=\"1024\" \/>\n\t<meta property=\"og:image:type\" content=\"image\/png\" \/>\n<meta name=\"author\" content=\"EOI M\u00c1LAGA Direcci\u00f3n\" \/>\n<meta name=\"twitter:card\" content=\"summary_large_image\" \/>\n<meta name=\"twitter:label1\" content=\"Escrito por\" \/>\n\t<meta name=\"twitter:data1\" content=\"EOI M\u00c1LAGA Direcci\u00f3n\" \/>\n\t<meta name=\"twitter:label2\" content=\"Tiempo de lectura\" \/>\n\t<meta name=\"twitter:data2\" content=\"2 minutos\" \/>\n<script type=\"application\/ld+json\" class=\"yoast-schema-graph\">{\"@context\":\"https:\/\/schema.org\",\"@graph\":[{\"@type\":\"WebPage\",\"@id\":\"https:\/\/www.eoimalaga.com\/web\/inauguracion-exposicion\/\",\"url\":\"https:\/\/www.eoimalaga.com\/web\/inauguracion-exposicion\/\",\"name\":\"Inauguraci\u00f3n Exposici\u00f3n - P\u00e1gina Oficial de la EOI de M\u00e1laga ::Los idiomas ponen el mundo a tus pies::\",\"isPartOf\":{\"@id\":\"https:\/\/www.eoimalaga.com\/web\/#website\"},\"primaryImageOfPage\":{\"@id\":\"https:\/\/www.eoimalaga.com\/web\/inauguracion-exposicion\/#primaryimage\"},\"image\":{\"@id\":\"https:\/\/www.eoimalaga.com\/web\/inauguracion-exposicion\/#primaryimage\"},\"thumbnailUrl\":\"https:\/\/www.eoimalaga.com\/web\/wp-content\/uploads\/2026\/03\/10.-aniversario-j11.png\",\"datePublished\":\"2026-03-27T08:58:53+00:00\",\"author\":{\"@id\":\"https:\/\/www.eoimalaga.com\/web\/#\/schema\/person\/0da9e6dd9175c092badaab142c4ea2e6\"},\"breadcrumb\":{\"@id\":\"https:\/\/www.eoimalaga.com\/web\/inauguracion-exposicion\/#breadcrumb\"},\"inLanguage\":\"es\",\"potentialAction\":[{\"@type\":\"ReadAction\",\"target\":[\"https:\/\/www.eoimalaga.com\/web\/inauguracion-exposicion\/\"]}]},{\"@type\":\"ImageObject\",\"inLanguage\":\"es\",\"@id\":\"https:\/\/www.eoimalaga.com\/web\/inauguracion-exposicion\/#primaryimage\",\"url\":\"https:\/\/www.eoimalaga.com\/web\/wp-content\/uploads\/2026\/03\/10.-aniversario-j11.png\",\"contentUrl\":\"https:\/\/www.eoimalaga.com\/web\/wp-content\/uploads\/2026\/03\/10.-aniversario-j11.png\",\"width\":2480,\"height\":3508},{\"@type\":\"BreadcrumbList\",\"@id\":\"https:\/\/www.eoimalaga.com\/web\/inauguracion-exposicion\/#breadcrumb\",\"itemListElement\":[{\"@type\":\"ListItem\",\"position\":1,\"name\":\"Home\",\"item\":\"https:\/\/www.eoimalaga.com\/web\/\"},{\"@type\":\"ListItem\",\"position\":2,\"name\":\"Inauguraci\u00f3n Exposici\u00f3n\"}]},{\"@type\":\"WebSite\",\"@id\":\"https:\/\/www.eoimalaga.com\/web\/#website\",\"url\":\"https:\/\/www.eoimalaga.com\/web\/\",\"name\":\"P\u00e1gina Oficial de la EOI de M\u00e1laga ::Los idiomas ponen el mundo a tus pies::\",\"description\":\"EOI M\u00e1laga\",\"potentialAction\":[{\"@type\":\"SearchAction\",\"target\":{\"@type\":\"EntryPoint\",\"urlTemplate\":\"https:\/\/www.eoimalaga.com\/web\/?s={search_term_string}\"},\"query-input\":{\"@type\":\"PropertyValueSpecification\",\"valueRequired\":true,\"valueName\":\"search_term_string\"}}],\"inLanguage\":\"es\"},{\"@type\":\"Person\",\"@id\":\"https:\/\/www.eoimalaga.com\/web\/#\/schema\/person\/0da9e6dd9175c092badaab142c4ea2e6\",\"name\":\"EOI M\u00c1LAGA Direcci\u00f3n\",\"image\":{\"@type\":\"ImageObject\",\"inLanguage\":\"es\",\"@id\":\"https:\/\/www.eoimalaga.com\/web\/#\/schema\/person\/image\/\",\"url\":\"https:\/\/secure.gravatar.com\/avatar\/9dbd3f4640adacc300b0fada7d580e0d?s=96&d=mm&r=g\",\"contentUrl\":\"https:\/\/secure.gravatar.com\/avatar\/9dbd3f4640adacc300b0fada7d580e0d?s=96&d=mm&r=g\",\"caption\":\"EOI M\u00c1LAGA Direcci\u00f3n\"},\"url\":\"https:\/\/www.eoimalaga.com\/web\/author\/direccion-eoi-2019\/\"}]}<\/script>\n<!-- \/ Yoast SEO plugin. -->","yoast_head_json":{"title":"Inauguraci\u00f3n Exposici\u00f3n - P\u00e1gina Oficial de la EOI de M\u00e1laga ::Los idiomas ponen el mundo a tus pies::","robots":{"index":"index","follow":"follow","max-snippet":"max-snippet:-1","max-image-preview":"max-image-preview:large","max-video-preview":"max-video-preview:-1"},"canonical":"https:\/\/www.eoimalaga.com\/web\/inauguracion-exposicion\/","og_locale":"es_ES","og_type":"article","og_title":"Inauguraci\u00f3n Exposici\u00f3n - P\u00e1gina Oficial de la EOI de M\u00e1laga ::Los idiomas ponen el mundo a tus pies::","og_description":"La EOI M\u00e1laga acoge la exposici\u00f3n \u201c10\u00ba Aniversario Grupo J11 \u2013 Dibujantes Urbanos\u201d La Escuela Oficial de Idiomas de M\u00e1laga acoger\u00e1 la exposici\u00f3n \u201c10\u00ba Aniversario Grupo J11 \u2013 Dibujantes Urbanos\u201d, una muestra que celebra diez a\u00f1os de actividad de este grupo dedicado al dibujo urbano. El Grupo J11 re\u00fane a artistas y aficionados que comparten [&hellip;]","og_url":"https:\/\/www.eoimalaga.com\/web\/inauguracion-exposicion\/","og_site_name":"P\u00e1gina Oficial de la EOI de M\u00e1laga ::Los idiomas ponen el mundo a tus pies::","article_published_time":"2026-03-27T08:58:53+00:00","og_image":[{"width":724,"height":1024,"url":"https:\/\/www.eoimalaga.com\/web\/wp-content\/uploads\/2026\/03\/10.-aniversario-j11-724x1024.png","type":"image\/png"}],"author":"EOI M\u00c1LAGA Direcci\u00f3n","twitter_card":"summary_large_image","twitter_misc":{"Escrito por":"EOI M\u00c1LAGA Direcci\u00f3n","Tiempo de lectura":"2 minutos"},"schema":{"@context":"https:\/\/schema.org","@graph":[{"@type":"WebPage","@id":"https:\/\/www.eoimalaga.com\/web\/inauguracion-exposicion\/","url":"https:\/\/www.eoimalaga.com\/web\/inauguracion-exposicion\/","name":"Inauguraci\u00f3n Exposici\u00f3n - P\u00e1gina Oficial de la EOI de M\u00e1laga ::Los idiomas ponen el mundo a tus pies::","isPartOf":{"@id":"https:\/\/www.eoimalaga.com\/web\/#website"},"primaryImageOfPage":{"@id":"https:\/\/www.eoimalaga.com\/web\/inauguracion-exposicion\/#primaryimage"},"image":{"@id":"https:\/\/www.eoimalaga.com\/web\/inauguracion-exposicion\/#primaryimage"},"thumbnailUrl":"https:\/\/www.eoimalaga.com\/web\/wp-content\/uploads\/2026\/03\/10.-aniversario-j11.png","datePublished":"2026-03-27T08:58:53+00:00","author":{"@id":"https:\/\/www.eoimalaga.com\/web\/#\/schema\/person\/0da9e6dd9175c092badaab142c4ea2e6"},"breadcrumb":{"@id":"https:\/\/www.eoimalaga.com\/web\/inauguracion-exposicion\/#breadcrumb"},"inLanguage":"es","potentialAction":[{"@type":"ReadAction","target":["https:\/\/www.eoimalaga.com\/web\/inauguracion-exposicion\/"]}]},{"@type":"ImageObject","inLanguage":"es","@id":"https:\/\/www.eoimalaga.com\/web\/inauguracion-exposicion\/#primaryimage","url":"https:\/\/www.eoimalaga.com\/web\/wp-content\/uploads\/2026\/03\/10.-aniversario-j11.png","contentUrl":"https:\/\/www.eoimalaga.com\/web\/wp-content\/uploads\/2026\/03\/10.-aniversario-j11.png","width":2480,"height":3508},{"@type":"BreadcrumbList","@id":"https:\/\/www.eoimalaga.com\/web\/inauguracion-exposicion\/#breadcrumb","itemListElement":[{"@type":"ListItem","position":1,"name":"Home","item":"https:\/\/www.eoimalaga.com\/web\/"},{"@type":"ListItem","position":2,"name":"Inauguraci\u00f3n Exposici\u00f3n"}]},{"@type":"WebSite","@id":"https:\/\/www.eoimalaga.com\/web\/#website","url":"https:\/\/www.eoimalaga.com\/web\/","name":"P\u00e1gina Oficial de la EOI de M\u00e1laga ::Los idiomas ponen el mundo a tus pies::","description":"EOI M\u00e1laga","potentialAction":[{"@type":"SearchAction","target":{"@type":"EntryPoint","urlTemplate":"https:\/\/www.eoimalaga.com\/web\/?s={search_term_string}"},"query-input":{"@type":"PropertyValueSpecification","valueRequired":true,"valueName":"search_term_string"}}],"inLanguage":"es"},{"@type":"Person","@id":"https:\/\/www.eoimalaga.com\/web\/#\/schema\/person\/0da9e6dd9175c092badaab142c4ea2e6","name":"EOI M\u00c1LAGA Direcci\u00f3n","image":{"@type":"ImageObject","inLanguage":"es","@id":"https:\/\/www.eoimalaga.com\/web\/#\/schema\/person\/image\/","url":"https:\/\/secure.gravatar.com\/avatar\/9dbd3f4640adacc300b0fada7d580e0d?s=96&d=mm&r=g","contentUrl":"https:\/\/secure.gravatar.com\/avatar\/9dbd3f4640adacc300b0fada7d580e0d?s=96&d=mm&r=g","caption":"EOI M\u00c1LAGA Direcci\u00f3n"},"url":"https:\/\/www.eoimalaga.com\/web\/author\/direccion-eoi-2019\/"}]}},"_links":{"self":[{"href":"https:\/\/www.eoimalaga.com\/web\/wp-json\/wp\/v2\/posts\/23103","targetHints":{"allow":["GET"]}}],"collection":[{"href":"https:\/\/www.eoimalaga.com\/web\/wp-json\/wp\/v2\/posts"}],"about":[{"href":"https:\/\/www.eoimalaga.com\/web\/wp-json\/wp\/v2\/types\/post"}],"author":[{"embeddable":true,"href":"https:\/\/www.eoimalaga.com\/web\/wp-json\/wp\/v2\/users\/12"}],"replies":[{"embeddable":true,"href":"https:\/\/www.eoimalaga.com\/web\/wp-json\/wp\/v2\/comments?post=23103"}],"version-history":[{"count":1,"href":"https:\/\/www.eoimalaga.com\/web\/wp-json\/wp\/v2\/posts\/23103\/revisions"}],"predecessor-version":[{"id":23105,"href":"https:\/\/www.eoimalaga.com\/web\/wp-json\/wp\/v2\/posts\/23103\/revisions\/23105"}],"wp:featuredmedia":[{"embeddable":true,"href":"https:\/\/www.eoimalaga.com\/web\/wp-json\/wp\/v2\/media\/23104"}],"wp:attachment":[{"href":"https:\/\/www.eoimalaga.com\/web\/wp-json\/wp\/v2\/media?parent=23103"}],"wp:term":[{"taxonomy":"category","embeddable":true,"href":"https:\/\/www.eoimalaga.com\/web\/wp-json\/wp\/v2\/categories?post=23103"},{"taxonomy":"post_tag","embeddable":true,"href":"https:\/\/www.eoimalaga.com\/web\/wp-json\/wp\/v2\/tags?post=23103"}],"curies":[{"name":"wp","href":"https:\/\/api.w.org\/{rel}","templated":true}]}}