{"id":23095,"date":"2026-03-24T15:11:21","date_gmt":"2026-03-24T13:11:21","guid":{"rendered":"https:\/\/www.eoimalaga.com\/web\/?p=23095"},"modified":"2026-03-24T15:11:21","modified_gmt":"2026-03-24T13:11:21","slug":"iii-ciclo-de-charlas-y-coloquios","status":"publish","type":"post","link":"https:\/\/www.eoimalaga.com\/web\/iii-ciclo-de-charlas-y-coloquios\/","title":{"rendered":"III Ciclo de charlas y coloquios"},"content":{"rendered":"<h1>11 idiomas, 11 miradas: un viaje cultural a trav\u00e9s de las lenguas<\/h1>\n<p class=\"isSelectedEnd\">La Escuela Oficial de Idiomas de M\u00e1laga organiza durante los meses de abril y mayo el ciclo <strong>\u201c11 idiomas, 11 miradas\u201d<\/strong>, una propuesta cultural que invita a descubrir las distintas perspectivas desde las que las lenguas nos ayudan a comprender el mundo.<\/p>\n<p class=\"isSelectedEnd\">Este ciclo nace con la idea de acercar al p\u00fablico la riqueza cultural de los <strong>once idiomas que se ense\u00f1an en nuestro centro<\/strong>. A trav\u00e9s de conferencias, encuentros y actividades culturales, diferentes ponentes compartir\u00e1n experiencias, conocimientos y miradas personales relacionadas con las lenguas y las culturas que representan.<\/p>\n<p class=\"isSelectedEnd\">Cada sesi\u00f3n ser\u00e1 una oportunidad para viajar a trav\u00e9s de la historia, la literatura, las tradiciones o las experiencias interculturales que acompa\u00f1an al aprendizaje de idiomas. Porque aprender una lengua es mucho m\u00e1s que adquirir vocabulario o gram\u00e1tica: es tambi\u00e9n abrir una puerta a nuevas formas de pensar, comunicarse y entender otras realidades.<\/p>\n<p class=\"isSelectedEnd\">El ciclo se inaugurar\u00e1 el <strong>9 de abril<\/strong> con un evento muy especial que contar\u00e1 con un <strong>concierto de la Orquesta Pentagrama<\/strong> y la conferencia <strong>\u201cEl Mant\u00f3n de Manila: un puente entre Cant\u00f3n y Andaluc\u00eda\u201d<\/strong>, una intervenci\u00f3n que nos permitir\u00e1 descubrir los v\u00ednculos culturales entre Asia y nuestra tierra.<\/p>\n<p class=\"isSelectedEnd\">A partir de ese momento, <strong>cada jueves de abril y mayo<\/strong> se celebrar\u00e1n dos charlas dedicadas a diferentes idiomas y culturas, ofreciendo as\u00ed una programaci\u00f3n variada y abierta a todas las personas interesadas en las lenguas y en el di\u00e1logo intercultural.<\/p>\n<p class=\"isSelectedEnd\">Todas las actividades tendr\u00e1n lugar en el <strong>sal\u00f3n de actos de la Escuela Oficial de Idiomas de M\u00e1laga<\/strong> y est\u00e1n abiertas al p\u00fablico hasta completar aforo.<\/p>\n<p class=\"isSelectedEnd\">Os invitamos a participar en este recorrido cultural y a descubrir c\u00f3mo <strong>cada idioma ofrece una mirada distinta sobre el mundo<\/strong>.<\/p>\n<p class=\"isSelectedEnd\">\ud83d\udcc5 Abril y mayo<br \/>\n\ud83d\udccd Escuela Oficial de Idiomas de M\u00e1laga<\/p>\n<p>Puedes consultar el programa completo del ciclo en el siguiente enlace:<br \/>\n<a href=\"https:\/\/www.eoimalaga.com\/web\/11miradas\/\">https:\/\/www.eoimalaga.com\/web\/11miradas\/<\/a><\/p>\n","protected":false},"excerpt":{"rendered":"<p>11 idiomas, 11 miradas: un viaje cultural a trav\u00e9s de las lenguas La Escuela Oficial de Idiomas de M\u00e1laga organiza durante los meses de abril y mayo el ciclo \u201c11 idiomas, 11 miradas\u201d, una propuesta cultural que invita a descubrir las distintas perspectivas desde las que las lenguas nos ayudan a comprender el mundo. Este [&hellip;]<\/p>\n","protected":false},"author":12,"featured_media":23054,"comment_status":"closed","ping_status":"closed","sticky":false,"template":"","format":"standard","meta":{"inline_featured_image":false,"footnotes":""},"categories":[103],"tags":[],"class_list":["post-23095","post","type-post","status-publish","format-standard","has-post-thumbnail","hentry","category-noticias-dace"],"yoast_head":"<!-- This site is optimized with the Yoast SEO plugin v26.5 - https:\/\/yoast.com\/wordpress\/plugins\/seo\/ -->\n<title>III Ciclo de charlas y coloquios - P\u00e1gina Oficial de la EOI de M\u00e1laga ::Los idiomas ponen el mundo a tus pies::<\/title>\n<meta name=\"robots\" content=\"index, follow, max-snippet:-1, max-image-preview:large, max-video-preview:-1\" \/>\n<link rel=\"canonical\" href=\"https:\/\/www.eoimalaga.com\/web\/iii-ciclo-de-charlas-y-coloquios\/\" \/>\n<meta property=\"og:locale\" content=\"es_ES\" \/>\n<meta property=\"og:type\" content=\"article\" \/>\n<meta property=\"og:title\" content=\"III Ciclo de charlas y coloquios - P\u00e1gina Oficial de la EOI de M\u00e1laga ::Los idiomas ponen el mundo a tus pies::\" \/>\n<meta property=\"og:description\" content=\"11 idiomas, 11 miradas: un viaje cultural a trav\u00e9s de las lenguas La Escuela Oficial de Idiomas de M\u00e1laga organiza durante los meses de abril y mayo el ciclo \u201c11 idiomas, 11 miradas\u201d, una propuesta cultural que invita a descubrir las distintas perspectivas desde las que las lenguas nos ayudan a comprender el mundo. Este [&hellip;]\" \/>\n<meta property=\"og:url\" content=\"https:\/\/www.eoimalaga.com\/web\/iii-ciclo-de-charlas-y-coloquios\/\" \/>\n<meta property=\"og:site_name\" content=\"P\u00e1gina Oficial de la EOI de M\u00e1laga ::Los idiomas ponen el mundo a tus pies::\" \/>\n<meta property=\"article:published_time\" content=\"2026-03-24T13:11:21+00:00\" \/>\n<meta property=\"og:image\" content=\"https:\/\/www.eoimalaga.com\/web\/wp-content\/uploads\/2026\/03\/11idiomas-2-724x1024.png\" \/>\n\t<meta property=\"og:image:width\" content=\"724\" \/>\n\t<meta property=\"og:image:height\" content=\"1024\" \/>\n\t<meta property=\"og:image:type\" content=\"image\/png\" \/>\n<meta name=\"author\" content=\"EOI M\u00c1LAGA Direcci\u00f3n\" \/>\n<meta name=\"twitter:card\" content=\"summary_large_image\" \/>\n<meta name=\"twitter:label1\" content=\"Escrito por\" \/>\n\t<meta name=\"twitter:data1\" content=\"EOI M\u00c1LAGA Direcci\u00f3n\" \/>\n\t<meta name=\"twitter:label2\" content=\"Tiempo de lectura\" \/>\n\t<meta name=\"twitter:data2\" content=\"2 minutos\" \/>\n<script type=\"application\/ld+json\" class=\"yoast-schema-graph\">{\"@context\":\"https:\/\/schema.org\",\"@graph\":[{\"@type\":\"WebPage\",\"@id\":\"https:\/\/www.eoimalaga.com\/web\/iii-ciclo-de-charlas-y-coloquios\/\",\"url\":\"https:\/\/www.eoimalaga.com\/web\/iii-ciclo-de-charlas-y-coloquios\/\",\"name\":\"III Ciclo de charlas y coloquios - P\u00e1gina Oficial de la EOI de M\u00e1laga ::Los idiomas ponen el mundo a tus pies::\",\"isPartOf\":{\"@id\":\"https:\/\/www.eoimalaga.com\/web\/#website\"},\"primaryImageOfPage\":{\"@id\":\"https:\/\/www.eoimalaga.com\/web\/iii-ciclo-de-charlas-y-coloquios\/#primaryimage\"},\"image\":{\"@id\":\"https:\/\/www.eoimalaga.com\/web\/iii-ciclo-de-charlas-y-coloquios\/#primaryimage\"},\"thumbnailUrl\":\"https:\/\/www.eoimalaga.com\/web\/wp-content\/uploads\/2026\/03\/11idiomas-2.png\",\"datePublished\":\"2026-03-24T13:11:21+00:00\",\"author\":{\"@id\":\"https:\/\/www.eoimalaga.com\/web\/#\/schema\/person\/0da9e6dd9175c092badaab142c4ea2e6\"},\"breadcrumb\":{\"@id\":\"https:\/\/www.eoimalaga.com\/web\/iii-ciclo-de-charlas-y-coloquios\/#breadcrumb\"},\"inLanguage\":\"es\",\"potentialAction\":[{\"@type\":\"ReadAction\",\"target\":[\"https:\/\/www.eoimalaga.com\/web\/iii-ciclo-de-charlas-y-coloquios\/\"]}]},{\"@type\":\"ImageObject\",\"inLanguage\":\"es\",\"@id\":\"https:\/\/www.eoimalaga.com\/web\/iii-ciclo-de-charlas-y-coloquios\/#primaryimage\",\"url\":\"https:\/\/www.eoimalaga.com\/web\/wp-content\/uploads\/2026\/03\/11idiomas-2.png\",\"contentUrl\":\"https:\/\/www.eoimalaga.com\/web\/wp-content\/uploads\/2026\/03\/11idiomas-2.png\",\"width\":1414,\"height\":2000},{\"@type\":\"BreadcrumbList\",\"@id\":\"https:\/\/www.eoimalaga.com\/web\/iii-ciclo-de-charlas-y-coloquios\/#breadcrumb\",\"itemListElement\":[{\"@type\":\"ListItem\",\"position\":1,\"name\":\"Home\",\"item\":\"https:\/\/www.eoimalaga.com\/web\/\"},{\"@type\":\"ListItem\",\"position\":2,\"name\":\"III Ciclo de charlas y coloquios\"}]},{\"@type\":\"WebSite\",\"@id\":\"https:\/\/www.eoimalaga.com\/web\/#website\",\"url\":\"https:\/\/www.eoimalaga.com\/web\/\",\"name\":\"P\u00e1gina Oficial de la EOI de M\u00e1laga ::Los idiomas ponen el mundo a tus pies::\",\"description\":\"EOI M\u00e1laga\",\"potentialAction\":[{\"@type\":\"SearchAction\",\"target\":{\"@type\":\"EntryPoint\",\"urlTemplate\":\"https:\/\/www.eoimalaga.com\/web\/?s={search_term_string}\"},\"query-input\":{\"@type\":\"PropertyValueSpecification\",\"valueRequired\":true,\"valueName\":\"search_term_string\"}}],\"inLanguage\":\"es\"},{\"@type\":\"Person\",\"@id\":\"https:\/\/www.eoimalaga.com\/web\/#\/schema\/person\/0da9e6dd9175c092badaab142c4ea2e6\",\"name\":\"EOI M\u00c1LAGA Direcci\u00f3n\",\"image\":{\"@type\":\"ImageObject\",\"inLanguage\":\"es\",\"@id\":\"https:\/\/www.eoimalaga.com\/web\/#\/schema\/person\/image\/\",\"url\":\"https:\/\/secure.gravatar.com\/avatar\/9dbd3f4640adacc300b0fada7d580e0d?s=96&d=mm&r=g\",\"contentUrl\":\"https:\/\/secure.gravatar.com\/avatar\/9dbd3f4640adacc300b0fada7d580e0d?s=96&d=mm&r=g\",\"caption\":\"EOI M\u00c1LAGA Direcci\u00f3n\"},\"url\":\"https:\/\/www.eoimalaga.com\/web\/author\/direccion-eoi-2019\/\"}]}<\/script>\n<!-- \/ Yoast SEO plugin. -->","yoast_head_json":{"title":"III Ciclo de charlas y coloquios - P\u00e1gina Oficial de la EOI de M\u00e1laga ::Los idiomas ponen el mundo a tus pies::","robots":{"index":"index","follow":"follow","max-snippet":"max-snippet:-1","max-image-preview":"max-image-preview:large","max-video-preview":"max-video-preview:-1"},"canonical":"https:\/\/www.eoimalaga.com\/web\/iii-ciclo-de-charlas-y-coloquios\/","og_locale":"es_ES","og_type":"article","og_title":"III Ciclo de charlas y coloquios - P\u00e1gina Oficial de la EOI de M\u00e1laga ::Los idiomas ponen el mundo a tus pies::","og_description":"11 idiomas, 11 miradas: un viaje cultural a trav\u00e9s de las lenguas La Escuela Oficial de Idiomas de M\u00e1laga organiza durante los meses de abril y mayo el ciclo \u201c11 idiomas, 11 miradas\u201d, una propuesta cultural que invita a descubrir las distintas perspectivas desde las que las lenguas nos ayudan a comprender el mundo. Este [&hellip;]","og_url":"https:\/\/www.eoimalaga.com\/web\/iii-ciclo-de-charlas-y-coloquios\/","og_site_name":"P\u00e1gina Oficial de la EOI de M\u00e1laga ::Los idiomas ponen el mundo a tus pies::","article_published_time":"2026-03-24T13:11:21+00:00","og_image":[{"width":724,"height":1024,"url":"https:\/\/www.eoimalaga.com\/web\/wp-content\/uploads\/2026\/03\/11idiomas-2-724x1024.png","type":"image\/png"}],"author":"EOI M\u00c1LAGA Direcci\u00f3n","twitter_card":"summary_large_image","twitter_misc":{"Escrito por":"EOI M\u00c1LAGA Direcci\u00f3n","Tiempo de lectura":"2 minutos"},"schema":{"@context":"https:\/\/schema.org","@graph":[{"@type":"WebPage","@id":"https:\/\/www.eoimalaga.com\/web\/iii-ciclo-de-charlas-y-coloquios\/","url":"https:\/\/www.eoimalaga.com\/web\/iii-ciclo-de-charlas-y-coloquios\/","name":"III Ciclo de charlas y coloquios - P\u00e1gina Oficial de la EOI de M\u00e1laga ::Los idiomas ponen el mundo a tus pies::","isPartOf":{"@id":"https:\/\/www.eoimalaga.com\/web\/#website"},"primaryImageOfPage":{"@id":"https:\/\/www.eoimalaga.com\/web\/iii-ciclo-de-charlas-y-coloquios\/#primaryimage"},"image":{"@id":"https:\/\/www.eoimalaga.com\/web\/iii-ciclo-de-charlas-y-coloquios\/#primaryimage"},"thumbnailUrl":"https:\/\/www.eoimalaga.com\/web\/wp-content\/uploads\/2026\/03\/11idiomas-2.png","datePublished":"2026-03-24T13:11:21+00:00","author":{"@id":"https:\/\/www.eoimalaga.com\/web\/#\/schema\/person\/0da9e6dd9175c092badaab142c4ea2e6"},"breadcrumb":{"@id":"https:\/\/www.eoimalaga.com\/web\/iii-ciclo-de-charlas-y-coloquios\/#breadcrumb"},"inLanguage":"es","potentialAction":[{"@type":"ReadAction","target":["https:\/\/www.eoimalaga.com\/web\/iii-ciclo-de-charlas-y-coloquios\/"]}]},{"@type":"ImageObject","inLanguage":"es","@id":"https:\/\/www.eoimalaga.com\/web\/iii-ciclo-de-charlas-y-coloquios\/#primaryimage","url":"https:\/\/www.eoimalaga.com\/web\/wp-content\/uploads\/2026\/03\/11idiomas-2.png","contentUrl":"https:\/\/www.eoimalaga.com\/web\/wp-content\/uploads\/2026\/03\/11idiomas-2.png","width":1414,"height":2000},{"@type":"BreadcrumbList","@id":"https:\/\/www.eoimalaga.com\/web\/iii-ciclo-de-charlas-y-coloquios\/#breadcrumb","itemListElement":[{"@type":"ListItem","position":1,"name":"Home","item":"https:\/\/www.eoimalaga.com\/web\/"},{"@type":"ListItem","position":2,"name":"III Ciclo de charlas y coloquios"}]},{"@type":"WebSite","@id":"https:\/\/www.eoimalaga.com\/web\/#website","url":"https:\/\/www.eoimalaga.com\/web\/","name":"P\u00e1gina Oficial de la EOI de M\u00e1laga ::Los idiomas ponen el mundo a tus pies::","description":"EOI M\u00e1laga","potentialAction":[{"@type":"SearchAction","target":{"@type":"EntryPoint","urlTemplate":"https:\/\/www.eoimalaga.com\/web\/?s={search_term_string}"},"query-input":{"@type":"PropertyValueSpecification","valueRequired":true,"valueName":"search_term_string"}}],"inLanguage":"es"},{"@type":"Person","@id":"https:\/\/www.eoimalaga.com\/web\/#\/schema\/person\/0da9e6dd9175c092badaab142c4ea2e6","name":"EOI M\u00c1LAGA Direcci\u00f3n","image":{"@type":"ImageObject","inLanguage":"es","@id":"https:\/\/www.eoimalaga.com\/web\/#\/schema\/person\/image\/","url":"https:\/\/secure.gravatar.com\/avatar\/9dbd3f4640adacc300b0fada7d580e0d?s=96&d=mm&r=g","contentUrl":"https:\/\/secure.gravatar.com\/avatar\/9dbd3f4640adacc300b0fada7d580e0d?s=96&d=mm&r=g","caption":"EOI M\u00c1LAGA Direcci\u00f3n"},"url":"https:\/\/www.eoimalaga.com\/web\/author\/direccion-eoi-2019\/"}]}},"_links":{"self":[{"href":"https:\/\/www.eoimalaga.com\/web\/wp-json\/wp\/v2\/posts\/23095","targetHints":{"allow":["GET"]}}],"collection":[{"href":"https:\/\/www.eoimalaga.com\/web\/wp-json\/wp\/v2\/posts"}],"about":[{"href":"https:\/\/www.eoimalaga.com\/web\/wp-json\/wp\/v2\/types\/post"}],"author":[{"embeddable":true,"href":"https:\/\/www.eoimalaga.com\/web\/wp-json\/wp\/v2\/users\/12"}],"replies":[{"embeddable":true,"href":"https:\/\/www.eoimalaga.com\/web\/wp-json\/wp\/v2\/comments?post=23095"}],"version-history":[{"count":1,"href":"https:\/\/www.eoimalaga.com\/web\/wp-json\/wp\/v2\/posts\/23095\/revisions"}],"predecessor-version":[{"id":23096,"href":"https:\/\/www.eoimalaga.com\/web\/wp-json\/wp\/v2\/posts\/23095\/revisions\/23096"}],"wp:featuredmedia":[{"embeddable":true,"href":"https:\/\/www.eoimalaga.com\/web\/wp-json\/wp\/v2\/media\/23054"}],"wp:attachment":[{"href":"https:\/\/www.eoimalaga.com\/web\/wp-json\/wp\/v2\/media?parent=23095"}],"wp:term":[{"taxonomy":"category","embeddable":true,"href":"https:\/\/www.eoimalaga.com\/web\/wp-json\/wp\/v2\/categories?post=23095"},{"taxonomy":"post_tag","embeddable":true,"href":"https:\/\/www.eoimalaga.com\/web\/wp-json\/wp\/v2\/tags?post=23095"}],"curies":[{"name":"wp","href":"https:\/\/api.w.org\/{rel}","templated":true}]}}