{"id":23085,"date":"2026-03-24T12:51:13","date_gmt":"2026-03-24T10:51:13","guid":{"rendered":"https:\/\/www.eoimalaga.com\/web\/?p=23085"},"modified":"2026-03-24T15:12:28","modified_gmt":"2026-03-24T13:12:28","slug":"concierto-los-idiomas-de-la-musica","status":"publish","type":"post","link":"https:\/\/www.eoimalaga.com\/web\/concierto-los-idiomas-de-la-musica\/","title":{"rendered":"Concierto Los idiomas de la m\u00fasica"},"content":{"rendered":"<h3 data-section-id=\"1h4cg4f\" data-start=\"0\" data-end=\"41\"><span role=\"text\"><img loading=\"lazy\" decoding=\"async\" class=\"size-medium wp-image-23086 aligncenter\" src=\"https:\/\/www.eoimalaga.com\/web\/wp-content\/uploads\/2026\/03\/Cartel-Concierto--212x300.png\" alt=\"\" width=\"212\" height=\"300\" srcset=\"https:\/\/www.eoimalaga.com\/web\/wp-content\/uploads\/2026\/03\/Cartel-Concierto--212x300.png 212w, https:\/\/www.eoimalaga.com\/web\/wp-content\/uploads\/2026\/03\/Cartel-Concierto--724x1024.png 724w, https:\/\/www.eoimalaga.com\/web\/wp-content\/uploads\/2026\/03\/Cartel-Concierto--768x1086.png 768w, https:\/\/www.eoimalaga.com\/web\/wp-content\/uploads\/2026\/03\/Cartel-Concierto--1086x1536.png 1086w, https:\/\/www.eoimalaga.com\/web\/wp-content\/uploads\/2026\/03\/Cartel-Concierto--1448x2048.png 1448w, https:\/\/www.eoimalaga.com\/web\/wp-content\/uploads\/2026\/03\/Cartel-Concierto-.png 1587w\" sizes=\"auto, (max-width: 212px) 100vw, 212px\" \/><\/span><\/h3>\n<h3 data-section-id=\"1h4cg4f\" data-start=\"0\" data-end=\"41\"><\/h3>\n<h3 data-section-id=\"1h4cg4f\" data-start=\"0\" data-end=\"41\"><span role=\"text\">Concierto: <em data-start=\"15\" data-end=\"41\">Los idiomas de la m\u00fasica<\/em><\/span><\/h3>\n<p data-start=\"43\" data-end=\"238\">La <strong data-start=\"46\" data-end=\"86\">Escuela Oficial de Idiomas de M\u00e1laga<\/strong> acoger\u00e1 el pr\u00f3ximo <strong data-start=\"106\" data-end=\"121\">25 de marzo<\/strong> el concierto <strong data-start=\"135\" data-end=\"165\">\u201cLos idiomas de la m\u00fasica\u201d<\/strong>, una propuesta art\u00edstica que re\u00fane m\u00fasica y danza en un mismo escenario.<\/p>\n<p data-start=\"240\" data-end=\"521\">Este evento es fruto de la colaboraci\u00f3n entre la <strong data-start=\"289\" data-end=\"303\">EOI M\u00e1laga<\/strong>, el <strong data-start=\"308\" data-end=\"360\">Conservatorio Profesional de M\u00fasica Manuel Carra<\/strong> y el <strong data-start=\"366\" data-end=\"415\">Conservatorio Superior de Danza \u00c1ngel Pericet<\/strong>, tres instituciones educativas de la ciudad que comparten el objetivo de promover la cultura y las artes.<\/p>\n<p data-start=\"523\" data-end=\"883\">El concierto tendr\u00e1 lugar a las <strong data-start=\"555\" data-end=\"570\">18:30 horas<\/strong> en el <strong data-start=\"577\" data-end=\"623\">auditorio de la Escuela Oficial de Idiomas<\/strong>. Durante la tarde, el p\u00fablico podr\u00e1 disfrutar de diferentes interpretaciones musicales y piezas de danza, en un encuentro que pone de relieve c\u00f3mo la m\u00fasica puede convertirse en un lenguaje universal que conecta a personas de diferentes \u00e1mbitos y disciplinas.<\/p>\n<p data-start=\"885\" data-end=\"936\">La <strong data-start=\"888\" data-end=\"935\">entrada ser\u00e1 gratuita hasta completar aforo<\/strong>.<\/p>\n<p data-start=\"938\" data-end=\"1202\" data-is-last-node=\"\" data-is-only-node=\"\">Desde la Escuela Oficial de Idiomas animamos a toda la comunidad educativa y al p\u00fablico en general a asistir y disfrutar de esta actividad cultural conjunta. Ser\u00e1 una excelente oportunidad para compartir m\u00fasica, danza y cultura en un ambiente abierto y cercano. \ud83c\udfb6<\/p>\n","protected":false},"excerpt":{"rendered":"<p>Concierto: Los idiomas de la m\u00fasica La Escuela Oficial de Idiomas de M\u00e1laga acoger\u00e1 el pr\u00f3ximo 25 de marzo el concierto \u201cLos idiomas de la m\u00fasica\u201d, una propuesta art\u00edstica que re\u00fane m\u00fasica y danza en un mismo escenario. Este evento es fruto de la colaboraci\u00f3n entre la EOI M\u00e1laga, el Conservatorio Profesional de M\u00fasica Manuel [&hellip;]<\/p>\n","protected":false},"author":12,"featured_media":23086,"comment_status":"closed","ping_status":"closed","sticky":false,"template":"","format":"standard","meta":{"inline_featured_image":false,"footnotes":""},"categories":[103],"tags":[],"class_list":["post-23085","post","type-post","status-publish","format-standard","has-post-thumbnail","hentry","category-noticias-dace"],"yoast_head":"<!-- This site is optimized with the Yoast SEO plugin v26.5 - https:\/\/yoast.com\/wordpress\/plugins\/seo\/ -->\n<title>Concierto Los idiomas de la m\u00fasica - P\u00e1gina Oficial de la EOI de M\u00e1laga ::Los idiomas ponen el mundo a tus pies::<\/title>\n<meta name=\"robots\" content=\"index, follow, max-snippet:-1, max-image-preview:large, max-video-preview:-1\" \/>\n<link rel=\"canonical\" href=\"https:\/\/www.eoimalaga.com\/web\/concierto-los-idiomas-de-la-musica\/\" \/>\n<meta property=\"og:locale\" content=\"es_ES\" \/>\n<meta property=\"og:type\" content=\"article\" \/>\n<meta property=\"og:title\" content=\"Concierto Los idiomas de la m\u00fasica - P\u00e1gina Oficial de la EOI de M\u00e1laga ::Los idiomas ponen el mundo a tus pies::\" \/>\n<meta property=\"og:description\" content=\"Concierto: Los idiomas de la m\u00fasica La Escuela Oficial de Idiomas de M\u00e1laga acoger\u00e1 el pr\u00f3ximo 25 de marzo el concierto \u201cLos idiomas de la m\u00fasica\u201d, una propuesta art\u00edstica que re\u00fane m\u00fasica y danza en un mismo escenario. Este evento es fruto de la colaboraci\u00f3n entre la EOI M\u00e1laga, el Conservatorio Profesional de M\u00fasica Manuel [&hellip;]\" \/>\n<meta property=\"og:url\" content=\"https:\/\/www.eoimalaga.com\/web\/concierto-los-idiomas-de-la-musica\/\" \/>\n<meta property=\"og:site_name\" content=\"P\u00e1gina Oficial de la EOI de M\u00e1laga ::Los idiomas ponen el mundo a tus pies::\" \/>\n<meta property=\"article:published_time\" content=\"2026-03-24T10:51:13+00:00\" \/>\n<meta property=\"article:modified_time\" content=\"2026-03-24T13:12:28+00:00\" \/>\n<meta property=\"og:image\" content=\"https:\/\/www.eoimalaga.com\/web\/wp-content\/uploads\/2026\/03\/Cartel-Concierto-.png\" \/>\n\t<meta property=\"og:image:width\" content=\"1587\" \/>\n\t<meta property=\"og:image:height\" content=\"2245\" \/>\n\t<meta property=\"og:image:type\" content=\"image\/png\" \/>\n<meta name=\"author\" content=\"EOI M\u00c1LAGA Direcci\u00f3n\" \/>\n<meta name=\"twitter:card\" content=\"summary_large_image\" \/>\n<meta name=\"twitter:label1\" content=\"Escrito por\" \/>\n\t<meta name=\"twitter:data1\" content=\"EOI M\u00c1LAGA Direcci\u00f3n\" \/>\n\t<meta name=\"twitter:label2\" content=\"Tiempo de lectura\" \/>\n\t<meta name=\"twitter:data2\" content=\"2 minutos\" \/>\n<script type=\"application\/ld+json\" class=\"yoast-schema-graph\">{\"@context\":\"https:\/\/schema.org\",\"@graph\":[{\"@type\":\"WebPage\",\"@id\":\"https:\/\/www.eoimalaga.com\/web\/concierto-los-idiomas-de-la-musica\/\",\"url\":\"https:\/\/www.eoimalaga.com\/web\/concierto-los-idiomas-de-la-musica\/\",\"name\":\"Concierto Los idiomas de la m\u00fasica - P\u00e1gina Oficial de la EOI de M\u00e1laga ::Los idiomas ponen el mundo a tus pies::\",\"isPartOf\":{\"@id\":\"https:\/\/www.eoimalaga.com\/web\/#website\"},\"primaryImageOfPage\":{\"@id\":\"https:\/\/www.eoimalaga.com\/web\/concierto-los-idiomas-de-la-musica\/#primaryimage\"},\"image\":{\"@id\":\"https:\/\/www.eoimalaga.com\/web\/concierto-los-idiomas-de-la-musica\/#primaryimage\"},\"thumbnailUrl\":\"https:\/\/www.eoimalaga.com\/web\/wp-content\/uploads\/2026\/03\/Cartel-Concierto-.png\",\"datePublished\":\"2026-03-24T10:51:13+00:00\",\"dateModified\":\"2026-03-24T13:12:28+00:00\",\"author\":{\"@id\":\"https:\/\/www.eoimalaga.com\/web\/#\/schema\/person\/0da9e6dd9175c092badaab142c4ea2e6\"},\"breadcrumb\":{\"@id\":\"https:\/\/www.eoimalaga.com\/web\/concierto-los-idiomas-de-la-musica\/#breadcrumb\"},\"inLanguage\":\"es\",\"potentialAction\":[{\"@type\":\"ReadAction\",\"target\":[\"https:\/\/www.eoimalaga.com\/web\/concierto-los-idiomas-de-la-musica\/\"]}]},{\"@type\":\"ImageObject\",\"inLanguage\":\"es\",\"@id\":\"https:\/\/www.eoimalaga.com\/web\/concierto-los-idiomas-de-la-musica\/#primaryimage\",\"url\":\"https:\/\/www.eoimalaga.com\/web\/wp-content\/uploads\/2026\/03\/Cartel-Concierto-.png\",\"contentUrl\":\"https:\/\/www.eoimalaga.com\/web\/wp-content\/uploads\/2026\/03\/Cartel-Concierto-.png\",\"width\":1587,\"height\":2245},{\"@type\":\"BreadcrumbList\",\"@id\":\"https:\/\/www.eoimalaga.com\/web\/concierto-los-idiomas-de-la-musica\/#breadcrumb\",\"itemListElement\":[{\"@type\":\"ListItem\",\"position\":1,\"name\":\"Home\",\"item\":\"https:\/\/www.eoimalaga.com\/web\/\"},{\"@type\":\"ListItem\",\"position\":2,\"name\":\"Concierto Los idiomas de la m\u00fasica\"}]},{\"@type\":\"WebSite\",\"@id\":\"https:\/\/www.eoimalaga.com\/web\/#website\",\"url\":\"https:\/\/www.eoimalaga.com\/web\/\",\"name\":\"P\u00e1gina Oficial de la EOI de M\u00e1laga ::Los idiomas ponen el mundo a tus pies::\",\"description\":\"EOI M\u00e1laga\",\"potentialAction\":[{\"@type\":\"SearchAction\",\"target\":{\"@type\":\"EntryPoint\",\"urlTemplate\":\"https:\/\/www.eoimalaga.com\/web\/?s={search_term_string}\"},\"query-input\":{\"@type\":\"PropertyValueSpecification\",\"valueRequired\":true,\"valueName\":\"search_term_string\"}}],\"inLanguage\":\"es\"},{\"@type\":\"Person\",\"@id\":\"https:\/\/www.eoimalaga.com\/web\/#\/schema\/person\/0da9e6dd9175c092badaab142c4ea2e6\",\"name\":\"EOI M\u00c1LAGA Direcci\u00f3n\",\"image\":{\"@type\":\"ImageObject\",\"inLanguage\":\"es\",\"@id\":\"https:\/\/www.eoimalaga.com\/web\/#\/schema\/person\/image\/\",\"url\":\"https:\/\/secure.gravatar.com\/avatar\/9dbd3f4640adacc300b0fada7d580e0d?s=96&d=mm&r=g\",\"contentUrl\":\"https:\/\/secure.gravatar.com\/avatar\/9dbd3f4640adacc300b0fada7d580e0d?s=96&d=mm&r=g\",\"caption\":\"EOI M\u00c1LAGA Direcci\u00f3n\"},\"url\":\"https:\/\/www.eoimalaga.com\/web\/author\/direccion-eoi-2019\/\"}]}<\/script>\n<!-- \/ Yoast SEO plugin. -->","yoast_head_json":{"title":"Concierto Los idiomas de la m\u00fasica - P\u00e1gina Oficial de la EOI de M\u00e1laga ::Los idiomas ponen el mundo a tus pies::","robots":{"index":"index","follow":"follow","max-snippet":"max-snippet:-1","max-image-preview":"max-image-preview:large","max-video-preview":"max-video-preview:-1"},"canonical":"https:\/\/www.eoimalaga.com\/web\/concierto-los-idiomas-de-la-musica\/","og_locale":"es_ES","og_type":"article","og_title":"Concierto Los idiomas de la m\u00fasica - P\u00e1gina Oficial de la EOI de M\u00e1laga ::Los idiomas ponen el mundo a tus pies::","og_description":"Concierto: Los idiomas de la m\u00fasica La Escuela Oficial de Idiomas de M\u00e1laga acoger\u00e1 el pr\u00f3ximo 25 de marzo el concierto \u201cLos idiomas de la m\u00fasica\u201d, una propuesta art\u00edstica que re\u00fane m\u00fasica y danza en un mismo escenario. Este evento es fruto de la colaboraci\u00f3n entre la EOI M\u00e1laga, el Conservatorio Profesional de M\u00fasica Manuel [&hellip;]","og_url":"https:\/\/www.eoimalaga.com\/web\/concierto-los-idiomas-de-la-musica\/","og_site_name":"P\u00e1gina Oficial de la EOI de M\u00e1laga ::Los idiomas ponen el mundo a tus pies::","article_published_time":"2026-03-24T10:51:13+00:00","article_modified_time":"2026-03-24T13:12:28+00:00","og_image":[{"width":1587,"height":2245,"url":"https:\/\/www.eoimalaga.com\/web\/wp-content\/uploads\/2026\/03\/Cartel-Concierto-.png","type":"image\/png"}],"author":"EOI M\u00c1LAGA Direcci\u00f3n","twitter_card":"summary_large_image","twitter_misc":{"Escrito por":"EOI M\u00c1LAGA Direcci\u00f3n","Tiempo de lectura":"2 minutos"},"schema":{"@context":"https:\/\/schema.org","@graph":[{"@type":"WebPage","@id":"https:\/\/www.eoimalaga.com\/web\/concierto-los-idiomas-de-la-musica\/","url":"https:\/\/www.eoimalaga.com\/web\/concierto-los-idiomas-de-la-musica\/","name":"Concierto Los idiomas de la m\u00fasica - P\u00e1gina Oficial de la EOI de M\u00e1laga ::Los idiomas ponen el mundo a tus pies::","isPartOf":{"@id":"https:\/\/www.eoimalaga.com\/web\/#website"},"primaryImageOfPage":{"@id":"https:\/\/www.eoimalaga.com\/web\/concierto-los-idiomas-de-la-musica\/#primaryimage"},"image":{"@id":"https:\/\/www.eoimalaga.com\/web\/concierto-los-idiomas-de-la-musica\/#primaryimage"},"thumbnailUrl":"https:\/\/www.eoimalaga.com\/web\/wp-content\/uploads\/2026\/03\/Cartel-Concierto-.png","datePublished":"2026-03-24T10:51:13+00:00","dateModified":"2026-03-24T13:12:28+00:00","author":{"@id":"https:\/\/www.eoimalaga.com\/web\/#\/schema\/person\/0da9e6dd9175c092badaab142c4ea2e6"},"breadcrumb":{"@id":"https:\/\/www.eoimalaga.com\/web\/concierto-los-idiomas-de-la-musica\/#breadcrumb"},"inLanguage":"es","potentialAction":[{"@type":"ReadAction","target":["https:\/\/www.eoimalaga.com\/web\/concierto-los-idiomas-de-la-musica\/"]}]},{"@type":"ImageObject","inLanguage":"es","@id":"https:\/\/www.eoimalaga.com\/web\/concierto-los-idiomas-de-la-musica\/#primaryimage","url":"https:\/\/www.eoimalaga.com\/web\/wp-content\/uploads\/2026\/03\/Cartel-Concierto-.png","contentUrl":"https:\/\/www.eoimalaga.com\/web\/wp-content\/uploads\/2026\/03\/Cartel-Concierto-.png","width":1587,"height":2245},{"@type":"BreadcrumbList","@id":"https:\/\/www.eoimalaga.com\/web\/concierto-los-idiomas-de-la-musica\/#breadcrumb","itemListElement":[{"@type":"ListItem","position":1,"name":"Home","item":"https:\/\/www.eoimalaga.com\/web\/"},{"@type":"ListItem","position":2,"name":"Concierto Los idiomas de la m\u00fasica"}]},{"@type":"WebSite","@id":"https:\/\/www.eoimalaga.com\/web\/#website","url":"https:\/\/www.eoimalaga.com\/web\/","name":"P\u00e1gina Oficial de la EOI de M\u00e1laga ::Los idiomas ponen el mundo a tus pies::","description":"EOI M\u00e1laga","potentialAction":[{"@type":"SearchAction","target":{"@type":"EntryPoint","urlTemplate":"https:\/\/www.eoimalaga.com\/web\/?s={search_term_string}"},"query-input":{"@type":"PropertyValueSpecification","valueRequired":true,"valueName":"search_term_string"}}],"inLanguage":"es"},{"@type":"Person","@id":"https:\/\/www.eoimalaga.com\/web\/#\/schema\/person\/0da9e6dd9175c092badaab142c4ea2e6","name":"EOI M\u00c1LAGA Direcci\u00f3n","image":{"@type":"ImageObject","inLanguage":"es","@id":"https:\/\/www.eoimalaga.com\/web\/#\/schema\/person\/image\/","url":"https:\/\/secure.gravatar.com\/avatar\/9dbd3f4640adacc300b0fada7d580e0d?s=96&d=mm&r=g","contentUrl":"https:\/\/secure.gravatar.com\/avatar\/9dbd3f4640adacc300b0fada7d580e0d?s=96&d=mm&r=g","caption":"EOI M\u00c1LAGA Direcci\u00f3n"},"url":"https:\/\/www.eoimalaga.com\/web\/author\/direccion-eoi-2019\/"}]}},"_links":{"self":[{"href":"https:\/\/www.eoimalaga.com\/web\/wp-json\/wp\/v2\/posts\/23085","targetHints":{"allow":["GET"]}}],"collection":[{"href":"https:\/\/www.eoimalaga.com\/web\/wp-json\/wp\/v2\/posts"}],"about":[{"href":"https:\/\/www.eoimalaga.com\/web\/wp-json\/wp\/v2\/types\/post"}],"author":[{"embeddable":true,"href":"https:\/\/www.eoimalaga.com\/web\/wp-json\/wp\/v2\/users\/12"}],"replies":[{"embeddable":true,"href":"https:\/\/www.eoimalaga.com\/web\/wp-json\/wp\/v2\/comments?post=23085"}],"version-history":[{"count":5,"href":"https:\/\/www.eoimalaga.com\/web\/wp-json\/wp\/v2\/posts\/23085\/revisions"}],"predecessor-version":[{"id":23097,"href":"https:\/\/www.eoimalaga.com\/web\/wp-json\/wp\/v2\/posts\/23085\/revisions\/23097"}],"wp:featuredmedia":[{"embeddable":true,"href":"https:\/\/www.eoimalaga.com\/web\/wp-json\/wp\/v2\/media\/23086"}],"wp:attachment":[{"href":"https:\/\/www.eoimalaga.com\/web\/wp-json\/wp\/v2\/media?parent=23085"}],"wp:term":[{"taxonomy":"category","embeddable":true,"href":"https:\/\/www.eoimalaga.com\/web\/wp-json\/wp\/v2\/categories?post=23085"},{"taxonomy":"post_tag","embeddable":true,"href":"https:\/\/www.eoimalaga.com\/web\/wp-json\/wp\/v2\/tags?post=23085"}],"curies":[{"name":"wp","href":"https:\/\/api.w.org\/{rel}","templated":true}]}}