{"id":22571,"date":"2025-11-06T19:18:40","date_gmt":"2025-11-06T17:18:40","guid":{"rendered":"https:\/\/www.eoimalaga.com\/web\/?p=22571"},"modified":"2026-01-26T15:15:41","modified_gmt":"2026-01-26T13:15:41","slug":"25n-palabras-contra-la-violencia","status":"publish","type":"post","link":"https:\/\/www.eoimalaga.com\/web\/25n-palabras-contra-la-violencia\/","title":{"rendered":"25N &#8211; Palabras contra la violencia"},"content":{"rendered":"<div class=\"wpb-content-wrapper\"><p>[vc_row][vc_column][vc_column_text css=\u00bb\u00bb]<\/p>\n<h3 data-start=\"149\" data-end=\"204\">25 de noviembre | Palabras contra la violencia<\/h3>\n<p data-start=\"206\" data-end=\"457\">Como cada a\u00f1o, la <strong data-start=\"224\" data-end=\"238\">EOI M\u00e1laga<\/strong> se une a la conmemoraci\u00f3n del <strong data-start=\"269\" data-end=\"345\">D\u00eda Internacional para la Eliminaci\u00f3n de la Violencia contra las Mujeres<\/strong>, una fecha que nos invita a reflexionar y a alzar la voz frente a esta realidad que nos afecta como sociedad.<\/p>\n<p data-start=\"459\" data-end=\"624\">En esta edici\u00f3n, nuestro proyecto <strong data-start=\"493\" data-end=\"527\">\u201cPalabras contra la violencia\u201d<\/strong> pone el foco en el <strong data-start=\"547\" data-end=\"567\">sentido del o\u00eddo<\/strong>, invitando a todo el alumnado a participar con su voz.<\/p>\n<p data-start=\"626\" data-end=\"660\"><strong data-start=\"630\" data-end=\"658\">\u00bfC\u00f3mo puedes participar?<\/strong><\/p>\n<ul data-start=\"661\" data-end=\"920\">\n<li data-start=\"661\" data-end=\"715\">\n<p data-start=\"663\" data-end=\"715\">Busca o escribe una <strong data-start=\"683\" data-end=\"712\">frase contra la violencia<\/strong>.<\/p>\n<\/li>\n<li data-start=\"716\" data-end=\"846\">\n<p data-start=\"718\" data-end=\"846\">Gr\u00e1bala <strong data-start=\"726\" data-end=\"755\">en el idioma que estudias<\/strong> y despu\u00e9s en <strong data-start=\"769\" data-end=\"783\">castellano<\/strong> (o solo en castellano si estudias espa\u00f1ol para extranjeros).<\/p>\n<\/li>\n<li data-start=\"847\" data-end=\"920\">\n<p data-start=\"849\" data-end=\"920\">Env\u00eda el texto y el audio a tu tutor\/a antes del <strong data-start=\"898\" data-end=\"917\">18 de noviembre<\/strong>.<\/p>\n<\/li>\n<\/ul>\n<p data-start=\"922\" data-end=\"1198\">Con todas las grabaciones crearemos un <strong data-start=\"961\" data-end=\"989\">espacio sonoro colectivo<\/strong>, un lugar donde las voces del alumnado se entrelazan para formar un mensaje com\u00fan: <strong data-start=\"1073\" data-end=\"1115\">rechazo a cualquier forma de violencia<\/strong>.<br data-start=\"1116\" data-end=\"1119\" \/>Este espacio podr\u00e1 visitarse los d\u00edas <strong data-start=\"1157\" data-end=\"1181\">24 y 25 de noviembre<\/strong> en la escuela.<\/p>\n<p data-start=\"1200\" data-end=\"1287\">Porque cada voz importa. Porque las palabras tambi\u00e9n pueden cambiar el mundo.<\/p>\n<p data-start=\"1200\" data-end=\"1287\"><img loading=\"lazy\" decoding=\"async\" class=\"alignnone wp-image-22861\" src=\"https:\/\/www.eoimalaga.com\/web\/wp-content\/uploads\/2025\/11\/G6lKlTvWMAAtyx1-819x1024.jpg\" alt=\"\" width=\"500\" height=\"625\" srcset=\"https:\/\/www.eoimalaga.com\/web\/wp-content\/uploads\/2025\/11\/G6lKlTvWMAAtyx1-819x1024.jpg 819w, https:\/\/www.eoimalaga.com\/web\/wp-content\/uploads\/2025\/11\/G6lKlTvWMAAtyx1-240x300.jpg 240w, https:\/\/www.eoimalaga.com\/web\/wp-content\/uploads\/2025\/11\/G6lKlTvWMAAtyx1-768x960.jpg 768w, https:\/\/www.eoimalaga.com\/web\/wp-content\/uploads\/2025\/11\/G6lKlTvWMAAtyx1.jpg 1080w\" sizes=\"auto, (max-width: 500px) 100vw, 500px\" \/><\/p>\n<p>[\/vc_column_text][\/vc_column][\/vc_row]<\/p>\n<\/div>","protected":false},"excerpt":{"rendered":"<p>[vc_row][vc_column][vc_column_text css=\u00bb\u00bb] 25 de noviembre | Palabras contra la violencia Como cada a\u00f1o, la EOI M\u00e1laga se une a la conmemoraci\u00f3n del D\u00eda Internacional para la Eliminaci\u00f3n de la Violencia contra las Mujeres, una fecha que nos invita a reflexionar y a alzar la voz frente a esta realidad que nos afecta como sociedad. En [&hellip;]<\/p>\n","protected":false},"author":12,"featured_media":0,"comment_status":"closed","ping_status":"closed","sticky":false,"template":"","format":"standard","meta":{"inline_featured_image":false,"footnotes":""},"categories":[71,75],"tags":[],"class_list":["post-22571","post","type-post","status-publish","format-standard","hentry","category-coeducacion","category-noticias-coeducacion"],"yoast_head":"<!-- This site is optimized with the Yoast SEO plugin v26.5 - https:\/\/yoast.com\/wordpress\/plugins\/seo\/ -->\n<title>25N - Palabras contra la violencia - P\u00e1gina Oficial de la EOI de M\u00e1laga ::Los idiomas ponen el mundo a tus pies::<\/title>\n<meta name=\"robots\" content=\"index, follow, max-snippet:-1, max-image-preview:large, max-video-preview:-1\" \/>\n<link rel=\"canonical\" href=\"https:\/\/www.eoimalaga.com\/web\/25n-palabras-contra-la-violencia\/\" \/>\n<meta property=\"og:locale\" content=\"es_ES\" \/>\n<meta property=\"og:type\" content=\"article\" \/>\n<meta property=\"og:title\" content=\"25N - Palabras contra la violencia - P\u00e1gina Oficial de la EOI de M\u00e1laga ::Los idiomas ponen el mundo a tus pies::\" \/>\n<meta property=\"og:description\" content=\"[vc_row][vc_column][vc_column_text css=\u00bb\u00bb] 25 de noviembre | Palabras contra la violencia Como cada a\u00f1o, la EOI M\u00e1laga se une a la conmemoraci\u00f3n del D\u00eda Internacional para la Eliminaci\u00f3n de la Violencia contra las Mujeres, una fecha que nos invita a reflexionar y a alzar la voz frente a esta realidad que nos afecta como sociedad. En [&hellip;]\" \/>\n<meta property=\"og:url\" content=\"https:\/\/www.eoimalaga.com\/web\/25n-palabras-contra-la-violencia\/\" \/>\n<meta property=\"og:site_name\" content=\"P\u00e1gina Oficial de la EOI de M\u00e1laga ::Los idiomas ponen el mundo a tus pies::\" \/>\n<meta property=\"article:published_time\" content=\"2025-11-06T17:18:40+00:00\" \/>\n<meta property=\"article:modified_time\" content=\"2026-01-26T13:15:41+00:00\" \/>\n<meta property=\"og:image\" content=\"https:\/\/www.eoimalaga.com\/web\/wp-content\/uploads\/2025\/11\/G6lKlTvWMAAtyx1.jpg\" \/>\n\t<meta property=\"og:image:width\" content=\"1080\" \/>\n\t<meta property=\"og:image:height\" content=\"1350\" \/>\n\t<meta property=\"og:image:type\" content=\"image\/jpeg\" \/>\n<meta name=\"author\" content=\"EOI M\u00c1LAGA Direcci\u00f3n\" \/>\n<meta name=\"twitter:card\" content=\"summary_large_image\" \/>\n<meta name=\"twitter:label1\" content=\"Escrito por\" \/>\n\t<meta name=\"twitter:data1\" content=\"EOI M\u00c1LAGA Direcci\u00f3n\" \/>\n\t<meta name=\"twitter:label2\" content=\"Tiempo de lectura\" \/>\n\t<meta name=\"twitter:data2\" content=\"2 minutos\" \/>\n<script type=\"application\/ld+json\" class=\"yoast-schema-graph\">{\"@context\":\"https:\/\/schema.org\",\"@graph\":[{\"@type\":\"WebPage\",\"@id\":\"https:\/\/www.eoimalaga.com\/web\/25n-palabras-contra-la-violencia\/\",\"url\":\"https:\/\/www.eoimalaga.com\/web\/25n-palabras-contra-la-violencia\/\",\"name\":\"25N - Palabras contra la violencia - P\u00e1gina Oficial de la EOI de M\u00e1laga ::Los idiomas ponen el mundo a tus pies::\",\"isPartOf\":{\"@id\":\"https:\/\/www.eoimalaga.com\/web\/#website\"},\"primaryImageOfPage\":{\"@id\":\"https:\/\/www.eoimalaga.com\/web\/25n-palabras-contra-la-violencia\/#primaryimage\"},\"image\":{\"@id\":\"https:\/\/www.eoimalaga.com\/web\/25n-palabras-contra-la-violencia\/#primaryimage\"},\"thumbnailUrl\":\"https:\/\/www.eoimalaga.com\/web\/wp-content\/uploads\/2025\/11\/G6lKlTvWMAAtyx1-819x1024.jpg\",\"datePublished\":\"2025-11-06T17:18:40+00:00\",\"dateModified\":\"2026-01-26T13:15:41+00:00\",\"author\":{\"@id\":\"https:\/\/www.eoimalaga.com\/web\/#\/schema\/person\/0da9e6dd9175c092badaab142c4ea2e6\"},\"breadcrumb\":{\"@id\":\"https:\/\/www.eoimalaga.com\/web\/25n-palabras-contra-la-violencia\/#breadcrumb\"},\"inLanguage\":\"es\",\"potentialAction\":[{\"@type\":\"ReadAction\",\"target\":[\"https:\/\/www.eoimalaga.com\/web\/25n-palabras-contra-la-violencia\/\"]}]},{\"@type\":\"ImageObject\",\"inLanguage\":\"es\",\"@id\":\"https:\/\/www.eoimalaga.com\/web\/25n-palabras-contra-la-violencia\/#primaryimage\",\"url\":\"https:\/\/www.eoimalaga.com\/web\/wp-content\/uploads\/2025\/11\/G6lKlTvWMAAtyx1.jpg\",\"contentUrl\":\"https:\/\/www.eoimalaga.com\/web\/wp-content\/uploads\/2025\/11\/G6lKlTvWMAAtyx1.jpg\",\"width\":1080,\"height\":1350},{\"@type\":\"BreadcrumbList\",\"@id\":\"https:\/\/www.eoimalaga.com\/web\/25n-palabras-contra-la-violencia\/#breadcrumb\",\"itemListElement\":[{\"@type\":\"ListItem\",\"position\":1,\"name\":\"Home\",\"item\":\"https:\/\/www.eoimalaga.com\/web\/\"},{\"@type\":\"ListItem\",\"position\":2,\"name\":\"25N &#8211; Palabras contra la violencia\"}]},{\"@type\":\"WebSite\",\"@id\":\"https:\/\/www.eoimalaga.com\/web\/#website\",\"url\":\"https:\/\/www.eoimalaga.com\/web\/\",\"name\":\"P\u00e1gina Oficial de la EOI de M\u00e1laga ::Los idiomas ponen el mundo a tus pies::\",\"description\":\"EOI M\u00e1laga\",\"potentialAction\":[{\"@type\":\"SearchAction\",\"target\":{\"@type\":\"EntryPoint\",\"urlTemplate\":\"https:\/\/www.eoimalaga.com\/web\/?s={search_term_string}\"},\"query-input\":{\"@type\":\"PropertyValueSpecification\",\"valueRequired\":true,\"valueName\":\"search_term_string\"}}],\"inLanguage\":\"es\"},{\"@type\":\"Person\",\"@id\":\"https:\/\/www.eoimalaga.com\/web\/#\/schema\/person\/0da9e6dd9175c092badaab142c4ea2e6\",\"name\":\"EOI M\u00c1LAGA Direcci\u00f3n\",\"image\":{\"@type\":\"ImageObject\",\"inLanguage\":\"es\",\"@id\":\"https:\/\/www.eoimalaga.com\/web\/#\/schema\/person\/image\/\",\"url\":\"https:\/\/secure.gravatar.com\/avatar\/9dbd3f4640adacc300b0fada7d580e0d?s=96&d=mm&r=g\",\"contentUrl\":\"https:\/\/secure.gravatar.com\/avatar\/9dbd3f4640adacc300b0fada7d580e0d?s=96&d=mm&r=g\",\"caption\":\"EOI M\u00c1LAGA Direcci\u00f3n\"},\"url\":\"https:\/\/www.eoimalaga.com\/web\/author\/direccion-eoi-2019\/\"}]}<\/script>\n<!-- \/ Yoast SEO plugin. -->","yoast_head_json":{"title":"25N - Palabras contra la violencia - P\u00e1gina Oficial de la EOI de M\u00e1laga ::Los idiomas ponen el mundo a tus pies::","robots":{"index":"index","follow":"follow","max-snippet":"max-snippet:-1","max-image-preview":"max-image-preview:large","max-video-preview":"max-video-preview:-1"},"canonical":"https:\/\/www.eoimalaga.com\/web\/25n-palabras-contra-la-violencia\/","og_locale":"es_ES","og_type":"article","og_title":"25N - Palabras contra la violencia - P\u00e1gina Oficial de la EOI de M\u00e1laga ::Los idiomas ponen el mundo a tus pies::","og_description":"[vc_row][vc_column][vc_column_text css=\u00bb\u00bb] 25 de noviembre | Palabras contra la violencia Como cada a\u00f1o, la EOI M\u00e1laga se une a la conmemoraci\u00f3n del D\u00eda Internacional para la Eliminaci\u00f3n de la Violencia contra las Mujeres, una fecha que nos invita a reflexionar y a alzar la voz frente a esta realidad que nos afecta como sociedad. En [&hellip;]","og_url":"https:\/\/www.eoimalaga.com\/web\/25n-palabras-contra-la-violencia\/","og_site_name":"P\u00e1gina Oficial de la EOI de M\u00e1laga ::Los idiomas ponen el mundo a tus pies::","article_published_time":"2025-11-06T17:18:40+00:00","article_modified_time":"2026-01-26T13:15:41+00:00","og_image":[{"width":1080,"height":1350,"url":"https:\/\/www.eoimalaga.com\/web\/wp-content\/uploads\/2025\/11\/G6lKlTvWMAAtyx1.jpg","type":"image\/jpeg"}],"author":"EOI M\u00c1LAGA Direcci\u00f3n","twitter_card":"summary_large_image","twitter_misc":{"Escrito por":"EOI M\u00c1LAGA Direcci\u00f3n","Tiempo de lectura":"2 minutos"},"schema":{"@context":"https:\/\/schema.org","@graph":[{"@type":"WebPage","@id":"https:\/\/www.eoimalaga.com\/web\/25n-palabras-contra-la-violencia\/","url":"https:\/\/www.eoimalaga.com\/web\/25n-palabras-contra-la-violencia\/","name":"25N - Palabras contra la violencia - P\u00e1gina Oficial de la EOI de M\u00e1laga ::Los idiomas ponen el mundo a tus pies::","isPartOf":{"@id":"https:\/\/www.eoimalaga.com\/web\/#website"},"primaryImageOfPage":{"@id":"https:\/\/www.eoimalaga.com\/web\/25n-palabras-contra-la-violencia\/#primaryimage"},"image":{"@id":"https:\/\/www.eoimalaga.com\/web\/25n-palabras-contra-la-violencia\/#primaryimage"},"thumbnailUrl":"https:\/\/www.eoimalaga.com\/web\/wp-content\/uploads\/2025\/11\/G6lKlTvWMAAtyx1-819x1024.jpg","datePublished":"2025-11-06T17:18:40+00:00","dateModified":"2026-01-26T13:15:41+00:00","author":{"@id":"https:\/\/www.eoimalaga.com\/web\/#\/schema\/person\/0da9e6dd9175c092badaab142c4ea2e6"},"breadcrumb":{"@id":"https:\/\/www.eoimalaga.com\/web\/25n-palabras-contra-la-violencia\/#breadcrumb"},"inLanguage":"es","potentialAction":[{"@type":"ReadAction","target":["https:\/\/www.eoimalaga.com\/web\/25n-palabras-contra-la-violencia\/"]}]},{"@type":"ImageObject","inLanguage":"es","@id":"https:\/\/www.eoimalaga.com\/web\/25n-palabras-contra-la-violencia\/#primaryimage","url":"https:\/\/www.eoimalaga.com\/web\/wp-content\/uploads\/2025\/11\/G6lKlTvWMAAtyx1.jpg","contentUrl":"https:\/\/www.eoimalaga.com\/web\/wp-content\/uploads\/2025\/11\/G6lKlTvWMAAtyx1.jpg","width":1080,"height":1350},{"@type":"BreadcrumbList","@id":"https:\/\/www.eoimalaga.com\/web\/25n-palabras-contra-la-violencia\/#breadcrumb","itemListElement":[{"@type":"ListItem","position":1,"name":"Home","item":"https:\/\/www.eoimalaga.com\/web\/"},{"@type":"ListItem","position":2,"name":"25N &#8211; Palabras contra la violencia"}]},{"@type":"WebSite","@id":"https:\/\/www.eoimalaga.com\/web\/#website","url":"https:\/\/www.eoimalaga.com\/web\/","name":"P\u00e1gina Oficial de la EOI de M\u00e1laga ::Los idiomas ponen el mundo a tus pies::","description":"EOI M\u00e1laga","potentialAction":[{"@type":"SearchAction","target":{"@type":"EntryPoint","urlTemplate":"https:\/\/www.eoimalaga.com\/web\/?s={search_term_string}"},"query-input":{"@type":"PropertyValueSpecification","valueRequired":true,"valueName":"search_term_string"}}],"inLanguage":"es"},{"@type":"Person","@id":"https:\/\/www.eoimalaga.com\/web\/#\/schema\/person\/0da9e6dd9175c092badaab142c4ea2e6","name":"EOI M\u00c1LAGA Direcci\u00f3n","image":{"@type":"ImageObject","inLanguage":"es","@id":"https:\/\/www.eoimalaga.com\/web\/#\/schema\/person\/image\/","url":"https:\/\/secure.gravatar.com\/avatar\/9dbd3f4640adacc300b0fada7d580e0d?s=96&d=mm&r=g","contentUrl":"https:\/\/secure.gravatar.com\/avatar\/9dbd3f4640adacc300b0fada7d580e0d?s=96&d=mm&r=g","caption":"EOI M\u00c1LAGA Direcci\u00f3n"},"url":"https:\/\/www.eoimalaga.com\/web\/author\/direccion-eoi-2019\/"}]}},"_links":{"self":[{"href":"https:\/\/www.eoimalaga.com\/web\/wp-json\/wp\/v2\/posts\/22571","targetHints":{"allow":["GET"]}}],"collection":[{"href":"https:\/\/www.eoimalaga.com\/web\/wp-json\/wp\/v2\/posts"}],"about":[{"href":"https:\/\/www.eoimalaga.com\/web\/wp-json\/wp\/v2\/types\/post"}],"author":[{"embeddable":true,"href":"https:\/\/www.eoimalaga.com\/web\/wp-json\/wp\/v2\/users\/12"}],"replies":[{"embeddable":true,"href":"https:\/\/www.eoimalaga.com\/web\/wp-json\/wp\/v2\/comments?post=22571"}],"version-history":[{"count":4,"href":"https:\/\/www.eoimalaga.com\/web\/wp-json\/wp\/v2\/posts\/22571\/revisions"}],"predecessor-version":[{"id":22863,"href":"https:\/\/www.eoimalaga.com\/web\/wp-json\/wp\/v2\/posts\/22571\/revisions\/22863"}],"wp:attachment":[{"href":"https:\/\/www.eoimalaga.com\/web\/wp-json\/wp\/v2\/media?parent=22571"}],"wp:term":[{"taxonomy":"category","embeddable":true,"href":"https:\/\/www.eoimalaga.com\/web\/wp-json\/wp\/v2\/categories?post=22571"},{"taxonomy":"post_tag","embeddable":true,"href":"https:\/\/www.eoimalaga.com\/web\/wp-json\/wp\/v2\/tags?post=22571"}],"curies":[{"name":"wp","href":"https:\/\/api.w.org\/{rel}","templated":true}]}}