{"id":20514,"date":"2025-01-17T13:28:31","date_gmt":"2025-01-17T11:28:31","guid":{"rendered":"https:\/\/www.eoimalaga.com\/web\/?p=20514"},"modified":"2025-05-04T01:08:59","modified_gmt":"2025-05-03T23:08:59","slug":"cima-arte-c1-2-2o24","status":"publish","type":"post","link":"https:\/\/www.eoimalaga.com\/web\/cima-arte-c1-2-2o24\/","title":{"rendered":"CIMA-ARTE-C1.2-2O24"},"content":{"rendered":"<div class=\"wpb-content-wrapper\"><p>[vc_row][vc_column][vc_column_text css=\u00bb\u00bb]<\/p>\n<h1 style=\"text-align: center;\"><span style=\"font-size: 36pt;\">CURSO 24\/25<\/span><\/h1>\n<p>[\/vc_column_text][\/vc_column][\/vc_row][vc_row content_placement=\u00bbmiddle\u00bb][vc_column width=\u00bb1\/3&#8243;][vc_column_text]<img loading=\"lazy\" decoding=\"async\" class=\"wp-image-18056 aligncenter\" src=\"https:\/\/www.eoimalaga.com\/web\/wp-content\/uploads\/2024\/01\/Logo-CIMA_max-calidad-1024x476.png\" alt=\"\" width=\"250\" height=\"116\" srcset=\"https:\/\/www.eoimalaga.com\/web\/wp-content\/uploads\/2024\/01\/Logo-CIMA_max-calidad-1024x476.png 1024w, https:\/\/www.eoimalaga.com\/web\/wp-content\/uploads\/2024\/01\/Logo-CIMA_max-calidad-300x139.png 300w, https:\/\/www.eoimalaga.com\/web\/wp-content\/uploads\/2024\/01\/Logo-CIMA_max-calidad-768x357.png 768w, https:\/\/www.eoimalaga.com\/web\/wp-content\/uploads\/2024\/01\/Logo-CIMA_max-calidad-1536x713.png 1536w, https:\/\/www.eoimalaga.com\/web\/wp-content\/uploads\/2024\/01\/Logo-CIMA_max-calidad.png 1744w\" sizes=\"auto, (max-width: 250px) 100vw, 250px\" \/>[\/vc_column_text][\/vc_column][vc_column width=\u00bb1\/3&#8243;][vc_empty_space][vc_column_text]<\/p>\n<h1 style=\"text-align: center;\"><span style=\"font-size: 36pt;\">Arte y Cultura<\/span><\/h1>\n<p>[\/vc_column_text][\/vc_column][vc_column width=\u00bb1\/3&#8243;][vc_empty_space][vc_column_text]<\/p>\n<h1 style=\"text-align: center;\"><span style=\"color: #134984; font-size: 36pt;\">C1.2<\/span><\/h1>\n<p>[\/vc_column_text][\/vc_column][\/vc_row][vc_row][vc_column width=\u00bb1\/2&#8243;][vc_gallery interval=\u00bb3&#8243; images=\u00bb20555,20558,20554&#8243; css=\u00bb\u00bb][\/vc_column][vc_column width=\u00bb1\/2&#8243;][vc_column_text css=\u00bb\u00bb]Visita tur\u00edstica guiada en lengua inglesa al Museo del Vidrio y Cristal de M\u00e1laga.<\/p>\n<p>Fecha: 11 de diciembre de 2025.<\/p>\n<p>Alumnado de ingl\u00e9s: <strong>IN70ALX0900A <\/strong>\u2013 2\u00ba N. Avanzado C1 y <strong>IN70ALX1115A<\/strong> \u2013 2\u00ba N. Avanzado C1<\/p>\n<p>Profesora \/tutora: <strong>Mar\u00eda Luisa Espinar<\/strong>[\/vc_column_text][\/vc_column][\/vc_row]<\/p>\n<\/div>","protected":false},"excerpt":{"rendered":"<p>[vc_row][vc_column][vc_column_text css=\u00bb\u00bb] CURSO 24\/25 [\/vc_column_text][\/vc_column][\/vc_row][vc_row content_placement=\u00bbmiddle\u00bb][vc_column width=\u00bb1\/3&#8243;][vc_column_text][\/vc_column_text][\/vc_column][vc_column width=\u00bb1\/3&#8243;][vc_empty_space][vc_column_text] Arte y Cultura [\/vc_column_text][\/vc_column][vc_column width=\u00bb1\/3&#8243;][vc_empty_space][vc_column_text] C1.2 [\/vc_column_text][\/vc_column][\/vc_row][vc_row][vc_column width=\u00bb1\/2&#8243;][vc_gallery interval=\u00bb3&#8243; images=\u00bb20555,20558,20554&#8243; css=\u00bb\u00bb][\/vc_column][vc_column width=\u00bb1\/2&#8243;][vc_column_text css=\u00bb\u00bb]Visita tur\u00edstica guiada en lengua inglesa al Museo del Vidrio y Cristal de M\u00e1laga. Fecha: 11 de diciembre de 2025. Alumnado de ingl\u00e9s: IN70ALX0900A \u2013 2\u00ba N. Avanzado C1 y IN70ALX1115A \u2013 2\u00ba N. Avanzado [&hellip;]<\/p>\n","protected":false},"author":12,"featured_media":0,"comment_status":"closed","ping_status":"closed","sticky":false,"template":"","format":"standard","meta":{"inline_featured_image":false,"footnotes":""},"categories":[95],"tags":[],"class_list":["post-20514","post","type-post","status-publish","format-standard","hentry","category-cima"],"yoast_head":"<!-- This site is optimized with the Yoast SEO plugin v26.5 - https:\/\/yoast.com\/wordpress\/plugins\/seo\/ -->\n<title>CIMA-ARTE-C1.2-2O24 - P\u00e1gina Oficial de la EOI de M\u00e1laga ::Los idiomas ponen el mundo a tus pies::<\/title>\n<meta name=\"robots\" content=\"index, follow, max-snippet:-1, max-image-preview:large, max-video-preview:-1\" \/>\n<link rel=\"canonical\" href=\"https:\/\/www.eoimalaga.com\/web\/cima-arte-c1-2-2o24\/\" \/>\n<meta property=\"og:locale\" content=\"es_ES\" \/>\n<meta property=\"og:type\" content=\"article\" \/>\n<meta property=\"og:title\" content=\"CIMA-ARTE-C1.2-2O24 - P\u00e1gina Oficial de la EOI de M\u00e1laga ::Los idiomas ponen el mundo a tus pies::\" \/>\n<meta property=\"og:description\" content=\"[vc_row][vc_column][vc_column_text css=\u00bb\u00bb] CURSO 24\/25 [\/vc_column_text][\/vc_column][\/vc_row][vc_row content_placement=\u00bbmiddle\u00bb][vc_column width=\u00bb1\/3&#8243;][vc_column_text][\/vc_column_text][\/vc_column][vc_column width=\u00bb1\/3&#8243;][vc_empty_space][vc_column_text] Arte y Cultura [\/vc_column_text][\/vc_column][vc_column width=\u00bb1\/3&#8243;][vc_empty_space][vc_column_text] C1.2 [\/vc_column_text][\/vc_column][\/vc_row][vc_row][vc_column width=\u00bb1\/2&#8243;][vc_gallery interval=\u00bb3&#8243; images=\u00bb20555,20558,20554&#8243; css=\u00bb\u00bb][\/vc_column][vc_column width=\u00bb1\/2&#8243;][vc_column_text css=\u00bb\u00bb]Visita tur\u00edstica guiada en lengua inglesa al Museo del Vidrio y Cristal de M\u00e1laga. Fecha: 11 de diciembre de 2025. Alumnado de ingl\u00e9s: IN70ALX0900A \u2013 2\u00ba N. Avanzado C1 y IN70ALX1115A \u2013 2\u00ba N. Avanzado [&hellip;]\" \/>\n<meta property=\"og:url\" content=\"https:\/\/www.eoimalaga.com\/web\/cima-arte-c1-2-2o24\/\" \/>\n<meta property=\"og:site_name\" content=\"P\u00e1gina Oficial de la EOI de M\u00e1laga ::Los idiomas ponen el mundo a tus pies::\" \/>\n<meta property=\"article:published_time\" content=\"2025-01-17T11:28:31+00:00\" \/>\n<meta property=\"article:modified_time\" content=\"2025-05-03T23:08:59+00:00\" \/>\n<meta property=\"og:image\" content=\"https:\/\/www.eoimalaga.com\/web\/wp-content\/uploads\/2024\/01\/Logo-CIMA_max-calidad.png\" \/>\n\t<meta property=\"og:image:width\" content=\"1744\" \/>\n\t<meta property=\"og:image:height\" content=\"810\" \/>\n\t<meta property=\"og:image:type\" content=\"image\/png\" \/>\n<meta name=\"author\" content=\"EOI M\u00c1LAGA Direcci\u00f3n\" \/>\n<meta name=\"twitter:card\" content=\"summary_large_image\" \/>\n<meta name=\"twitter:label1\" content=\"Escrito por\" \/>\n\t<meta name=\"twitter:data1\" content=\"EOI M\u00c1LAGA Direcci\u00f3n\" \/>\n\t<meta name=\"twitter:label2\" content=\"Tiempo de lectura\" \/>\n\t<meta name=\"twitter:data2\" content=\"1 minuto\" \/>\n<script type=\"application\/ld+json\" class=\"yoast-schema-graph\">{\"@context\":\"https:\/\/schema.org\",\"@graph\":[{\"@type\":\"WebPage\",\"@id\":\"https:\/\/www.eoimalaga.com\/web\/cima-arte-c1-2-2o24\/\",\"url\":\"https:\/\/www.eoimalaga.com\/web\/cima-arte-c1-2-2o24\/\",\"name\":\"CIMA-ARTE-C1.2-2O24 - P\u00e1gina Oficial de la EOI de M\u00e1laga ::Los idiomas ponen el mundo a tus pies::\",\"isPartOf\":{\"@id\":\"https:\/\/www.eoimalaga.com\/web\/#website\"},\"primaryImageOfPage\":{\"@id\":\"https:\/\/www.eoimalaga.com\/web\/cima-arte-c1-2-2o24\/#primaryimage\"},\"image\":{\"@id\":\"https:\/\/www.eoimalaga.com\/web\/cima-arte-c1-2-2o24\/#primaryimage\"},\"thumbnailUrl\":\"https:\/\/www.eoimalaga.com\/web\/wp-content\/uploads\/2024\/01\/Logo-CIMA_max-calidad-1024x476.png\",\"datePublished\":\"2025-01-17T11:28:31+00:00\",\"dateModified\":\"2025-05-03T23:08:59+00:00\",\"author\":{\"@id\":\"https:\/\/www.eoimalaga.com\/web\/#\/schema\/person\/0da9e6dd9175c092badaab142c4ea2e6\"},\"breadcrumb\":{\"@id\":\"https:\/\/www.eoimalaga.com\/web\/cima-arte-c1-2-2o24\/#breadcrumb\"},\"inLanguage\":\"es\",\"potentialAction\":[{\"@type\":\"ReadAction\",\"target\":[\"https:\/\/www.eoimalaga.com\/web\/cima-arte-c1-2-2o24\/\"]}]},{\"@type\":\"ImageObject\",\"inLanguage\":\"es\",\"@id\":\"https:\/\/www.eoimalaga.com\/web\/cima-arte-c1-2-2o24\/#primaryimage\",\"url\":\"https:\/\/www.eoimalaga.com\/web\/wp-content\/uploads\/2024\/01\/Logo-CIMA_max-calidad.png\",\"contentUrl\":\"https:\/\/www.eoimalaga.com\/web\/wp-content\/uploads\/2024\/01\/Logo-CIMA_max-calidad.png\",\"width\":1744,\"height\":810},{\"@type\":\"BreadcrumbList\",\"@id\":\"https:\/\/www.eoimalaga.com\/web\/cima-arte-c1-2-2o24\/#breadcrumb\",\"itemListElement\":[{\"@type\":\"ListItem\",\"position\":1,\"name\":\"Home\",\"item\":\"https:\/\/www.eoimalaga.com\/web\/\"},{\"@type\":\"ListItem\",\"position\":2,\"name\":\"CIMA-ARTE-C1.2-2O24\"}]},{\"@type\":\"WebSite\",\"@id\":\"https:\/\/www.eoimalaga.com\/web\/#website\",\"url\":\"https:\/\/www.eoimalaga.com\/web\/\",\"name\":\"P\u00e1gina Oficial de la EOI de M\u00e1laga ::Los idiomas ponen el mundo a tus pies::\",\"description\":\"EOI M\u00e1laga\",\"potentialAction\":[{\"@type\":\"SearchAction\",\"target\":{\"@type\":\"EntryPoint\",\"urlTemplate\":\"https:\/\/www.eoimalaga.com\/web\/?s={search_term_string}\"},\"query-input\":{\"@type\":\"PropertyValueSpecification\",\"valueRequired\":true,\"valueName\":\"search_term_string\"}}],\"inLanguage\":\"es\"},{\"@type\":\"Person\",\"@id\":\"https:\/\/www.eoimalaga.com\/web\/#\/schema\/person\/0da9e6dd9175c092badaab142c4ea2e6\",\"name\":\"EOI M\u00c1LAGA Direcci\u00f3n\",\"image\":{\"@type\":\"ImageObject\",\"inLanguage\":\"es\",\"@id\":\"https:\/\/www.eoimalaga.com\/web\/#\/schema\/person\/image\/\",\"url\":\"https:\/\/secure.gravatar.com\/avatar\/9dbd3f4640adacc300b0fada7d580e0d?s=96&d=mm&r=g\",\"contentUrl\":\"https:\/\/secure.gravatar.com\/avatar\/9dbd3f4640adacc300b0fada7d580e0d?s=96&d=mm&r=g\",\"caption\":\"EOI M\u00c1LAGA Direcci\u00f3n\"},\"url\":\"https:\/\/www.eoimalaga.com\/web\/author\/direccion-eoi-2019\/\"}]}<\/script>\n<!-- \/ Yoast SEO plugin. -->","yoast_head_json":{"title":"CIMA-ARTE-C1.2-2O24 - P\u00e1gina Oficial de la EOI de M\u00e1laga ::Los idiomas ponen el mundo a tus pies::","robots":{"index":"index","follow":"follow","max-snippet":"max-snippet:-1","max-image-preview":"max-image-preview:large","max-video-preview":"max-video-preview:-1"},"canonical":"https:\/\/www.eoimalaga.com\/web\/cima-arte-c1-2-2o24\/","og_locale":"es_ES","og_type":"article","og_title":"CIMA-ARTE-C1.2-2O24 - P\u00e1gina Oficial de la EOI de M\u00e1laga ::Los idiomas ponen el mundo a tus pies::","og_description":"[vc_row][vc_column][vc_column_text css=\u00bb\u00bb] CURSO 24\/25 [\/vc_column_text][\/vc_column][\/vc_row][vc_row content_placement=\u00bbmiddle\u00bb][vc_column width=\u00bb1\/3&#8243;][vc_column_text][\/vc_column_text][\/vc_column][vc_column width=\u00bb1\/3&#8243;][vc_empty_space][vc_column_text] Arte y Cultura [\/vc_column_text][\/vc_column][vc_column width=\u00bb1\/3&#8243;][vc_empty_space][vc_column_text] C1.2 [\/vc_column_text][\/vc_column][\/vc_row][vc_row][vc_column width=\u00bb1\/2&#8243;][vc_gallery interval=\u00bb3&#8243; images=\u00bb20555,20558,20554&#8243; css=\u00bb\u00bb][\/vc_column][vc_column width=\u00bb1\/2&#8243;][vc_column_text css=\u00bb\u00bb]Visita tur\u00edstica guiada en lengua inglesa al Museo del Vidrio y Cristal de M\u00e1laga. Fecha: 11 de diciembre de 2025. Alumnado de ingl\u00e9s: IN70ALX0900A \u2013 2\u00ba N. Avanzado C1 y IN70ALX1115A \u2013 2\u00ba N. Avanzado [&hellip;]","og_url":"https:\/\/www.eoimalaga.com\/web\/cima-arte-c1-2-2o24\/","og_site_name":"P\u00e1gina Oficial de la EOI de M\u00e1laga ::Los idiomas ponen el mundo a tus pies::","article_published_time":"2025-01-17T11:28:31+00:00","article_modified_time":"2025-05-03T23:08:59+00:00","og_image":[{"width":1744,"height":810,"url":"https:\/\/www.eoimalaga.com\/web\/wp-content\/uploads\/2024\/01\/Logo-CIMA_max-calidad.png","type":"image\/png"}],"author":"EOI M\u00c1LAGA Direcci\u00f3n","twitter_card":"summary_large_image","twitter_misc":{"Escrito por":"EOI M\u00c1LAGA Direcci\u00f3n","Tiempo de lectura":"1 minuto"},"schema":{"@context":"https:\/\/schema.org","@graph":[{"@type":"WebPage","@id":"https:\/\/www.eoimalaga.com\/web\/cima-arte-c1-2-2o24\/","url":"https:\/\/www.eoimalaga.com\/web\/cima-arte-c1-2-2o24\/","name":"CIMA-ARTE-C1.2-2O24 - P\u00e1gina Oficial de la EOI de M\u00e1laga ::Los idiomas ponen el mundo a tus pies::","isPartOf":{"@id":"https:\/\/www.eoimalaga.com\/web\/#website"},"primaryImageOfPage":{"@id":"https:\/\/www.eoimalaga.com\/web\/cima-arte-c1-2-2o24\/#primaryimage"},"image":{"@id":"https:\/\/www.eoimalaga.com\/web\/cima-arte-c1-2-2o24\/#primaryimage"},"thumbnailUrl":"https:\/\/www.eoimalaga.com\/web\/wp-content\/uploads\/2024\/01\/Logo-CIMA_max-calidad-1024x476.png","datePublished":"2025-01-17T11:28:31+00:00","dateModified":"2025-05-03T23:08:59+00:00","author":{"@id":"https:\/\/www.eoimalaga.com\/web\/#\/schema\/person\/0da9e6dd9175c092badaab142c4ea2e6"},"breadcrumb":{"@id":"https:\/\/www.eoimalaga.com\/web\/cima-arte-c1-2-2o24\/#breadcrumb"},"inLanguage":"es","potentialAction":[{"@type":"ReadAction","target":["https:\/\/www.eoimalaga.com\/web\/cima-arte-c1-2-2o24\/"]}]},{"@type":"ImageObject","inLanguage":"es","@id":"https:\/\/www.eoimalaga.com\/web\/cima-arte-c1-2-2o24\/#primaryimage","url":"https:\/\/www.eoimalaga.com\/web\/wp-content\/uploads\/2024\/01\/Logo-CIMA_max-calidad.png","contentUrl":"https:\/\/www.eoimalaga.com\/web\/wp-content\/uploads\/2024\/01\/Logo-CIMA_max-calidad.png","width":1744,"height":810},{"@type":"BreadcrumbList","@id":"https:\/\/www.eoimalaga.com\/web\/cima-arte-c1-2-2o24\/#breadcrumb","itemListElement":[{"@type":"ListItem","position":1,"name":"Home","item":"https:\/\/www.eoimalaga.com\/web\/"},{"@type":"ListItem","position":2,"name":"CIMA-ARTE-C1.2-2O24"}]},{"@type":"WebSite","@id":"https:\/\/www.eoimalaga.com\/web\/#website","url":"https:\/\/www.eoimalaga.com\/web\/","name":"P\u00e1gina Oficial de la EOI de M\u00e1laga ::Los idiomas ponen el mundo a tus pies::","description":"EOI M\u00e1laga","potentialAction":[{"@type":"SearchAction","target":{"@type":"EntryPoint","urlTemplate":"https:\/\/www.eoimalaga.com\/web\/?s={search_term_string}"},"query-input":{"@type":"PropertyValueSpecification","valueRequired":true,"valueName":"search_term_string"}}],"inLanguage":"es"},{"@type":"Person","@id":"https:\/\/www.eoimalaga.com\/web\/#\/schema\/person\/0da9e6dd9175c092badaab142c4ea2e6","name":"EOI M\u00c1LAGA Direcci\u00f3n","image":{"@type":"ImageObject","inLanguage":"es","@id":"https:\/\/www.eoimalaga.com\/web\/#\/schema\/person\/image\/","url":"https:\/\/secure.gravatar.com\/avatar\/9dbd3f4640adacc300b0fada7d580e0d?s=96&d=mm&r=g","contentUrl":"https:\/\/secure.gravatar.com\/avatar\/9dbd3f4640adacc300b0fada7d580e0d?s=96&d=mm&r=g","caption":"EOI M\u00c1LAGA Direcci\u00f3n"},"url":"https:\/\/www.eoimalaga.com\/web\/author\/direccion-eoi-2019\/"}]}},"_links":{"self":[{"href":"https:\/\/www.eoimalaga.com\/web\/wp-json\/wp\/v2\/posts\/20514","targetHints":{"allow":["GET"]}}],"collection":[{"href":"https:\/\/www.eoimalaga.com\/web\/wp-json\/wp\/v2\/posts"}],"about":[{"href":"https:\/\/www.eoimalaga.com\/web\/wp-json\/wp\/v2\/types\/post"}],"author":[{"embeddable":true,"href":"https:\/\/www.eoimalaga.com\/web\/wp-json\/wp\/v2\/users\/12"}],"replies":[{"embeddable":true,"href":"https:\/\/www.eoimalaga.com\/web\/wp-json\/wp\/v2\/comments?post=20514"}],"version-history":[{"count":7,"href":"https:\/\/www.eoimalaga.com\/web\/wp-json\/wp\/v2\/posts\/20514\/revisions"}],"predecessor-version":[{"id":21745,"href":"https:\/\/www.eoimalaga.com\/web\/wp-json\/wp\/v2\/posts\/20514\/revisions\/21745"}],"wp:attachment":[{"href":"https:\/\/www.eoimalaga.com\/web\/wp-json\/wp\/v2\/media?parent=20514"}],"wp:term":[{"taxonomy":"category","embeddable":true,"href":"https:\/\/www.eoimalaga.com\/web\/wp-json\/wp\/v2\/categories?post=20514"},{"taxonomy":"post_tag","embeddable":true,"href":"https:\/\/www.eoimalaga.com\/web\/wp-json\/wp\/v2\/tags?post=20514"}],"curies":[{"name":"wp","href":"https:\/\/api.w.org\/{rel}","templated":true}]}}