{"id":18157,"date":"2024-01-31T16:16:29","date_gmt":"2024-01-31T14:16:29","guid":{"rendered":"https:\/\/www.eoimalaga.com\/web\/?p=18157"},"modified":"2024-06-24T19:15:40","modified_gmt":"2024-06-24T17:15:40","slug":"cima-com-b1","status":"publish","type":"post","link":"https:\/\/www.eoimalaga.com\/web\/cima-com-b1\/","title":{"rendered":"CIMA-COM-B1"},"content":{"rendered":"<div class=\"wpb-content-wrapper\"><p>[vc_row][vc_column][vc_column_text]<\/p>\n<h1 style=\"text-align: center;\"><span style=\"font-size: 36pt;\">CURSO 23\/24<\/span><\/h1>\n<p>[\/vc_column_text][\/vc_column][\/vc_row][vc_row content_placement=\u00bbmiddle\u00bb][vc_column width=\u00bb1\/3&#8243;][vc_column_text]<img loading=\"lazy\" decoding=\"async\" class=\"wp-image-18056 aligncenter\" src=\"https:\/\/www.eoimalaga.com\/web\/wp-content\/uploads\/2024\/01\/Logo-CIMA_max-calidad-1024x476.png\" alt=\"\" width=\"250\" height=\"116\" srcset=\"https:\/\/www.eoimalaga.com\/web\/wp-content\/uploads\/2024\/01\/Logo-CIMA_max-calidad-1024x476.png 1024w, https:\/\/www.eoimalaga.com\/web\/wp-content\/uploads\/2024\/01\/Logo-CIMA_max-calidad-300x139.png 300w, https:\/\/www.eoimalaga.com\/web\/wp-content\/uploads\/2024\/01\/Logo-CIMA_max-calidad-768x357.png 768w, https:\/\/www.eoimalaga.com\/web\/wp-content\/uploads\/2024\/01\/Logo-CIMA_max-calidad-1536x713.png 1536w, https:\/\/www.eoimalaga.com\/web\/wp-content\/uploads\/2024\/01\/Logo-CIMA_max-calidad.png 1744w\" sizes=\"auto, (max-width: 250px) 100vw, 250px\" \/>[\/vc_column_text][\/vc_column][vc_column width=\u00bb1\/3&#8243;][vc_empty_space][vc_column_text]<\/p>\n<h1 style=\"text-align: center;\"><span style=\"font-size: 36pt;\">Comunicaci\u00f3n<\/span><\/h1>\n<p>[\/vc_column_text][\/vc_column][vc_column width=\u00bb1\/3&#8243;][vc_empty_space][vc_column_text]<\/p>\n<h1 style=\"text-align: center;\"><span style=\"color: #134984; font-size: 36pt;\">B1<\/span><\/h1>\n<p>[\/vc_column_text][\/vc_column][\/vc_row][vc_row][vc_column][vc_empty_space][\/vc_column][\/vc_row][vc_row][vc_column][vc_column_text]<span style=\"font-weight: 400;\">Durante el mes de mayo, y coincidiendo con el periodo de la preinscripci\u00f3n, el Dpto. de alem\u00e1n pone en marcha un concurso para fomentar el acercamiento a la lengua alemana de personas que se est\u00e1n preinscribiendo en la escuela o bien se est\u00e1n interesando por la misma. En este caso se propone un formulario con distintas preguntas (usos de la lengua que pueden ser intuidos por conocimiento de otras lenguas). Para ayudar a cumplimentar el formulario se ha colocado en la cafeter\u00eda una exposici\u00f3n de carteles sobre fen\u00f3menos gramaticales de la lengua alemana. Se adjunta cartel de difusi\u00f3n.\u00a0<\/span><\/p>\n<p>Autora: ASC[\/vc_column_text][\/vc_column][\/vc_row][vc_row][vc_column][vc_single_image image=\u00bb18910&#8243; alignment=\u00bbcenter\u00bb title=\u00bbConcurso para acercar el alem\u00e1n en \u00e9poca de preinscripci\u00f3n\u00bb][\/vc_column][\/vc_row][vc_row][vc_column][vc_single_image image=\u00bb18911&#8243; alignment=\u00bbcenter\u00bb title=\u00bbCartel del concurso\u00bb][\/vc_column][\/vc_row]<\/p>\n<\/div>","protected":false},"excerpt":{"rendered":"<p>[vc_row][vc_column][vc_column_text] CURSO 23\/24 [\/vc_column_text][\/vc_column][\/vc_row][vc_row content_placement=\u00bbmiddle\u00bb][vc_column width=\u00bb1\/3&#8243;][vc_column_text][\/vc_column_text][\/vc_column][vc_column width=\u00bb1\/3&#8243;][vc_empty_space][vc_column_text] Comunicaci\u00f3n [\/vc_column_text][\/vc_column][vc_column width=\u00bb1\/3&#8243;][vc_empty_space][vc_column_text] B1 [\/vc_column_text][\/vc_column][\/vc_row][vc_row][vc_column][vc_empty_space][\/vc_column][\/vc_row][vc_row][vc_column][vc_column_text]Durante el mes de mayo, y coincidiendo con el periodo de la preinscripci\u00f3n, el Dpto. de alem\u00e1n pone en marcha un concurso para fomentar el acercamiento a la lengua alemana de personas que se est\u00e1n preinscribiendo en la escuela o bien se est\u00e1n interesando [&hellip;]<\/p>\n","protected":false},"author":12,"featured_media":0,"comment_status":"closed","ping_status":"closed","sticky":false,"template":"","format":"standard","meta":{"inline_featured_image":false,"footnotes":""},"categories":[95],"tags":[],"class_list":["post-18157","post","type-post","status-publish","format-standard","hentry","category-cima"],"yoast_head":"<!-- This site is optimized with the Yoast SEO plugin v26.5 - https:\/\/yoast.com\/wordpress\/plugins\/seo\/ -->\n<title>CIMA-COM-B1 - P\u00e1gina Oficial de la EOI de M\u00e1laga ::Los idiomas ponen el mundo a tus pies::<\/title>\n<meta name=\"robots\" content=\"index, follow, max-snippet:-1, max-image-preview:large, max-video-preview:-1\" \/>\n<link rel=\"canonical\" href=\"https:\/\/www.eoimalaga.com\/web\/cima-com-b1\/\" \/>\n<meta property=\"og:locale\" content=\"es_ES\" \/>\n<meta property=\"og:type\" content=\"article\" \/>\n<meta property=\"og:title\" content=\"CIMA-COM-B1 - P\u00e1gina Oficial de la EOI de M\u00e1laga ::Los idiomas ponen el mundo a tus pies::\" \/>\n<meta property=\"og:description\" content=\"[vc_row][vc_column][vc_column_text] CURSO 23\/24 [\/vc_column_text][\/vc_column][\/vc_row][vc_row content_placement=\u00bbmiddle\u00bb][vc_column width=\u00bb1\/3&#8243;][vc_column_text][\/vc_column_text][\/vc_column][vc_column width=\u00bb1\/3&#8243;][vc_empty_space][vc_column_text] Comunicaci\u00f3n [\/vc_column_text][\/vc_column][vc_column width=\u00bb1\/3&#8243;][vc_empty_space][vc_column_text] B1 [\/vc_column_text][\/vc_column][\/vc_row][vc_row][vc_column][vc_empty_space][\/vc_column][\/vc_row][vc_row][vc_column][vc_column_text]Durante el mes de mayo, y coincidiendo con el periodo de la preinscripci\u00f3n, el Dpto. de alem\u00e1n pone en marcha un concurso para fomentar el acercamiento a la lengua alemana de personas que se est\u00e1n preinscribiendo en la escuela o bien se est\u00e1n interesando [&hellip;]\" \/>\n<meta property=\"og:url\" content=\"https:\/\/www.eoimalaga.com\/web\/cima-com-b1\/\" \/>\n<meta property=\"og:site_name\" content=\"P\u00e1gina Oficial de la EOI de M\u00e1laga ::Los idiomas ponen el mundo a tus pies::\" \/>\n<meta property=\"article:published_time\" content=\"2024-01-31T14:16:29+00:00\" \/>\n<meta property=\"article:modified_time\" content=\"2024-06-24T17:15:40+00:00\" \/>\n<meta property=\"og:image\" content=\"https:\/\/www.eoimalaga.com\/web\/wp-content\/uploads\/2024\/01\/Logo-CIMA_max-calidad-1024x476.png\" \/>\n<meta name=\"author\" content=\"EOI M\u00c1LAGA Direcci\u00f3n\" \/>\n<meta name=\"twitter:card\" content=\"summary_large_image\" \/>\n<meta name=\"twitter:label1\" content=\"Escrito por\" \/>\n\t<meta name=\"twitter:data1\" content=\"EOI M\u00c1LAGA Direcci\u00f3n\" \/>\n\t<meta name=\"twitter:label2\" content=\"Tiempo de lectura\" \/>\n\t<meta name=\"twitter:data2\" content=\"1 minuto\" \/>\n<script type=\"application\/ld+json\" class=\"yoast-schema-graph\">{\"@context\":\"https:\/\/schema.org\",\"@graph\":[{\"@type\":\"WebPage\",\"@id\":\"https:\/\/www.eoimalaga.com\/web\/cima-com-b1\/\",\"url\":\"https:\/\/www.eoimalaga.com\/web\/cima-com-b1\/\",\"name\":\"CIMA-COM-B1 - P\u00e1gina Oficial de la EOI de M\u00e1laga ::Los idiomas ponen el mundo a tus pies::\",\"isPartOf\":{\"@id\":\"https:\/\/www.eoimalaga.com\/web\/#website\"},\"primaryImageOfPage\":{\"@id\":\"https:\/\/www.eoimalaga.com\/web\/cima-com-b1\/#primaryimage\"},\"image\":{\"@id\":\"https:\/\/www.eoimalaga.com\/web\/cima-com-b1\/#primaryimage\"},\"thumbnailUrl\":\"https:\/\/www.eoimalaga.com\/web\/wp-content\/uploads\/2024\/01\/Logo-CIMA_max-calidad-1024x476.png\",\"datePublished\":\"2024-01-31T14:16:29+00:00\",\"dateModified\":\"2024-06-24T17:15:40+00:00\",\"author\":{\"@id\":\"https:\/\/www.eoimalaga.com\/web\/#\/schema\/person\/0da9e6dd9175c092badaab142c4ea2e6\"},\"breadcrumb\":{\"@id\":\"https:\/\/www.eoimalaga.com\/web\/cima-com-b1\/#breadcrumb\"},\"inLanguage\":\"es\",\"potentialAction\":[{\"@type\":\"ReadAction\",\"target\":[\"https:\/\/www.eoimalaga.com\/web\/cima-com-b1\/\"]}]},{\"@type\":\"ImageObject\",\"inLanguage\":\"es\",\"@id\":\"https:\/\/www.eoimalaga.com\/web\/cima-com-b1\/#primaryimage\",\"url\":\"https:\/\/www.eoimalaga.com\/web\/wp-content\/uploads\/2024\/01\/Logo-CIMA_max-calidad.png\",\"contentUrl\":\"https:\/\/www.eoimalaga.com\/web\/wp-content\/uploads\/2024\/01\/Logo-CIMA_max-calidad.png\",\"width\":1744,\"height\":810},{\"@type\":\"BreadcrumbList\",\"@id\":\"https:\/\/www.eoimalaga.com\/web\/cima-com-b1\/#breadcrumb\",\"itemListElement\":[{\"@type\":\"ListItem\",\"position\":1,\"name\":\"Home\",\"item\":\"https:\/\/www.eoimalaga.com\/web\/\"},{\"@type\":\"ListItem\",\"position\":2,\"name\":\"CIMA-COM-B1\"}]},{\"@type\":\"WebSite\",\"@id\":\"https:\/\/www.eoimalaga.com\/web\/#website\",\"url\":\"https:\/\/www.eoimalaga.com\/web\/\",\"name\":\"P\u00e1gina Oficial de la EOI de M\u00e1laga ::Los idiomas ponen el mundo a tus pies::\",\"description\":\"EOI M\u00e1laga\",\"potentialAction\":[{\"@type\":\"SearchAction\",\"target\":{\"@type\":\"EntryPoint\",\"urlTemplate\":\"https:\/\/www.eoimalaga.com\/web\/?s={search_term_string}\"},\"query-input\":{\"@type\":\"PropertyValueSpecification\",\"valueRequired\":true,\"valueName\":\"search_term_string\"}}],\"inLanguage\":\"es\"},{\"@type\":\"Person\",\"@id\":\"https:\/\/www.eoimalaga.com\/web\/#\/schema\/person\/0da9e6dd9175c092badaab142c4ea2e6\",\"name\":\"EOI M\u00c1LAGA Direcci\u00f3n\",\"image\":{\"@type\":\"ImageObject\",\"inLanguage\":\"es\",\"@id\":\"https:\/\/www.eoimalaga.com\/web\/#\/schema\/person\/image\/\",\"url\":\"https:\/\/secure.gravatar.com\/avatar\/9dbd3f4640adacc300b0fada7d580e0d?s=96&d=mm&r=g\",\"contentUrl\":\"https:\/\/secure.gravatar.com\/avatar\/9dbd3f4640adacc300b0fada7d580e0d?s=96&d=mm&r=g\",\"caption\":\"EOI M\u00c1LAGA Direcci\u00f3n\"},\"url\":\"https:\/\/www.eoimalaga.com\/web\/author\/direccion-eoi-2019\/\"}]}<\/script>\n<!-- \/ Yoast SEO plugin. -->","yoast_head_json":{"title":"CIMA-COM-B1 - P\u00e1gina Oficial de la EOI de M\u00e1laga ::Los idiomas ponen el mundo a tus pies::","robots":{"index":"index","follow":"follow","max-snippet":"max-snippet:-1","max-image-preview":"max-image-preview:large","max-video-preview":"max-video-preview:-1"},"canonical":"https:\/\/www.eoimalaga.com\/web\/cima-com-b1\/","og_locale":"es_ES","og_type":"article","og_title":"CIMA-COM-B1 - P\u00e1gina Oficial de la EOI de M\u00e1laga ::Los idiomas ponen el mundo a tus pies::","og_description":"[vc_row][vc_column][vc_column_text] CURSO 23\/24 [\/vc_column_text][\/vc_column][\/vc_row][vc_row content_placement=\u00bbmiddle\u00bb][vc_column width=\u00bb1\/3&#8243;][vc_column_text][\/vc_column_text][\/vc_column][vc_column width=\u00bb1\/3&#8243;][vc_empty_space][vc_column_text] Comunicaci\u00f3n [\/vc_column_text][\/vc_column][vc_column width=\u00bb1\/3&#8243;][vc_empty_space][vc_column_text] B1 [\/vc_column_text][\/vc_column][\/vc_row][vc_row][vc_column][vc_empty_space][\/vc_column][\/vc_row][vc_row][vc_column][vc_column_text]Durante el mes de mayo, y coincidiendo con el periodo de la preinscripci\u00f3n, el Dpto. de alem\u00e1n pone en marcha un concurso para fomentar el acercamiento a la lengua alemana de personas que se est\u00e1n preinscribiendo en la escuela o bien se est\u00e1n interesando [&hellip;]","og_url":"https:\/\/www.eoimalaga.com\/web\/cima-com-b1\/","og_site_name":"P\u00e1gina Oficial de la EOI de M\u00e1laga ::Los idiomas ponen el mundo a tus pies::","article_published_time":"2024-01-31T14:16:29+00:00","article_modified_time":"2024-06-24T17:15:40+00:00","og_image":[{"url":"https:\/\/www.eoimalaga.com\/web\/wp-content\/uploads\/2024\/01\/Logo-CIMA_max-calidad-1024x476.png","type":"","width":"","height":""}],"author":"EOI M\u00c1LAGA Direcci\u00f3n","twitter_card":"summary_large_image","twitter_misc":{"Escrito por":"EOI M\u00c1LAGA Direcci\u00f3n","Tiempo de lectura":"1 minuto"},"schema":{"@context":"https:\/\/schema.org","@graph":[{"@type":"WebPage","@id":"https:\/\/www.eoimalaga.com\/web\/cima-com-b1\/","url":"https:\/\/www.eoimalaga.com\/web\/cima-com-b1\/","name":"CIMA-COM-B1 - P\u00e1gina Oficial de la EOI de M\u00e1laga ::Los idiomas ponen el mundo a tus pies::","isPartOf":{"@id":"https:\/\/www.eoimalaga.com\/web\/#website"},"primaryImageOfPage":{"@id":"https:\/\/www.eoimalaga.com\/web\/cima-com-b1\/#primaryimage"},"image":{"@id":"https:\/\/www.eoimalaga.com\/web\/cima-com-b1\/#primaryimage"},"thumbnailUrl":"https:\/\/www.eoimalaga.com\/web\/wp-content\/uploads\/2024\/01\/Logo-CIMA_max-calidad-1024x476.png","datePublished":"2024-01-31T14:16:29+00:00","dateModified":"2024-06-24T17:15:40+00:00","author":{"@id":"https:\/\/www.eoimalaga.com\/web\/#\/schema\/person\/0da9e6dd9175c092badaab142c4ea2e6"},"breadcrumb":{"@id":"https:\/\/www.eoimalaga.com\/web\/cima-com-b1\/#breadcrumb"},"inLanguage":"es","potentialAction":[{"@type":"ReadAction","target":["https:\/\/www.eoimalaga.com\/web\/cima-com-b1\/"]}]},{"@type":"ImageObject","inLanguage":"es","@id":"https:\/\/www.eoimalaga.com\/web\/cima-com-b1\/#primaryimage","url":"https:\/\/www.eoimalaga.com\/web\/wp-content\/uploads\/2024\/01\/Logo-CIMA_max-calidad.png","contentUrl":"https:\/\/www.eoimalaga.com\/web\/wp-content\/uploads\/2024\/01\/Logo-CIMA_max-calidad.png","width":1744,"height":810},{"@type":"BreadcrumbList","@id":"https:\/\/www.eoimalaga.com\/web\/cima-com-b1\/#breadcrumb","itemListElement":[{"@type":"ListItem","position":1,"name":"Home","item":"https:\/\/www.eoimalaga.com\/web\/"},{"@type":"ListItem","position":2,"name":"CIMA-COM-B1"}]},{"@type":"WebSite","@id":"https:\/\/www.eoimalaga.com\/web\/#website","url":"https:\/\/www.eoimalaga.com\/web\/","name":"P\u00e1gina Oficial de la EOI de M\u00e1laga ::Los idiomas ponen el mundo a tus pies::","description":"EOI M\u00e1laga","potentialAction":[{"@type":"SearchAction","target":{"@type":"EntryPoint","urlTemplate":"https:\/\/www.eoimalaga.com\/web\/?s={search_term_string}"},"query-input":{"@type":"PropertyValueSpecification","valueRequired":true,"valueName":"search_term_string"}}],"inLanguage":"es"},{"@type":"Person","@id":"https:\/\/www.eoimalaga.com\/web\/#\/schema\/person\/0da9e6dd9175c092badaab142c4ea2e6","name":"EOI M\u00c1LAGA Direcci\u00f3n","image":{"@type":"ImageObject","inLanguage":"es","@id":"https:\/\/www.eoimalaga.com\/web\/#\/schema\/person\/image\/","url":"https:\/\/secure.gravatar.com\/avatar\/9dbd3f4640adacc300b0fada7d580e0d?s=96&d=mm&r=g","contentUrl":"https:\/\/secure.gravatar.com\/avatar\/9dbd3f4640adacc300b0fada7d580e0d?s=96&d=mm&r=g","caption":"EOI M\u00c1LAGA Direcci\u00f3n"},"url":"https:\/\/www.eoimalaga.com\/web\/author\/direccion-eoi-2019\/"}]}},"_links":{"self":[{"href":"https:\/\/www.eoimalaga.com\/web\/wp-json\/wp\/v2\/posts\/18157","targetHints":{"allow":["GET"]}}],"collection":[{"href":"https:\/\/www.eoimalaga.com\/web\/wp-json\/wp\/v2\/posts"}],"about":[{"href":"https:\/\/www.eoimalaga.com\/web\/wp-json\/wp\/v2\/types\/post"}],"author":[{"embeddable":true,"href":"https:\/\/www.eoimalaga.com\/web\/wp-json\/wp\/v2\/users\/12"}],"replies":[{"embeddable":true,"href":"https:\/\/www.eoimalaga.com\/web\/wp-json\/wp\/v2\/comments?post=18157"}],"version-history":[{"count":5,"href":"https:\/\/www.eoimalaga.com\/web\/wp-json\/wp\/v2\/posts\/18157\/revisions"}],"predecessor-version":[{"id":18959,"href":"https:\/\/www.eoimalaga.com\/web\/wp-json\/wp\/v2\/posts\/18157\/revisions\/18959"}],"wp:attachment":[{"href":"https:\/\/www.eoimalaga.com\/web\/wp-json\/wp\/v2\/media?parent=18157"}],"wp:term":[{"taxonomy":"category","embeddable":true,"href":"https:\/\/www.eoimalaga.com\/web\/wp-json\/wp\/v2\/categories?post=18157"},{"taxonomy":"post_tag","embeddable":true,"href":"https:\/\/www.eoimalaga.com\/web\/wp-json\/wp\/v2\/tags?post=18157"}],"curies":[{"name":"wp","href":"https:\/\/api.w.org\/{rel}","templated":true}]}}