{"id":18033,"date":"2024-01-26T13:54:56","date_gmt":"2024-01-26T11:54:56","guid":{"rendered":"https:\/\/www.eoimalaga.com\/web\/?p=18033"},"modified":"2024-10-01T18:51:19","modified_gmt":"2024-10-01T16:51:19","slug":"portugal","status":"publish","type":"post","link":"https:\/\/www.eoimalaga.com\/web\/portugal\/","title":{"rendered":"Portugal"},"content":{"rendered":"<div class=\"wpb-content-wrapper\"><p>[vc_row][vc_column][vc_column_text]JOBSHADOWING \u2013 PORTUGAL<\/p>\n<p>Fechas: mayo 2024<\/p>\n<p>Centro de acogida: Agrupaci\u00f3n escolar de Arrifadas<\/p>\n<p>Actividades realizadas:<a href=\"https:\/\/erasmuspluseoimalaga.wordpress.com\/2023\/10\/26\/1153\/\">https:\/\/erasmuspluseoimalaga.wordpress.com\/2023\/10\/26\/1153\/\u00a0<\/a><\/p>\n<p>JOBSHADOWING \u2013 PORTUGAL II<\/p>\n<p>Fechas: marzo 2024<\/p>\n<p>Centro de acogida: Externato Santa Clara<\/p>\n<p>Actividades realizadas:\u00a0<a href=\"https:\/\/docs.google.com\/document\/d\/1r5SzUkrZ_idzwrXhiRfPvLiYAh2OU7RuuKIJ21UbDtI\/edit?usp=sharing\">https:\/\/docs.google.com\/document\/d\/1r5SzUkrZ_idzwrXhiRfPvLiYAh2OU7RuuKIJ21UbDtI\/edit?usp=sharing<\/a>[\/vc_column_text][\/vc_column][\/vc_row]<\/p>\n<\/div>","protected":false},"excerpt":{"rendered":"<p>[vc_row][vc_column][vc_column_text]JOBSHADOWING \u2013 PORTUGAL Fechas: mayo 2024 Centro de acogida: Agrupaci\u00f3n escolar de Arrifadas Actividades realizadas:https:\/\/erasmuspluseoimalaga.wordpress.com\/2023\/10\/26\/1153\/\u00a0 JOBSHADOWING \u2013 PORTUGAL II Fechas: marzo 2024 Centro de acogida: Externato Santa Clara Actividades realizadas:\u00a0https:\/\/docs.google.com\/document\/d\/1r5SzUkrZ_idzwrXhiRfPvLiYAh2OU7RuuKIJ21UbDtI\/edit?usp=sharing[\/vc_column_text][\/vc_column][\/vc_row]<\/p>\n","protected":false},"author":12,"featured_media":0,"comment_status":"closed","ping_status":"closed","sticky":false,"template":"","format":"standard","meta":{"inline_featured_image":false,"footnotes":""},"categories":[94],"tags":[],"class_list":["post-18033","post","type-post","status-publish","format-standard","hentry","category-noticias-erasmus"],"yoast_head":"<!-- This site is optimized with the Yoast SEO plugin v26.5 - https:\/\/yoast.com\/wordpress\/plugins\/seo\/ -->\n<title>Portugal - P\u00e1gina Oficial de la EOI de M\u00e1laga ::Los idiomas ponen el mundo a tus pies::<\/title>\n<meta name=\"robots\" content=\"index, follow, max-snippet:-1, max-image-preview:large, max-video-preview:-1\" \/>\n<link rel=\"canonical\" href=\"https:\/\/www.eoimalaga.com\/web\/portugal\/\" \/>\n<meta property=\"og:locale\" content=\"es_ES\" \/>\n<meta property=\"og:type\" content=\"article\" \/>\n<meta property=\"og:title\" content=\"Portugal - P\u00e1gina Oficial de la EOI de M\u00e1laga ::Los idiomas ponen el mundo a tus pies::\" \/>\n<meta property=\"og:description\" content=\"[vc_row][vc_column][vc_column_text]JOBSHADOWING \u2013 PORTUGAL Fechas: mayo 2024 Centro de acogida: Agrupaci\u00f3n escolar de Arrifadas Actividades realizadas:https:\/\/erasmuspluseoimalaga.wordpress.com\/2023\/10\/26\/1153\/\u00a0 JOBSHADOWING \u2013 PORTUGAL II Fechas: marzo 2024 Centro de acogida: Externato Santa Clara Actividades realizadas:\u00a0https:\/\/docs.google.com\/document\/d\/1r5SzUkrZ_idzwrXhiRfPvLiYAh2OU7RuuKIJ21UbDtI\/edit?usp=sharing[\/vc_column_text][\/vc_column][\/vc_row]\" \/>\n<meta property=\"og:url\" content=\"https:\/\/www.eoimalaga.com\/web\/portugal\/\" \/>\n<meta property=\"og:site_name\" content=\"P\u00e1gina Oficial de la EOI de M\u00e1laga ::Los idiomas ponen el mundo a tus pies::\" \/>\n<meta property=\"article:published_time\" content=\"2024-01-26T11:54:56+00:00\" \/>\n<meta property=\"article:modified_time\" content=\"2024-10-01T16:51:19+00:00\" \/>\n<meta name=\"author\" content=\"EOI M\u00c1LAGA Direcci\u00f3n\" \/>\n<meta name=\"twitter:card\" content=\"summary_large_image\" \/>\n<meta name=\"twitter:label1\" content=\"Escrito por\" \/>\n\t<meta name=\"twitter:data1\" content=\"EOI M\u00c1LAGA Direcci\u00f3n\" \/>\n\t<meta name=\"twitter:label2\" content=\"Tiempo de lectura\" \/>\n\t<meta name=\"twitter:data2\" content=\"1 minuto\" \/>\n<script type=\"application\/ld+json\" class=\"yoast-schema-graph\">{\"@context\":\"https:\/\/schema.org\",\"@graph\":[{\"@type\":\"WebPage\",\"@id\":\"https:\/\/www.eoimalaga.com\/web\/portugal\/\",\"url\":\"https:\/\/www.eoimalaga.com\/web\/portugal\/\",\"name\":\"Portugal - P\u00e1gina Oficial de la EOI de M\u00e1laga ::Los idiomas ponen el mundo a tus pies::\",\"isPartOf\":{\"@id\":\"https:\/\/www.eoimalaga.com\/web\/#website\"},\"datePublished\":\"2024-01-26T11:54:56+00:00\",\"dateModified\":\"2024-10-01T16:51:19+00:00\",\"author\":{\"@id\":\"https:\/\/www.eoimalaga.com\/web\/#\/schema\/person\/0da9e6dd9175c092badaab142c4ea2e6\"},\"breadcrumb\":{\"@id\":\"https:\/\/www.eoimalaga.com\/web\/portugal\/#breadcrumb\"},\"inLanguage\":\"es\",\"potentialAction\":[{\"@type\":\"ReadAction\",\"target\":[\"https:\/\/www.eoimalaga.com\/web\/portugal\/\"]}]},{\"@type\":\"BreadcrumbList\",\"@id\":\"https:\/\/www.eoimalaga.com\/web\/portugal\/#breadcrumb\",\"itemListElement\":[{\"@type\":\"ListItem\",\"position\":1,\"name\":\"Home\",\"item\":\"https:\/\/www.eoimalaga.com\/web\/\"},{\"@type\":\"ListItem\",\"position\":2,\"name\":\"Portugal\"}]},{\"@type\":\"WebSite\",\"@id\":\"https:\/\/www.eoimalaga.com\/web\/#website\",\"url\":\"https:\/\/www.eoimalaga.com\/web\/\",\"name\":\"P\u00e1gina Oficial de la EOI de M\u00e1laga ::Los idiomas ponen el mundo a tus pies::\",\"description\":\"EOI M\u00e1laga\",\"potentialAction\":[{\"@type\":\"SearchAction\",\"target\":{\"@type\":\"EntryPoint\",\"urlTemplate\":\"https:\/\/www.eoimalaga.com\/web\/?s={search_term_string}\"},\"query-input\":{\"@type\":\"PropertyValueSpecification\",\"valueRequired\":true,\"valueName\":\"search_term_string\"}}],\"inLanguage\":\"es\"},{\"@type\":\"Person\",\"@id\":\"https:\/\/www.eoimalaga.com\/web\/#\/schema\/person\/0da9e6dd9175c092badaab142c4ea2e6\",\"name\":\"EOI M\u00c1LAGA Direcci\u00f3n\",\"image\":{\"@type\":\"ImageObject\",\"inLanguage\":\"es\",\"@id\":\"https:\/\/www.eoimalaga.com\/web\/#\/schema\/person\/image\/\",\"url\":\"https:\/\/secure.gravatar.com\/avatar\/9dbd3f4640adacc300b0fada7d580e0d?s=96&d=mm&r=g\",\"contentUrl\":\"https:\/\/secure.gravatar.com\/avatar\/9dbd3f4640adacc300b0fada7d580e0d?s=96&d=mm&r=g\",\"caption\":\"EOI M\u00c1LAGA Direcci\u00f3n\"},\"url\":\"https:\/\/www.eoimalaga.com\/web\/author\/direccion-eoi-2019\/\"}]}<\/script>\n<!-- \/ Yoast SEO plugin. -->","yoast_head_json":{"title":"Portugal - P\u00e1gina Oficial de la EOI de M\u00e1laga ::Los idiomas ponen el mundo a tus pies::","robots":{"index":"index","follow":"follow","max-snippet":"max-snippet:-1","max-image-preview":"max-image-preview:large","max-video-preview":"max-video-preview:-1"},"canonical":"https:\/\/www.eoimalaga.com\/web\/portugal\/","og_locale":"es_ES","og_type":"article","og_title":"Portugal - P\u00e1gina Oficial de la EOI de M\u00e1laga ::Los idiomas ponen el mundo a tus pies::","og_description":"[vc_row][vc_column][vc_column_text]JOBSHADOWING \u2013 PORTUGAL Fechas: mayo 2024 Centro de acogida: Agrupaci\u00f3n escolar de Arrifadas Actividades realizadas:https:\/\/erasmuspluseoimalaga.wordpress.com\/2023\/10\/26\/1153\/\u00a0 JOBSHADOWING \u2013 PORTUGAL II Fechas: marzo 2024 Centro de acogida: Externato Santa Clara Actividades realizadas:\u00a0https:\/\/docs.google.com\/document\/d\/1r5SzUkrZ_idzwrXhiRfPvLiYAh2OU7RuuKIJ21UbDtI\/edit?usp=sharing[\/vc_column_text][\/vc_column][\/vc_row]","og_url":"https:\/\/www.eoimalaga.com\/web\/portugal\/","og_site_name":"P\u00e1gina Oficial de la EOI de M\u00e1laga ::Los idiomas ponen el mundo a tus pies::","article_published_time":"2024-01-26T11:54:56+00:00","article_modified_time":"2024-10-01T16:51:19+00:00","author":"EOI M\u00c1LAGA Direcci\u00f3n","twitter_card":"summary_large_image","twitter_misc":{"Escrito por":"EOI M\u00c1LAGA Direcci\u00f3n","Tiempo de lectura":"1 minuto"},"schema":{"@context":"https:\/\/schema.org","@graph":[{"@type":"WebPage","@id":"https:\/\/www.eoimalaga.com\/web\/portugal\/","url":"https:\/\/www.eoimalaga.com\/web\/portugal\/","name":"Portugal - P\u00e1gina Oficial de la EOI de M\u00e1laga ::Los idiomas ponen el mundo a tus pies::","isPartOf":{"@id":"https:\/\/www.eoimalaga.com\/web\/#website"},"datePublished":"2024-01-26T11:54:56+00:00","dateModified":"2024-10-01T16:51:19+00:00","author":{"@id":"https:\/\/www.eoimalaga.com\/web\/#\/schema\/person\/0da9e6dd9175c092badaab142c4ea2e6"},"breadcrumb":{"@id":"https:\/\/www.eoimalaga.com\/web\/portugal\/#breadcrumb"},"inLanguage":"es","potentialAction":[{"@type":"ReadAction","target":["https:\/\/www.eoimalaga.com\/web\/portugal\/"]}]},{"@type":"BreadcrumbList","@id":"https:\/\/www.eoimalaga.com\/web\/portugal\/#breadcrumb","itemListElement":[{"@type":"ListItem","position":1,"name":"Home","item":"https:\/\/www.eoimalaga.com\/web\/"},{"@type":"ListItem","position":2,"name":"Portugal"}]},{"@type":"WebSite","@id":"https:\/\/www.eoimalaga.com\/web\/#website","url":"https:\/\/www.eoimalaga.com\/web\/","name":"P\u00e1gina Oficial de la EOI de M\u00e1laga ::Los idiomas ponen el mundo a tus pies::","description":"EOI M\u00e1laga","potentialAction":[{"@type":"SearchAction","target":{"@type":"EntryPoint","urlTemplate":"https:\/\/www.eoimalaga.com\/web\/?s={search_term_string}"},"query-input":{"@type":"PropertyValueSpecification","valueRequired":true,"valueName":"search_term_string"}}],"inLanguage":"es"},{"@type":"Person","@id":"https:\/\/www.eoimalaga.com\/web\/#\/schema\/person\/0da9e6dd9175c092badaab142c4ea2e6","name":"EOI M\u00c1LAGA Direcci\u00f3n","image":{"@type":"ImageObject","inLanguage":"es","@id":"https:\/\/www.eoimalaga.com\/web\/#\/schema\/person\/image\/","url":"https:\/\/secure.gravatar.com\/avatar\/9dbd3f4640adacc300b0fada7d580e0d?s=96&d=mm&r=g","contentUrl":"https:\/\/secure.gravatar.com\/avatar\/9dbd3f4640adacc300b0fada7d580e0d?s=96&d=mm&r=g","caption":"EOI M\u00c1LAGA Direcci\u00f3n"},"url":"https:\/\/www.eoimalaga.com\/web\/author\/direccion-eoi-2019\/"}]}},"_links":{"self":[{"href":"https:\/\/www.eoimalaga.com\/web\/wp-json\/wp\/v2\/posts\/18033","targetHints":{"allow":["GET"]}}],"collection":[{"href":"https:\/\/www.eoimalaga.com\/web\/wp-json\/wp\/v2\/posts"}],"about":[{"href":"https:\/\/www.eoimalaga.com\/web\/wp-json\/wp\/v2\/types\/post"}],"author":[{"embeddable":true,"href":"https:\/\/www.eoimalaga.com\/web\/wp-json\/wp\/v2\/users\/12"}],"replies":[{"embeddable":true,"href":"https:\/\/www.eoimalaga.com\/web\/wp-json\/wp\/v2\/comments?post=18033"}],"version-history":[{"count":6,"href":"https:\/\/www.eoimalaga.com\/web\/wp-json\/wp\/v2\/posts\/18033\/revisions"}],"predecessor-version":[{"id":19309,"href":"https:\/\/www.eoimalaga.com\/web\/wp-json\/wp\/v2\/posts\/18033\/revisions\/19309"}],"wp:attachment":[{"href":"https:\/\/www.eoimalaga.com\/web\/wp-json\/wp\/v2\/media?parent=18033"}],"wp:term":[{"taxonomy":"category","embeddable":true,"href":"https:\/\/www.eoimalaga.com\/web\/wp-json\/wp\/v2\/categories?post=18033"},{"taxonomy":"post_tag","embeddable":true,"href":"https:\/\/www.eoimalaga.com\/web\/wp-json\/wp\/v2\/tags?post=18033"}],"curies":[{"name":"wp","href":"https:\/\/api.w.org\/{rel}","templated":true}]}}