{"id":14595,"date":"2022-03-24T13:19:19","date_gmt":"2022-03-24T11:19:19","guid":{"rendered":"https:\/\/www.eoimalaga.com\/web\/?p=14595"},"modified":"2025-09-03T20:21:22","modified_gmt":"2025-09-03T18:21:22","slug":"auxiliares","status":"publish","type":"post","link":"https:\/\/www.eoimalaga.com\/web\/auxiliares\/","title":{"rendered":"Auxiliares conversaci\u00f3n"},"content":{"rendered":"<div class=\"wpb-content-wrapper\"><p>[vc_row][vc_column][vc_column_text css=\u00bb\u00bb]<\/p>\n<h3><span style=\"font-size: 18pt;\"><img loading=\"lazy\" decoding=\"async\" class=\"alignnone wp-image-19572\" src=\"https:\/\/www.eoimalaga.com\/web\/wp-content\/uploads\/2024\/11\/Logo_convivencia_consejeria-300x29.jpg\" alt=\"\" width=\"933\" height=\"90\" srcset=\"https:\/\/www.eoimalaga.com\/web\/wp-content\/uploads\/2024\/11\/Logo_convivencia_consejeria-300x29.jpg 300w, https:\/\/www.eoimalaga.com\/web\/wp-content\/uploads\/2024\/11\/Logo_convivencia_consejeria-768x74.jpg 768w, https:\/\/www.eoimalaga.com\/web\/wp-content\/uploads\/2024\/11\/Logo_convivencia_consejeria.jpg 1024w\" sizes=\"auto, (max-width: 933px) 100vw, 933px\" \/><\/span><\/h3>\n<h3><span style=\"font-size: 18pt; color: #ff6600;\">Auxiliares de Conversaci\u00f3n<\/span><\/h3>\n<p>&nbsp;<\/p>\n<p><span style=\"font-size: 14pt;\"><strong><span style=\"color: #ff6600;\">Ficha de informaci\u00f3n para auxiliares\u00a0<\/span><br \/>\n<\/strong><\/span><\/p>\n<p>Conoce el centro,\u00a0 accede a informaci\u00f3n sobre la ciudad de M\u00e1laga, c\u00f3mo est\u00e1 el tema del alojamiento, transporte y otros datos \u00fatiles. Clica en el nombre del idioma para acceder a la ficha correspondiente:<\/p>\n<ul>\n<li><a href=\"https:\/\/www.eoimalaga.com\/web\/wp-content\/uploads\/2025\/03\/ALE_Ficha-AACC_2025.pdf\" target=\"_blank\" rel=\"noopener noreferrer\"><span style=\"font-size: 12pt;\"><span style=\"font-size: 14pt;\">Deutsch<\/span><\/span><\/a><\/li>\n<li><span style=\"font-size: 14pt;\"><a href=\"https:\/\/www.eoimalaga.com\/web\/wp-content\/uploads\/2025\/03\/English_fichaAACC_2025.pdf\" target=\"_blank\" rel=\"noopener noreferrer\">English<\/a><\/span><\/li>\n<li><span style=\"font-size: 14pt;\"><a href=\"https:\/\/www.eoimalaga.com\/web\/wp-content\/uploads\/2025\/03\/ESP_FichaAACC_2025.pdf\" target=\"_blank\" rel=\"noopener noreferrer\">espa\u00f1ol\u00a0<\/a><\/span><\/li>\n<li><span style=\"font-size: 14pt;\"><a href=\"https:\/\/www.eoimalaga.com\/web\/wp-content\/uploads\/2025\/03\/IT_FichaAACC_2025.pdf\" target=\"_blank\" rel=\"noopener noreferrer\">italiano<\/a><\/span><\/li>\n<li><span style=\"font-size: 14pt;\"><a href=\"https:\/\/www.eoimalaga.com\/web\/wp-content\/uploads\/2025\/03\/FR_FichaAACC_2025.pdf\" target=\"_blank\" rel=\"noopener noreferrer\">fran\u00e7ais<\/a><\/span><\/li>\n<li><span style=\"font-size: 14pt;\"><a href=\"https:\/\/www.eoimalaga.com\/web\/wp-content\/uploads\/2025\/03\/POR_FichaAACC_2025.pdf\" target=\"_blank\" rel=\"noopener noreferrer\">portugu\u00eas<\/a><\/span><\/li>\n<\/ul>\n<p>&nbsp;<\/p>\n<p><span style=\"color: #ff6600; font-size: 14pt;\"><strong>Fotos de nuestros auxiliares de los \u00faltimos cursos<\/strong><\/span><\/p>\n<p>&nbsp;<\/p>\n<table style=\"border-collapse: collapse; width: 100%; height: 545px;\">\n<tbody>\n<tr style=\"height: 545px;\">\n<td style=\"width: 50%; height: 545px;\"><img loading=\"lazy\" decoding=\"async\" class=\"wp-image-19575 aligncenter\" src=\"https:\/\/www.eoimalaga.com\/web\/wp-content\/uploads\/2024\/11\/singinginthesun3-300x300.jpg\" alt=\"\" width=\"434\" height=\"434\" srcset=\"https:\/\/www.eoimalaga.com\/web\/wp-content\/uploads\/2024\/11\/singinginthesun3-300x300.jpg 300w, https:\/\/www.eoimalaga.com\/web\/wp-content\/uploads\/2024\/11\/singinginthesun3-1024x1024.jpg 1024w, https:\/\/www.eoimalaga.com\/web\/wp-content\/uploads\/2024\/11\/singinginthesun3-150x150.jpg 150w, https:\/\/www.eoimalaga.com\/web\/wp-content\/uploads\/2024\/11\/singinginthesun3-768x768.jpg 768w, https:\/\/www.eoimalaga.com\/web\/wp-content\/uploads\/2024\/11\/singinginthesun3-1536x1536.jpg 1536w, https:\/\/www.eoimalaga.com\/web\/wp-content\/uploads\/2024\/11\/singinginthesun3-2048x2048.jpg 2048w, https:\/\/www.eoimalaga.com\/web\/wp-content\/uploads\/2024\/11\/singinginthesun3-45x45.jpg 45w\" sizes=\"auto, (max-width: 434px) 100vw, 434px\" \/><\/p>\n<p style=\"text-align: center;\"><strong>Arriba, nuestros aux de 2024-25: <\/strong><\/p>\n<p style=\"text-align: center;\"><strong>Namita, Shihui y Paul. <\/strong><\/p>\n<\/td>\n<td style=\"width: 50%; height: 545px;\">\n<p style=\"text-align: justify;\"><strong>Abajo: Louise, Andy, Alexandra, Jing Jing , Elisa\u00a0 y Martina,\u00a0 nuestros asistentes ling\u00fc\u00edsticos de 2023-24.\u00a0<\/strong><\/p>\n<p><img loading=\"lazy\" decoding=\"async\" class=\" wp-image-17783\" src=\"https:\/\/www.eoimalaga.com\/web\/wp-content\/uploads\/2023\/12\/naranjo-300x300.jpg\" alt=\"\" width=\"422\" height=\"422\" srcset=\"https:\/\/www.eoimalaga.com\/web\/wp-content\/uploads\/2023\/12\/naranjo-300x300.jpg 300w, https:\/\/www.eoimalaga.com\/web\/wp-content\/uploads\/2023\/12\/naranjo-1024x1024.jpg 1024w, https:\/\/www.eoimalaga.com\/web\/wp-content\/uploads\/2023\/12\/naranjo-150x150.jpg 150w, https:\/\/www.eoimalaga.com\/web\/wp-content\/uploads\/2023\/12\/naranjo-768x768.jpg 768w, https:\/\/www.eoimalaga.com\/web\/wp-content\/uploads\/2023\/12\/naranjo-1536x1536.jpg 1536w, https:\/\/www.eoimalaga.com\/web\/wp-content\/uploads\/2023\/12\/naranjo-2048x2048.jpg 2048w, https:\/\/www.eoimalaga.com\/web\/wp-content\/uploads\/2023\/12\/naranjo-45x45.jpg 45w\" sizes=\"auto, (max-width: 422px) 100vw, 422px\" \/><\/td>\n<\/tr>\n<\/tbody>\n<\/table>\n<p>&nbsp;<\/p>\n<table style=\"border-collapse: collapse; width: 100%;\">\n<tbody>\n<tr>\n<td style=\"width: 54.0959%;\"><span style=\"font-size: 12pt;\"><strong><img loading=\"lazy\" decoding=\"async\" class=\"wp-image-14625 aligncenter\" src=\"https:\/\/www.eoimalaga.com\/web\/wp-content\/uploads\/2022\/03\/1648137481777-1024x771.jpg\" alt=\"\" width=\"719\" height=\"541\" srcset=\"https:\/\/www.eoimalaga.com\/web\/wp-content\/uploads\/2022\/03\/1648137481777-1024x771.jpg 1024w, https:\/\/www.eoimalaga.com\/web\/wp-content\/uploads\/2022\/03\/1648137481777-300x226.jpg 300w, https:\/\/www.eoimalaga.com\/web\/wp-content\/uploads\/2022\/03\/1648137481777-768x578.jpg 768w, https:\/\/www.eoimalaga.com\/web\/wp-content\/uploads\/2022\/03\/1648137481777-1536x1156.jpg 1536w, https:\/\/www.eoimalaga.com\/web\/wp-content\/uploads\/2022\/03\/1648137481777.jpg 1600w\" sizes=\"auto, (max-width: 719px) 100vw, 719px\" \/><\/strong><\/span><\/p>\n<p><span style=\"font-size: 12pt;\"><strong>De izquierda a derecha (arriba), lectoras de griego &#8211; Tzeni y Katerina-\u00a0 y auxiliares <\/strong><strong>2021-22 <\/strong><strong>&#8211;\u00a0 Sonia, Emy, Ceren, Dan, Yunyu y Franziska.<\/strong><\/span><\/p>\n<p style=\"text-align: center;\"><span style=\"font-size: 16px;\"><span style=\"background-color: #ffffff;\"><strong style=\"background-color: #ffffff;\">De izquierda a derecha (al lado), auxiliares 2022-23<\/strong><\/span><span style=\"background-color: #ffffff;\"><strong style=\"background-color: #ffffff;\">: <\/strong><\/span><\/span><\/p>\n<p style=\"text-align: center;\"><span style=\"background-color: #ffffff; font-size: 16px;\"><strong style=\"background-color: #ffffff;\">Alex, Magdalena, Stephanie, Helene, Lu, Costanza y Alice<\/strong><\/span><\/p>\n<\/td>\n<td style=\"width: 45.9041%;\"><span style=\"font-size: 12pt;\"><img loading=\"lazy\" decoding=\"async\" class=\"aligncenter\" src=\"https:\/\/www.eoimalaga.com\/web\/wp-content\/uploads\/2023\/02\/alaweb2-scaled-e1676482946565.jpg\" width=\"636\" height=\"636\" \/><\/span><\/td>\n<\/tr>\n<\/tbody>\n<\/table>\n<p>&nbsp;<\/p>\n<p><span style=\"color: #ff9900;\"><strong><span style=\"font-size: 14pt;\"><span style=\"color: #ff6600;\">P\u00e1ginas web y gu\u00edas sobre el programa:<\/span><\/span><\/strong><\/span><\/p>\n<ul style=\"list-style-type: disc;\">\n<li><span style=\"font-size: 12pt;\"><a href=\"https:\/\/www.juntadeandalucia.es\/educacion\/portals\/web\/plurilinguismo\/auxiliares-conversacion\" target=\"_blank\" rel=\"noopener noreferrer\">https:\/\/www.juntadeandalucia.es\/educacion\/portals\/web\/plurilinguismo\/auxiliares-conversacion<\/a><\/span><\/li>\n<li><span style=\"font-size: 12pt;\"><a href=\"https:\/\/www.libreria.educacion.gob.es\/libro\/auxiliares-de-conversacion-extranjeros-en-espana-guia-2024-2025_184419\/\" target=\"_blank\" rel=\"noopener\">Guia del Ministerio para auxiliares 2024-25<\/a><\/span><\/li>\n<li><span style=\"font-size: 12pt;\">Los auxiliares de la Junta de Andaluc\u00eda aparecieron en el peri\u00f3dico Sur el a\u00f1o pasado &#8211; lee el art\u00edculo<a href=\"https:\/\/www.surinenglish.com\/malaga\/elisa-evans-and-ines-language-and-culture-20231110134406-nt.html\" target=\"_blank\" rel=\"noopener noreferrer\"> aqu\u00ed<\/a>-.<\/span><\/li>\n<li>Solicitud para ser auxiliar en el curso 2025-26 (plazo finalizado)- <span style=\"color: #ff6600;\"><a style=\"color: #ff6600;\" href=\"https:\/\/www.educacionfpydeportes.gob.es\/servicios-al-ciudadano\/catalogo\/general\/99\/998188\/ficha\/998188-2025.html\" target=\"_blank\" rel=\"noopener\">CLICA AQUI PARA VER LAS INSTRUCCIONES<\/a>\u00a0<\/span><\/li>\n<\/ul>\n<p>&nbsp;<\/p>\n<p><span style=\"color: #ff6600;\"><strong><span style=\"font-size: 14pt;\">Nuestros auxiliares de este curso 2024-25<\/span><\/strong><\/span><\/p>\n<p>Nuestros alumnos podr\u00e1n coincidir con ellos en las actividades culturales de los Departamentos y en algunas clases. Son: Namita Chandra (de EE.UU.), Shihui Sha (de China) y Paul Hofer (de Austria).<\/p>\n<p><img loading=\"lazy\" decoding=\"async\" class=\"alignnone wp-image-19574\" src=\"https:\/\/www.eoimalaga.com\/web\/wp-content\/uploads\/2024\/11\/closerpic-300x300.jpg\" alt=\"\" width=\"361\" height=\"361\" srcset=\"https:\/\/www.eoimalaga.com\/web\/wp-content\/uploads\/2024\/11\/closerpic-300x300.jpg 300w, https:\/\/www.eoimalaga.com\/web\/wp-content\/uploads\/2024\/11\/closerpic-1024x1024.jpg 1024w, https:\/\/www.eoimalaga.com\/web\/wp-content\/uploads\/2024\/11\/closerpic-150x150.jpg 150w, https:\/\/www.eoimalaga.com\/web\/wp-content\/uploads\/2024\/11\/closerpic-768x768.jpg 768w, https:\/\/www.eoimalaga.com\/web\/wp-content\/uploads\/2024\/11\/closerpic-1536x1536.jpg 1536w, https:\/\/www.eoimalaga.com\/web\/wp-content\/uploads\/2024\/11\/closerpic-2048x2048.jpg 2048w, https:\/\/www.eoimalaga.com\/web\/wp-content\/uploads\/2024\/11\/closerpic-45x45.jpg 45w\" sizes=\"auto, (max-width: 361px) 100vw, 361px\" \/><\/p>\n<p>&nbsp;<\/p>\n<p>&nbsp;<\/p>\n<p><span style=\"font-size: 14pt; color: #ff6600;\"><strong>Testimonios en primera persona<\/strong><\/span><\/p>\n<div id=\"attachment_14722\" style=\"width: 293px\" class=\"wp-caption alignright\"><img loading=\"lazy\" decoding=\"async\" aria-describedby=\"caption-attachment-14722\" class=\"wp-image-14722\" src=\"https:\/\/www.eoimalaga.com\/web\/wp-content\/uploads\/2022\/03\/yulia-web-300x300.jpg\" alt=\"Yulia, auxiliar de Ruso del cupo del Ministerio 2021\/22\" width=\"283\" height=\"283\" srcset=\"https:\/\/www.eoimalaga.com\/web\/wp-content\/uploads\/2022\/03\/yulia-web-300x300.jpg 300w, https:\/\/www.eoimalaga.com\/web\/wp-content\/uploads\/2022\/03\/yulia-web-1024x1024.jpg 1024w, https:\/\/www.eoimalaga.com\/web\/wp-content\/uploads\/2022\/03\/yulia-web-150x150.jpg 150w, https:\/\/www.eoimalaga.com\/web\/wp-content\/uploads\/2022\/03\/yulia-web-768x768.jpg 768w, https:\/\/www.eoimalaga.com\/web\/wp-content\/uploads\/2022\/03\/yulia-web-1536x1536.jpg 1536w, https:\/\/www.eoimalaga.com\/web\/wp-content\/uploads\/2022\/03\/yulia-web-2048x2048.jpg 2048w, https:\/\/www.eoimalaga.com\/web\/wp-content\/uploads\/2022\/03\/yulia-web-45x45.jpg 45w\" sizes=\"auto, (max-width: 283px) 100vw, 283px\" \/><p id=\"caption-attachment-14722\" class=\"wp-caption-text\"><strong>Yulia, auxiliar del Ministerio 2021\/22<\/strong><\/p><\/div>\n<p style=\"text-align: justify;\"><span style=\"font-size: 12pt;\">\u00abHa sido y est\u00e1 siendo una experiencia muy positiva y enriquecedora. Tuve oportunidad de conocer gente de 5 niveles de idioma y cada uno de ellos\u00a0 era un reto por tener el grado de conocimiento diferente.<\/span><\/p>\n<p style=\"text-align: justify;\"><span style=\"font-size: 12pt;\">En general, he sido muy bien aceptada, sobre todo entre los cursos superiores pero tambi\u00e9n entre los cursos iniciales, aportando a la metodolog\u00eda de la ense\u00f1anza una manera de fortalecer el material estudiado en clases programadas de forma m\u00e1s\u00a0 distendida y divertida.<\/span><\/p>\n<p style=\"text-align: justify;\"><span style=\"font-size: 12pt;\">Tambi\u00e9n tuvimos nuestros ratos de aprendizaje de cultura e historia rusa, cosas que considero tienen que tener hueco en el proceso de ense\u00f1anza para reforzar el est\u00edmulo de los alumnos a la hora de estudios.<\/span><\/p>\n<p style=\"text-align: justify;\"><span style=\"font-size: 12pt;\">Seguir\u00e9 trabajando bajo las recomendaciones de los profesores siguiendo las l\u00edneas de los temas que se estudien en el programa predeterminado. Tambi\u00e9n siempre estoy pendiente de las recomendaciones de los\u00a0 alumnos para hacer las clases m\u00e1s amenas.<\/span><\/p>\n<p style=\"text-align: justify;\"><span style=\"font-size: 12pt;\">Aprovecho la oportunidad de agradecer al equipo de la direcci\u00f3n y el profesorado del Departamento Ruso el darme la oportunidad de tener esta experiencia \u00fanica de plasmar mis conocimientos con alumnos de la EOI de M\u00e1laga, un colectivo con muy buen ambiente y muy gratificante.\u00bb<\/span><\/p>\n<p style=\"text-align: justify;\"><span style=\"font-size: 12pt;\"><em>Yulia Soloviova Ratanova, auxiliar MEFP para ruso 2021\/22<\/em><\/span><\/p>\n<p>&nbsp;<\/p>\n<p style=\"text-align: center;\">***<\/p>\n<p style=\"text-align: justify;\"><span style=\"font-size: 12pt;\">\u00abEn la Escuela Oficial de Idiomas he tenido la oportunidad de aprender mucho en cuanto al sistema de educaci\u00f3n en Andaluc\u00eda, sobre todo en la ense\u00f1anza de adultos. Gracias al equipo del departamento de alem\u00e1n, me han dado la posibilidad de asistir a todos los niveles de ense\u00f1anza de alem\u00e1n como lengua extranjera (de A1 a C1) y en todas las modalidades de ense\u00f1anza, tanto en clases presenciales como a distancia. Me siento afortunada de haber podido trabajar como auxiliar de conversaci\u00f3n de alem\u00e1n en la E.O.I M\u00e1laga. Vielen Dank f\u00fcr alles!\u00bb<\/span><\/p>\n<p style=\"text-align: justify;\"><span style=\"font-size: 12pt;\"><em>Ceren Sadic, auxiliar CEJA para alem\u00e1n 2021\/22<\/em><\/span><\/p>\n<p>&nbsp;<\/p>\n<p style=\"text-align: center;\">***<\/p>\n<p style=\"text-align: justify;\">\u201e<span style=\"font-family: georgia, palatino, serif; font-size: 12pt;\">Die Arbeit als Sprachassistentin an der EOI in M\u00e1laga war eine riesige Bereicherung! Einerseits konnte ich als zuk\u00fcnftige Lehrerin viele Unterrichtserfahrungen sammeln, andererseits trug dieses Praktikum wesentlich zu meiner pers\u00f6nlichen Weiterentwicklung bei. Das Sprachassistenzprogramm ist meiner Meinung nach eine absolute Win-Win Situation! Sowohl die Lernenden k\u00f6nnen von der Zusammenarbeit mit Native Speaker profitieren als auch SprachassistentInnen lernen die Kultur und die Sprache eines anderen Landes besser kennen. Erfahrungen in einem neuen Land zu sammeln, und dadurch seinen Horizont zu erweitern sehe ich als gro\u00dfartige Chance, die ich nicht missen m\u00f6chte.\u201c<\/span><\/p>\n<p><span style=\"font-family: georgia, palatino, serif; font-size: 12pt;\"><em>Franziska Postlmayr, auxiliar CEJA \/ Erasmus+ para alem\u00e1n 2021\/22<\/em><\/span><\/p>\n<p>&nbsp;<\/p>\n<p style=\"text-align: center;\">***<\/p>\n<p>&nbsp;<\/p>\n<p>[\/vc_column_text][\/vc_column][\/vc_row][vc_row disable_element=\u00bbyes\u00bb][vc_column][vc_column_text]<\/p>\n<h3><span style=\"font-size: 18pt;\"><img loading=\"lazy\" decoding=\"async\" class=\"alignnone wp-image-19572\" src=\"https:\/\/www.eoimalaga.com\/web\/wp-content\/uploads\/2024\/11\/Logo_convivencia_consejeria-300x29.jpg\" alt=\"\" width=\"933\" height=\"90\" srcset=\"https:\/\/www.eoimalaga.com\/web\/wp-content\/uploads\/2024\/11\/Logo_convivencia_consejeria-300x29.jpg 300w, https:\/\/www.eoimalaga.com\/web\/wp-content\/uploads\/2024\/11\/Logo_convivencia_consejeria-768x74.jpg 768w, https:\/\/www.eoimalaga.com\/web\/wp-content\/uploads\/2024\/11\/Logo_convivencia_consejeria.jpg 1024w\" sizes=\"auto, (max-width: 933px) 100vw, 933px\" \/><\/span><\/h3>\n<h3><span style=\"font-size: 18pt; color: #ff6600;\">Auxiliares de Conversaci\u00f3n<\/span><\/h3>\n<p>&nbsp;<\/p>\n<p><span style=\"font-size: 14pt; color: #ff6600;\"><strong>Te damos la bienvenida a nuestra Escuela<\/strong><\/span><\/p>\n<p style=\"text-align: justify;\">Si est\u00e1s pensando en solicitar una plaza de asistente ling\u00fc\u00edstico en la EOI M\u00e1laga, no lo dudes m\u00e1s.<\/p>\n<p style=\"text-align: justify;\">Esta es la mayor EOI de Andaluc\u00eda, la que tiene m\u00e1s idiomas y m\u00e1s solera. Estamos seguros de que todos los auxiliares de conversaci\u00f3n, lectores y estudiantes de distintos programas que ya han podido compartir su lengua y su cultura con nosotros te dir\u00edan, \u00a1adelante!<\/p>\n<p style=\"text-align: justify;\">Aqu\u00ed tienes informaci\u00f3n \u00fatil, fotos y algunos testimonios de los auxiliares que hemos tenido para que te termines de convencer de unirte a nosotros.<\/p>\n<p>&nbsp;<\/p>\n<p><span style=\"font-size: 14pt;\"><strong><span style=\"color: #ff6600;\">Ficha de informaci\u00f3n para auxiliares\u00a0<\/span><br \/>\n<\/strong><\/span><\/p>\n<p>Conoce el centro,\u00a0 accede a informaci\u00f3n sobre la ciudad de M\u00e1laga, c\u00f3mo est\u00e1 el tema del alojamiento, transporte y otros datos \u00fatiles. Clica en el nombre del idioma para acceder a la ficha correspondiente:<\/p>\n<ul>\n<li><a href=\"https:\/\/www.eoimalaga.com\/web\/wp-content\/uploads\/2025\/03\/ALE_Ficha-AACC_2025.pdf\" target=\"_blank\" rel=\"noopener noreferrer\"><span style=\"font-size: 12pt;\"><span style=\"font-size: 14pt;\">Deutsch<\/span><\/span><\/a><\/li>\n<li><span style=\"font-size: 14pt;\"><a href=\"https:\/\/www.eoimalaga.com\/web\/wp-content\/uploads\/2025\/03\/English_fichaAACC_2025.pdf\" target=\"_blank\" rel=\"noopener noreferrer\">English<\/a><\/span><\/li>\n<li><span style=\"font-size: 14pt;\"><a href=\"https:\/\/www.eoimalaga.com\/web\/wp-content\/uploads\/2025\/03\/ESP_FichaAACC_2025.pdf\" target=\"_blank\" rel=\"noopener noreferrer\">espa\u00f1ol\u00a0<\/a><\/span><\/li>\n<li><span style=\"font-size: 14pt;\"><a href=\"https:\/\/www.eoimalaga.com\/web\/wp-content\/uploads\/2025\/03\/IT_FichaAACC_2025.pdf\" target=\"_blank\" rel=\"noopener noreferrer\">italiano<\/a><\/span><\/li>\n<li><span style=\"font-size: 14pt;\"><a href=\"https:\/\/www.eoimalaga.com\/web\/wp-content\/uploads\/2025\/03\/FR_FichaAACC_2025.pdf\" target=\"_blank\" rel=\"noopener noreferrer\">fran\u00e7ais<\/a><\/span><\/li>\n<li><span style=\"font-size: 14pt;\"><a href=\"https:\/\/www.eoimalaga.com\/web\/wp-content\/uploads\/2025\/03\/POR_FichaAACC_2025.pdf\" target=\"_blank\" rel=\"noopener noreferrer\">portugu\u00eas<\/a><\/span><\/li>\n<\/ul>\n<p>&nbsp;<\/p>\n<p><span style=\"color: #ff6600; font-size: 14pt;\"><strong>Fotos de nuestros auxiliares de los \u00faltimos cursos<\/strong><\/span><\/p>\n<p>&nbsp;<\/p>\n<table style=\"border-collapse: collapse; width: 100%; height: 545px;\">\n<tbody>\n<tr style=\"height: 545px;\">\n<td style=\"width: 50%; height: 545px;\"><img loading=\"lazy\" decoding=\"async\" class=\"wp-image-19575 aligncenter\" src=\"https:\/\/www.eoimalaga.com\/web\/wp-content\/uploads\/2024\/11\/singinginthesun3-300x300.jpg\" alt=\"\" width=\"434\" height=\"434\" srcset=\"https:\/\/www.eoimalaga.com\/web\/wp-content\/uploads\/2024\/11\/singinginthesun3-300x300.jpg 300w, https:\/\/www.eoimalaga.com\/web\/wp-content\/uploads\/2024\/11\/singinginthesun3-1024x1024.jpg 1024w, https:\/\/www.eoimalaga.com\/web\/wp-content\/uploads\/2024\/11\/singinginthesun3-150x150.jpg 150w, https:\/\/www.eoimalaga.com\/web\/wp-content\/uploads\/2024\/11\/singinginthesun3-768x768.jpg 768w, https:\/\/www.eoimalaga.com\/web\/wp-content\/uploads\/2024\/11\/singinginthesun3-1536x1536.jpg 1536w, https:\/\/www.eoimalaga.com\/web\/wp-content\/uploads\/2024\/11\/singinginthesun3-2048x2048.jpg 2048w, https:\/\/www.eoimalaga.com\/web\/wp-content\/uploads\/2024\/11\/singinginthesun3-45x45.jpg 45w\" sizes=\"auto, (max-width: 434px) 100vw, 434px\" \/><\/p>\n<p style=\"text-align: center;\"><strong>Arriba, nuestros aux de 2024-25: <\/strong><\/p>\n<p style=\"text-align: center;\"><strong>Namita, Shihui y Paul. <\/strong><\/p>\n<\/td>\n<td style=\"width: 50%; height: 545px;\">\n<p style=\"text-align: justify;\"><strong>Abajo: Louise, Andy, Alexandra, Jing Jing , Elisa\u00a0 y Martina,\u00a0 nuestros asistentes ling\u00fc\u00edsticos de 2023-24.\u00a0<\/strong><\/p>\n<p><img loading=\"lazy\" decoding=\"async\" class=\" wp-image-17783\" src=\"https:\/\/www.eoimalaga.com\/web\/wp-content\/uploads\/2023\/12\/naranjo-300x300.jpg\" alt=\"\" width=\"422\" height=\"422\" srcset=\"https:\/\/www.eoimalaga.com\/web\/wp-content\/uploads\/2023\/12\/naranjo-300x300.jpg 300w, https:\/\/www.eoimalaga.com\/web\/wp-content\/uploads\/2023\/12\/naranjo-1024x1024.jpg 1024w, https:\/\/www.eoimalaga.com\/web\/wp-content\/uploads\/2023\/12\/naranjo-150x150.jpg 150w, https:\/\/www.eoimalaga.com\/web\/wp-content\/uploads\/2023\/12\/naranjo-768x768.jpg 768w, https:\/\/www.eoimalaga.com\/web\/wp-content\/uploads\/2023\/12\/naranjo-1536x1536.jpg 1536w, https:\/\/www.eoimalaga.com\/web\/wp-content\/uploads\/2023\/12\/naranjo-2048x2048.jpg 2048w, https:\/\/www.eoimalaga.com\/web\/wp-content\/uploads\/2023\/12\/naranjo-45x45.jpg 45w\" sizes=\"auto, (max-width: 422px) 100vw, 422px\" \/><\/td>\n<\/tr>\n<\/tbody>\n<\/table>\n<p>&nbsp;<\/p>\n<table style=\"border-collapse: collapse; width: 100%;\">\n<tbody>\n<tr>\n<td style=\"width: 54.0959%;\"><span style=\"font-size: 12pt;\"><strong><img loading=\"lazy\" decoding=\"async\" class=\"wp-image-14625 aligncenter\" src=\"https:\/\/www.eoimalaga.com\/web\/wp-content\/uploads\/2022\/03\/1648137481777-1024x771.jpg\" alt=\"\" width=\"719\" height=\"541\" srcset=\"https:\/\/www.eoimalaga.com\/web\/wp-content\/uploads\/2022\/03\/1648137481777-1024x771.jpg 1024w, https:\/\/www.eoimalaga.com\/web\/wp-content\/uploads\/2022\/03\/1648137481777-300x226.jpg 300w, https:\/\/www.eoimalaga.com\/web\/wp-content\/uploads\/2022\/03\/1648137481777-768x578.jpg 768w, https:\/\/www.eoimalaga.com\/web\/wp-content\/uploads\/2022\/03\/1648137481777-1536x1156.jpg 1536w, https:\/\/www.eoimalaga.com\/web\/wp-content\/uploads\/2022\/03\/1648137481777.jpg 1600w\" sizes=\"auto, (max-width: 719px) 100vw, 719px\" \/><\/strong><\/span><\/p>\n<p><span style=\"font-size: 12pt;\"><strong>De izquierda a derecha (arriba), lectoras de griego &#8211; Tzeni y Katerina-\u00a0 y auxiliares <\/strong><strong>2021-22 <\/strong><strong>&#8211;\u00a0 Sonia, Emy, Ceren, Dan, Yunyu y Franziska.<\/strong><\/span><\/p>\n<p style=\"text-align: center;\"><span style=\"font-size: 16px;\"><span style=\"background-color: #ffffff;\"><strong style=\"background-color: #ffffff;\">De izquierda a derecha (al lado), auxiliares 2022-23<\/strong><\/span><span style=\"background-color: #ffffff;\"><strong style=\"background-color: #ffffff;\">: <\/strong><\/span><\/span><\/p>\n<p style=\"text-align: center;\"><span style=\"background-color: #ffffff; font-size: 16px;\"><strong style=\"background-color: #ffffff;\">Alex, Magdalena, Stephanie, Helene, Lu, Costanza y Alice<\/strong><\/span><\/p>\n<\/td>\n<td style=\"width: 45.9041%;\"><span style=\"font-size: 12pt;\"><img loading=\"lazy\" decoding=\"async\" class=\"aligncenter\" src=\"https:\/\/www.eoimalaga.com\/web\/wp-content\/uploads\/2023\/02\/alaweb2-scaled-e1676482946565.jpg\" width=\"636\" height=\"636\" \/><\/span><\/td>\n<\/tr>\n<\/tbody>\n<\/table>\n<p>&nbsp;<\/p>\n<p><span style=\"color: #ff9900;\"><strong><span style=\"font-size: 14pt;\"><span style=\"color: #ff6600;\">P\u00e1ginas web y gu\u00edas sobre el programa:<\/span><\/span><\/strong><\/span><\/p>\n<ul style=\"list-style-type: disc;\">\n<li><span style=\"font-size: 12pt;\"><a href=\"https:\/\/www.juntadeandalucia.es\/educacion\/portals\/web\/plurilinguismo\/auxiliares-conversacion\" target=\"_blank\" rel=\"noopener noreferrer\">https:\/\/www.juntadeandalucia.es\/educacion\/portals\/web\/plurilinguismo\/auxiliares-conversacion<\/a><\/span><\/li>\n<li><span style=\"font-size: 12pt;\"><a href=\"https:\/\/www.libreria.educacion.gob.es\/libro\/auxiliares-de-conversacion-extranjeros-en-espana-guia-2024-2025_184419\/\" target=\"_blank\" rel=\"noopener\">Guia del Ministerio para auxiliares 2024-25<\/a><\/span><\/li>\n<li><span style=\"font-size: 12pt;\">Los auxiliares de la Junta de Andaluc\u00eda aparecieron en el peri\u00f3dico Sur el a\u00f1o pasado &#8211; lee el art\u00edculo<a href=\"https:\/\/www.surinenglish.com\/malaga\/elisa-evans-and-ines-language-and-culture-20231110134406-nt.html\" target=\"_blank\" rel=\"noopener noreferrer\"> aqu\u00ed<\/a>-.<\/span><\/li>\n<li>Solicitud para ser auxiliar en el curso 2025-26 (plazo finalizado)- <span style=\"color: #ff6600;\"><a style=\"color: #ff6600;\" href=\"https:\/\/www.educacionfpydeportes.gob.es\/servicios-al-ciudadano\/catalogo\/general\/99\/998188\/ficha\/998188-2025.html\" target=\"_blank\" rel=\"noopener\">CLICA AQUI PARA VER LAS INSTRUCCIONES<\/a>\u00a0<\/span><\/li>\n<\/ul>\n<p>&nbsp;<\/p>\n<p><span style=\"color: #ff6600;\"><strong><span style=\"font-size: 14pt;\">Nuestros auxiliares de este curso 2024-25<\/span><\/strong><\/span><\/p>\n<p>Nuestros alumnos podr\u00e1n coincidir con ellos en las actividades culturales de los Departamentos y en algunas clases. Son: Namita Chandra (de EE.UU.), Shihui Sha (de China) y Paul Hofer (de Austria).<\/p>\n<p><img loading=\"lazy\" decoding=\"async\" class=\"alignnone wp-image-19574\" src=\"https:\/\/www.eoimalaga.com\/web\/wp-content\/uploads\/2024\/11\/closerpic-300x300.jpg\" alt=\"\" width=\"361\" height=\"361\" srcset=\"https:\/\/www.eoimalaga.com\/web\/wp-content\/uploads\/2024\/11\/closerpic-300x300.jpg 300w, https:\/\/www.eoimalaga.com\/web\/wp-content\/uploads\/2024\/11\/closerpic-1024x1024.jpg 1024w, https:\/\/www.eoimalaga.com\/web\/wp-content\/uploads\/2024\/11\/closerpic-150x150.jpg 150w, https:\/\/www.eoimalaga.com\/web\/wp-content\/uploads\/2024\/11\/closerpic-768x768.jpg 768w, https:\/\/www.eoimalaga.com\/web\/wp-content\/uploads\/2024\/11\/closerpic-1536x1536.jpg 1536w, https:\/\/www.eoimalaga.com\/web\/wp-content\/uploads\/2024\/11\/closerpic-2048x2048.jpg 2048w, https:\/\/www.eoimalaga.com\/web\/wp-content\/uploads\/2024\/11\/closerpic-45x45.jpg 45w\" sizes=\"auto, (max-width: 361px) 100vw, 361px\" \/><\/p>\n<p>&nbsp;<\/p>\n<p>&nbsp;<\/p>\n<p><span style=\"font-size: 14pt; color: #ff6600;\"><strong>Testimonios en primera persona<\/strong><\/span><\/p>\n<div id=\"attachment_14722\" style=\"width: 293px\" class=\"wp-caption alignright\"><img loading=\"lazy\" decoding=\"async\" aria-describedby=\"caption-attachment-14722\" class=\"wp-image-14722\" src=\"https:\/\/www.eoimalaga.com\/web\/wp-content\/uploads\/2022\/03\/yulia-web-300x300.jpg\" alt=\"Yulia, auxiliar de Ruso del cupo del Ministerio 2021\/22\" width=\"283\" height=\"283\" srcset=\"https:\/\/www.eoimalaga.com\/web\/wp-content\/uploads\/2022\/03\/yulia-web-300x300.jpg 300w, https:\/\/www.eoimalaga.com\/web\/wp-content\/uploads\/2022\/03\/yulia-web-1024x1024.jpg 1024w, https:\/\/www.eoimalaga.com\/web\/wp-content\/uploads\/2022\/03\/yulia-web-150x150.jpg 150w, https:\/\/www.eoimalaga.com\/web\/wp-content\/uploads\/2022\/03\/yulia-web-768x768.jpg 768w, https:\/\/www.eoimalaga.com\/web\/wp-content\/uploads\/2022\/03\/yulia-web-1536x1536.jpg 1536w, https:\/\/www.eoimalaga.com\/web\/wp-content\/uploads\/2022\/03\/yulia-web-2048x2048.jpg 2048w, https:\/\/www.eoimalaga.com\/web\/wp-content\/uploads\/2022\/03\/yulia-web-45x45.jpg 45w\" sizes=\"auto, (max-width: 283px) 100vw, 283px\" \/><p id=\"caption-attachment-14722\" class=\"wp-caption-text\"><strong>Yulia, auxiliar del Ministerio 2021\/22<\/strong><\/p><\/div>\n<p style=\"text-align: justify;\"><span style=\"font-size: 12pt;\">\u00abHa sido y est\u00e1 siendo una experiencia muy positiva y enriquecedora. Tuve oportunidad de conocer gente de 5 niveles de idioma y cada uno de ellos\u00a0 era un reto por tener el grado de conocimiento diferente.<\/span><\/p>\n<p style=\"text-align: justify;\"><span style=\"font-size: 12pt;\">En general, he sido muy bien aceptada, sobre todo entre los cursos superiores pero tambi\u00e9n entre los cursos iniciales, aportando a la metodolog\u00eda de la ense\u00f1anza una manera de fortalecer el material estudiado en clases programadas de forma m\u00e1s\u00a0 distendida y divertida.<\/span><\/p>\n<p style=\"text-align: justify;\"><span style=\"font-size: 12pt;\">Tambi\u00e9n tuvimos nuestros ratos de aprendizaje de cultura e historia rusa, cosas que considero tienen que tener hueco en el proceso de ense\u00f1anza para reforzar el est\u00edmulo de los alumnos a la hora de estudios.<\/span><\/p>\n<p style=\"text-align: justify;\"><span style=\"font-size: 12pt;\">Seguir\u00e9 trabajando bajo las recomendaciones de los profesores siguiendo las l\u00edneas de los temas que se estudien en el programa predeterminado. Tambi\u00e9n siempre estoy pendiente de las recomendaciones de los\u00a0 alumnos para hacer las clases m\u00e1s amenas.<\/span><\/p>\n<p style=\"text-align: justify;\"><span style=\"font-size: 12pt;\">Aprovecho la oportunidad de agradecer al equipo de la direcci\u00f3n y el profesorado del Departamento Ruso el darme la oportunidad de tener esta experiencia \u00fanica de plasmar mis conocimientos con alumnos de la EOI de M\u00e1laga, un colectivo con muy buen ambiente y muy gratificante.\u00bb<\/span><\/p>\n<p style=\"text-align: justify;\"><span style=\"font-size: 12pt;\"><em>Yulia Soloviova Ratanova, auxiliar MEFP para ruso 2021\/22<\/em><\/span><\/p>\n<p>&nbsp;<\/p>\n<p style=\"text-align: center;\">***<\/p>\n<p style=\"text-align: justify;\"><span style=\"font-size: 12pt;\">\u00abEn la Escuela Oficial de Idiomas he tenido la oportunidad de aprender mucho en cuanto al sistema de educaci\u00f3n en Andaluc\u00eda, sobre todo en la ense\u00f1anza de adultos. Gracias al equipo del departamento de alem\u00e1n, me han dado la posibilidad de asistir a todos los niveles de ense\u00f1anza de alem\u00e1n como lengua extranjera (de A1 a C1) y en todas las modalidades de ense\u00f1anza, tanto en clases presenciales como a distancia. Me siento afortunada de haber podido trabajar como auxiliar de conversaci\u00f3n de alem\u00e1n en la E.O.I M\u00e1laga. Vielen Dank f\u00fcr alles!\u00bb<\/span><\/p>\n<p style=\"text-align: justify;\"><span style=\"font-size: 12pt;\"><em>Ceren Sadic, auxiliar CEJA para alem\u00e1n 2021\/22<\/em><\/span><\/p>\n<p>&nbsp;<\/p>\n<p style=\"text-align: center;\">***<\/p>\n<p style=\"text-align: justify;\">\u201e<span style=\"font-family: georgia, palatino, serif; font-size: 12pt;\">Die Arbeit als Sprachassistentin an der EOI in M\u00e1laga war eine riesige Bereicherung! Einerseits konnte ich als zuk\u00fcnftige Lehrerin viele Unterrichtserfahrungen sammeln, andererseits trug dieses Praktikum wesentlich zu meiner pers\u00f6nlichen Weiterentwicklung bei. Das Sprachassistenzprogramm ist meiner Meinung nach eine absolute Win-Win Situation! Sowohl die Lernenden k\u00f6nnen von der Zusammenarbeit mit Native Speaker profitieren als auch SprachassistentInnen lernen die Kultur und die Sprache eines anderen Landes besser kennen. Erfahrungen in einem neuen Land zu sammeln, und dadurch seinen Horizont zu erweitern sehe ich als gro\u00dfartige Chance, die ich nicht missen m\u00f6chte.\u201c<\/span><\/p>\n<p><span style=\"font-family: georgia, palatino, serif; font-size: 12pt;\"><em>Franziska Postlmayr, auxiliar CEJA \/ Erasmus+ para alem\u00e1n 2021\/22<\/em><\/span><\/p>\n<p>&nbsp;<\/p>\n<p style=\"text-align: center;\">***<\/p>\n<p>&nbsp;<\/p>\n<p>[\/vc_column_text][\/vc_column][\/vc_row]<\/p>\n<\/div>","protected":false},"excerpt":{"rendered":"<p>[vc_row][vc_column][vc_column_text css=\u00bb\u00bb] Auxiliares de Conversaci\u00f3n &nbsp; Ficha de informaci\u00f3n para auxiliares\u00a0 Conoce el centro,\u00a0 accede a informaci\u00f3n sobre la ciudad de M\u00e1laga, c\u00f3mo est\u00e1 el tema del alojamiento, transporte y otros datos \u00fatiles. Clica en el nombre del idioma para acceder a la ficha correspondiente: Deutsch English espa\u00f1ol\u00a0 italiano fran\u00e7ais portugu\u00eas &nbsp; Fotos de nuestros [&hellip;]<\/p>\n","protected":false},"author":12,"featured_media":0,"comment_status":"closed","ping_status":"closed","sticky":false,"template":"","format":"standard","meta":{"inline_featured_image":false,"footnotes":""},"categories":[1],"tags":[],"class_list":["post-14595","post","type-post","status-publish","format-standard","hentry","category-sin-categoria"],"yoast_head":"<!-- This site is optimized with the Yoast SEO plugin v26.5 - https:\/\/yoast.com\/wordpress\/plugins\/seo\/ -->\n<title>Auxiliares conversaci\u00f3n - P\u00e1gina Oficial de la EOI de M\u00e1laga ::Los idiomas ponen el mundo a tus pies::<\/title>\n<meta name=\"robots\" content=\"index, follow, max-snippet:-1, max-image-preview:large, max-video-preview:-1\" \/>\n<link rel=\"canonical\" href=\"https:\/\/www.eoimalaga.com\/web\/auxiliares\/\" \/>\n<meta property=\"og:locale\" content=\"es_ES\" \/>\n<meta property=\"og:type\" content=\"article\" \/>\n<meta property=\"og:title\" content=\"Auxiliares conversaci\u00f3n - P\u00e1gina Oficial de la EOI de M\u00e1laga ::Los idiomas ponen el mundo a tus pies::\" \/>\n<meta property=\"og:description\" content=\"[vc_row][vc_column][vc_column_text css=\u00bb\u00bb] Auxiliares de Conversaci\u00f3n &nbsp; Ficha de informaci\u00f3n para auxiliares\u00a0 Conoce el centro,\u00a0 accede a informaci\u00f3n sobre la ciudad de M\u00e1laga, c\u00f3mo est\u00e1 el tema del alojamiento, transporte y otros datos \u00fatiles. Clica en el nombre del idioma para acceder a la ficha correspondiente: Deutsch English espa\u00f1ol\u00a0 italiano fran\u00e7ais portugu\u00eas &nbsp; Fotos de nuestros [&hellip;]\" \/>\n<meta property=\"og:url\" content=\"https:\/\/www.eoimalaga.com\/web\/auxiliares\/\" \/>\n<meta property=\"og:site_name\" content=\"P\u00e1gina Oficial de la EOI de M\u00e1laga ::Los idiomas ponen el mundo a tus pies::\" \/>\n<meta property=\"article:published_time\" content=\"2022-03-24T11:19:19+00:00\" \/>\n<meta property=\"article:modified_time\" content=\"2025-09-03T18:21:22+00:00\" \/>\n<meta property=\"og:image\" content=\"https:\/\/www.eoimalaga.com\/web\/wp-content\/uploads\/2024\/11\/Logo_convivencia_consejeria.jpg\" \/>\n\t<meta property=\"og:image:width\" content=\"1024\" \/>\n\t<meta property=\"og:image:height\" content=\"99\" \/>\n\t<meta property=\"og:image:type\" content=\"image\/jpeg\" \/>\n<meta name=\"author\" content=\"EOI M\u00c1LAGA Direcci\u00f3n\" \/>\n<meta name=\"twitter:card\" content=\"summary_large_image\" \/>\n<meta name=\"twitter:label1\" content=\"Escrito por\" \/>\n\t<meta name=\"twitter:data1\" content=\"EOI M\u00c1LAGA Direcci\u00f3n\" \/>\n\t<meta name=\"twitter:label2\" content=\"Tiempo de lectura\" \/>\n\t<meta name=\"twitter:data2\" content=\"9 minutos\" \/>\n<script type=\"application\/ld+json\" class=\"yoast-schema-graph\">{\"@context\":\"https:\/\/schema.org\",\"@graph\":[{\"@type\":\"WebPage\",\"@id\":\"https:\/\/www.eoimalaga.com\/web\/auxiliares\/\",\"url\":\"https:\/\/www.eoimalaga.com\/web\/auxiliares\/\",\"name\":\"Auxiliares conversaci\u00f3n - P\u00e1gina Oficial de la EOI de M\u00e1laga ::Los idiomas ponen el mundo a tus pies::\",\"isPartOf\":{\"@id\":\"https:\/\/www.eoimalaga.com\/web\/#website\"},\"primaryImageOfPage\":{\"@id\":\"https:\/\/www.eoimalaga.com\/web\/auxiliares\/#primaryimage\"},\"image\":{\"@id\":\"https:\/\/www.eoimalaga.com\/web\/auxiliares\/#primaryimage\"},\"thumbnailUrl\":\"https:\/\/www.eoimalaga.com\/web\/wp-content\/uploads\/2024\/11\/Logo_convivencia_consejeria-300x29.jpg\",\"datePublished\":\"2022-03-24T11:19:19+00:00\",\"dateModified\":\"2025-09-03T18:21:22+00:00\",\"author\":{\"@id\":\"https:\/\/www.eoimalaga.com\/web\/#\/schema\/person\/0da9e6dd9175c092badaab142c4ea2e6\"},\"breadcrumb\":{\"@id\":\"https:\/\/www.eoimalaga.com\/web\/auxiliares\/#breadcrumb\"},\"inLanguage\":\"es\",\"potentialAction\":[{\"@type\":\"ReadAction\",\"target\":[\"https:\/\/www.eoimalaga.com\/web\/auxiliares\/\"]}]},{\"@type\":\"ImageObject\",\"inLanguage\":\"es\",\"@id\":\"https:\/\/www.eoimalaga.com\/web\/auxiliares\/#primaryimage\",\"url\":\"https:\/\/www.eoimalaga.com\/web\/wp-content\/uploads\/2024\/11\/Logo_convivencia_consejeria.jpg\",\"contentUrl\":\"https:\/\/www.eoimalaga.com\/web\/wp-content\/uploads\/2024\/11\/Logo_convivencia_consejeria.jpg\",\"width\":1024,\"height\":99},{\"@type\":\"BreadcrumbList\",\"@id\":\"https:\/\/www.eoimalaga.com\/web\/auxiliares\/#breadcrumb\",\"itemListElement\":[{\"@type\":\"ListItem\",\"position\":1,\"name\":\"Home\",\"item\":\"https:\/\/www.eoimalaga.com\/web\/\"},{\"@type\":\"ListItem\",\"position\":2,\"name\":\"Auxiliares conversaci\u00f3n\"}]},{\"@type\":\"WebSite\",\"@id\":\"https:\/\/www.eoimalaga.com\/web\/#website\",\"url\":\"https:\/\/www.eoimalaga.com\/web\/\",\"name\":\"P\u00e1gina Oficial de la EOI de M\u00e1laga ::Los idiomas ponen el mundo a tus pies::\",\"description\":\"EOI M\u00e1laga\",\"potentialAction\":[{\"@type\":\"SearchAction\",\"target\":{\"@type\":\"EntryPoint\",\"urlTemplate\":\"https:\/\/www.eoimalaga.com\/web\/?s={search_term_string}\"},\"query-input\":{\"@type\":\"PropertyValueSpecification\",\"valueRequired\":true,\"valueName\":\"search_term_string\"}}],\"inLanguage\":\"es\"},{\"@type\":\"Person\",\"@id\":\"https:\/\/www.eoimalaga.com\/web\/#\/schema\/person\/0da9e6dd9175c092badaab142c4ea2e6\",\"name\":\"EOI M\u00c1LAGA Direcci\u00f3n\",\"image\":{\"@type\":\"ImageObject\",\"inLanguage\":\"es\",\"@id\":\"https:\/\/www.eoimalaga.com\/web\/#\/schema\/person\/image\/\",\"url\":\"https:\/\/secure.gravatar.com\/avatar\/9dbd3f4640adacc300b0fada7d580e0d?s=96&d=mm&r=g\",\"contentUrl\":\"https:\/\/secure.gravatar.com\/avatar\/9dbd3f4640adacc300b0fada7d580e0d?s=96&d=mm&r=g\",\"caption\":\"EOI M\u00c1LAGA Direcci\u00f3n\"},\"url\":\"https:\/\/www.eoimalaga.com\/web\/author\/direccion-eoi-2019\/\"}]}<\/script>\n<!-- \/ Yoast SEO plugin. -->","yoast_head_json":{"title":"Auxiliares conversaci\u00f3n - P\u00e1gina Oficial de la EOI de M\u00e1laga ::Los idiomas ponen el mundo a tus pies::","robots":{"index":"index","follow":"follow","max-snippet":"max-snippet:-1","max-image-preview":"max-image-preview:large","max-video-preview":"max-video-preview:-1"},"canonical":"https:\/\/www.eoimalaga.com\/web\/auxiliares\/","og_locale":"es_ES","og_type":"article","og_title":"Auxiliares conversaci\u00f3n - P\u00e1gina Oficial de la EOI de M\u00e1laga ::Los idiomas ponen el mundo a tus pies::","og_description":"[vc_row][vc_column][vc_column_text css=\u00bb\u00bb] Auxiliares de Conversaci\u00f3n &nbsp; Ficha de informaci\u00f3n para auxiliares\u00a0 Conoce el centro,\u00a0 accede a informaci\u00f3n sobre la ciudad de M\u00e1laga, c\u00f3mo est\u00e1 el tema del alojamiento, transporte y otros datos \u00fatiles. Clica en el nombre del idioma para acceder a la ficha correspondiente: Deutsch English espa\u00f1ol\u00a0 italiano fran\u00e7ais portugu\u00eas &nbsp; Fotos de nuestros [&hellip;]","og_url":"https:\/\/www.eoimalaga.com\/web\/auxiliares\/","og_site_name":"P\u00e1gina Oficial de la EOI de M\u00e1laga ::Los idiomas ponen el mundo a tus pies::","article_published_time":"2022-03-24T11:19:19+00:00","article_modified_time":"2025-09-03T18:21:22+00:00","og_image":[{"width":1024,"height":99,"url":"https:\/\/www.eoimalaga.com\/web\/wp-content\/uploads\/2024\/11\/Logo_convivencia_consejeria.jpg","type":"image\/jpeg"}],"author":"EOI M\u00c1LAGA Direcci\u00f3n","twitter_card":"summary_large_image","twitter_misc":{"Escrito por":"EOI M\u00c1LAGA Direcci\u00f3n","Tiempo de lectura":"9 minutos"},"schema":{"@context":"https:\/\/schema.org","@graph":[{"@type":"WebPage","@id":"https:\/\/www.eoimalaga.com\/web\/auxiliares\/","url":"https:\/\/www.eoimalaga.com\/web\/auxiliares\/","name":"Auxiliares conversaci\u00f3n - P\u00e1gina Oficial de la EOI de M\u00e1laga ::Los idiomas ponen el mundo a tus pies::","isPartOf":{"@id":"https:\/\/www.eoimalaga.com\/web\/#website"},"primaryImageOfPage":{"@id":"https:\/\/www.eoimalaga.com\/web\/auxiliares\/#primaryimage"},"image":{"@id":"https:\/\/www.eoimalaga.com\/web\/auxiliares\/#primaryimage"},"thumbnailUrl":"https:\/\/www.eoimalaga.com\/web\/wp-content\/uploads\/2024\/11\/Logo_convivencia_consejeria-300x29.jpg","datePublished":"2022-03-24T11:19:19+00:00","dateModified":"2025-09-03T18:21:22+00:00","author":{"@id":"https:\/\/www.eoimalaga.com\/web\/#\/schema\/person\/0da9e6dd9175c092badaab142c4ea2e6"},"breadcrumb":{"@id":"https:\/\/www.eoimalaga.com\/web\/auxiliares\/#breadcrumb"},"inLanguage":"es","potentialAction":[{"@type":"ReadAction","target":["https:\/\/www.eoimalaga.com\/web\/auxiliares\/"]}]},{"@type":"ImageObject","inLanguage":"es","@id":"https:\/\/www.eoimalaga.com\/web\/auxiliares\/#primaryimage","url":"https:\/\/www.eoimalaga.com\/web\/wp-content\/uploads\/2024\/11\/Logo_convivencia_consejeria.jpg","contentUrl":"https:\/\/www.eoimalaga.com\/web\/wp-content\/uploads\/2024\/11\/Logo_convivencia_consejeria.jpg","width":1024,"height":99},{"@type":"BreadcrumbList","@id":"https:\/\/www.eoimalaga.com\/web\/auxiliares\/#breadcrumb","itemListElement":[{"@type":"ListItem","position":1,"name":"Home","item":"https:\/\/www.eoimalaga.com\/web\/"},{"@type":"ListItem","position":2,"name":"Auxiliares conversaci\u00f3n"}]},{"@type":"WebSite","@id":"https:\/\/www.eoimalaga.com\/web\/#website","url":"https:\/\/www.eoimalaga.com\/web\/","name":"P\u00e1gina Oficial de la EOI de M\u00e1laga ::Los idiomas ponen el mundo a tus pies::","description":"EOI M\u00e1laga","potentialAction":[{"@type":"SearchAction","target":{"@type":"EntryPoint","urlTemplate":"https:\/\/www.eoimalaga.com\/web\/?s={search_term_string}"},"query-input":{"@type":"PropertyValueSpecification","valueRequired":true,"valueName":"search_term_string"}}],"inLanguage":"es"},{"@type":"Person","@id":"https:\/\/www.eoimalaga.com\/web\/#\/schema\/person\/0da9e6dd9175c092badaab142c4ea2e6","name":"EOI M\u00c1LAGA Direcci\u00f3n","image":{"@type":"ImageObject","inLanguage":"es","@id":"https:\/\/www.eoimalaga.com\/web\/#\/schema\/person\/image\/","url":"https:\/\/secure.gravatar.com\/avatar\/9dbd3f4640adacc300b0fada7d580e0d?s=96&d=mm&r=g","contentUrl":"https:\/\/secure.gravatar.com\/avatar\/9dbd3f4640adacc300b0fada7d580e0d?s=96&d=mm&r=g","caption":"EOI M\u00c1LAGA Direcci\u00f3n"},"url":"https:\/\/www.eoimalaga.com\/web\/author\/direccion-eoi-2019\/"}]}},"_links":{"self":[{"href":"https:\/\/www.eoimalaga.com\/web\/wp-json\/wp\/v2\/posts\/14595","targetHints":{"allow":["GET"]}}],"collection":[{"href":"https:\/\/www.eoimalaga.com\/web\/wp-json\/wp\/v2\/posts"}],"about":[{"href":"https:\/\/www.eoimalaga.com\/web\/wp-json\/wp\/v2\/types\/post"}],"author":[{"embeddable":true,"href":"https:\/\/www.eoimalaga.com\/web\/wp-json\/wp\/v2\/users\/12"}],"replies":[{"embeddable":true,"href":"https:\/\/www.eoimalaga.com\/web\/wp-json\/wp\/v2\/comments?post=14595"}],"version-history":[{"count":83,"href":"https:\/\/www.eoimalaga.com\/web\/wp-json\/wp\/v2\/posts\/14595\/revisions"}],"predecessor-version":[{"id":22173,"href":"https:\/\/www.eoimalaga.com\/web\/wp-json\/wp\/v2\/posts\/14595\/revisions\/22173"}],"wp:attachment":[{"href":"https:\/\/www.eoimalaga.com\/web\/wp-json\/wp\/v2\/media?parent=14595"}],"wp:term":[{"taxonomy":"category","embeddable":true,"href":"https:\/\/www.eoimalaga.com\/web\/wp-json\/wp\/v2\/categories?post=14595"},{"taxonomy":"post_tag","embeddable":true,"href":"https:\/\/www.eoimalaga.com\/web\/wp-json\/wp\/v2\/tags?post=14595"}],"curies":[{"name":"wp","href":"https:\/\/api.w.org\/{rel}","templated":true}]}}