{"id":14316,"date":"2022-03-08T13:51:56","date_gmt":"2022-03-08T11:51:56","guid":{"rendered":"https:\/\/www.eoimalaga.com\/web\/?p=14316"},"modified":"2022-03-08T13:51:56","modified_gmt":"2022-03-08T11:51:56","slug":"exposicion-poeta-no-poetisa","status":"publish","type":"post","link":"https:\/\/www.eoimalaga.com\/web\/exposicion-poeta-no-poetisa\/","title":{"rendered":"Exposici\u00f3n \u00abPoeta, no poetisa\u00bb"},"content":{"rendered":"<div style=\"text-align: justify;\">Hoy se celebra el D\u00eda Internacional de la Mujer y os recuerdo que para esta ocasi\u00f3n y durante todo el mes de marzo, en la Cafeter\u00eda de nuestra escuela se exponen algunas de las obras de la artista gr\u00e1fica Selene Rodr\u00edguez Hern\u00e1ndez, tambi\u00e9n alumna de alem\u00e1n y ruso.<\/div>\n<div style=\"text-align: justify;\">Se trata de una muestra intimista, en la que se ha escogido un n\u00famero limitado de obras de peque\u00f1os formatos para acercar a nuestro alumnado figuras femeninas de la literatura de los idiomas alem\u00e1n y ruso. La artista trabaja con t\u00e9cnica mixta, conjugando la potencia expresiva de la palabra escrita en su idioma original con im\u00e1genes de las autoras.<\/div>\n<div style=\"text-align: justify;\">El t\u00edtulo de la muestra, \u00abPoeta, no poetisa\u00bb resalta el valor del uso del lenguaje en el camino hacia la igualdad.<\/div>\n<div style=\"text-align: justify;\"><\/div>\n<p><a href=\"https:\/\/www.eoimalaga.com\/web\/wp-content\/uploads\/2022\/03\/P\u00f3ster-Expo-Leni.pdf\">P\u00f3ster Expo Leni<\/a><\/p>\n","protected":false},"excerpt":{"rendered":"<p>Hoy se celebra el D\u00eda Internacional de la Mujer y os recuerdo que para esta ocasi\u00f3n y durante todo el mes de marzo, en la Cafeter\u00eda de nuestra escuela se exponen algunas de las obras de la artista gr\u00e1fica Selene Rodr\u00edguez Hern\u00e1ndez, tambi\u00e9n alumna de alem\u00e1n y ruso. Se trata de una muestra intimista, en [&hellip;]<\/p>\n","protected":false},"author":23,"featured_media":0,"comment_status":"closed","ping_status":"closed","sticky":false,"template":"","format":"standard","meta":{"inline_featured_image":false,"footnotes":""},"categories":[71,75],"tags":[],"class_list":["post-14316","post","type-post","status-publish","format-standard","hentry","category-coeducacion","category-noticias-coeducacion"],"yoast_head":"<!-- This site is optimized with the Yoast SEO plugin v26.5 - https:\/\/yoast.com\/wordpress\/plugins\/seo\/ -->\n<title>Exposici\u00f3n &quot;Poeta, no poetisa&quot; - P\u00e1gina Oficial de la EOI de M\u00e1laga ::Los idiomas ponen el mundo a tus pies::<\/title>\n<meta name=\"robots\" content=\"index, follow, max-snippet:-1, max-image-preview:large, max-video-preview:-1\" \/>\n<link rel=\"canonical\" href=\"https:\/\/www.eoimalaga.com\/web\/exposicion-poeta-no-poetisa\/\" \/>\n<meta property=\"og:locale\" content=\"es_ES\" \/>\n<meta property=\"og:type\" content=\"article\" \/>\n<meta property=\"og:title\" content=\"Exposici\u00f3n &quot;Poeta, no poetisa&quot; - P\u00e1gina Oficial de la EOI de M\u00e1laga ::Los idiomas ponen el mundo a tus pies::\" \/>\n<meta property=\"og:description\" content=\"Hoy se celebra el D\u00eda Internacional de la Mujer y os recuerdo que para esta ocasi\u00f3n y durante todo el mes de marzo, en la Cafeter\u00eda de nuestra escuela se exponen algunas de las obras de la artista gr\u00e1fica Selene Rodr\u00edguez Hern\u00e1ndez, tambi\u00e9n alumna de alem\u00e1n y ruso. Se trata de una muestra intimista, en [&hellip;]\" \/>\n<meta property=\"og:url\" content=\"https:\/\/www.eoimalaga.com\/web\/exposicion-poeta-no-poetisa\/\" \/>\n<meta property=\"og:site_name\" content=\"P\u00e1gina Oficial de la EOI de M\u00e1laga ::Los idiomas ponen el mundo a tus pies::\" \/>\n<meta property=\"article:published_time\" content=\"2022-03-08T11:51:56+00:00\" \/>\n<meta name=\"author\" content=\"Coeducaci\u00f3n\" \/>\n<meta name=\"twitter:card\" content=\"summary_large_image\" \/>\n<meta name=\"twitter:label1\" content=\"Escrito por\" \/>\n\t<meta name=\"twitter:data1\" content=\"Coeducaci\u00f3n\" \/>\n\t<meta name=\"twitter:label2\" content=\"Tiempo de lectura\" \/>\n\t<meta name=\"twitter:data2\" content=\"1 minuto\" \/>\n<script type=\"application\/ld+json\" class=\"yoast-schema-graph\">{\"@context\":\"https:\/\/schema.org\",\"@graph\":[{\"@type\":\"WebPage\",\"@id\":\"https:\/\/www.eoimalaga.com\/web\/exposicion-poeta-no-poetisa\/\",\"url\":\"https:\/\/www.eoimalaga.com\/web\/exposicion-poeta-no-poetisa\/\",\"name\":\"Exposici\u00f3n \\\"Poeta, no poetisa\\\" - P\u00e1gina Oficial de la EOI de M\u00e1laga ::Los idiomas ponen el mundo a tus pies::\",\"isPartOf\":{\"@id\":\"https:\/\/www.eoimalaga.com\/web\/#website\"},\"datePublished\":\"2022-03-08T11:51:56+00:00\",\"author\":{\"@id\":\"https:\/\/www.eoimalaga.com\/web\/#\/schema\/person\/a2b8e95babaaedae24792f685bb69ecd\"},\"breadcrumb\":{\"@id\":\"https:\/\/www.eoimalaga.com\/web\/exposicion-poeta-no-poetisa\/#breadcrumb\"},\"inLanguage\":\"es\",\"potentialAction\":[{\"@type\":\"ReadAction\",\"target\":[\"https:\/\/www.eoimalaga.com\/web\/exposicion-poeta-no-poetisa\/\"]}]},{\"@type\":\"BreadcrumbList\",\"@id\":\"https:\/\/www.eoimalaga.com\/web\/exposicion-poeta-no-poetisa\/#breadcrumb\",\"itemListElement\":[{\"@type\":\"ListItem\",\"position\":1,\"name\":\"Home\",\"item\":\"https:\/\/www.eoimalaga.com\/web\/\"},{\"@type\":\"ListItem\",\"position\":2,\"name\":\"Exposici\u00f3n \u00abPoeta, no poetisa\u00bb\"}]},{\"@type\":\"WebSite\",\"@id\":\"https:\/\/www.eoimalaga.com\/web\/#website\",\"url\":\"https:\/\/www.eoimalaga.com\/web\/\",\"name\":\"P\u00e1gina Oficial de la EOI de M\u00e1laga ::Los idiomas ponen el mundo a tus pies::\",\"description\":\"EOI M\u00e1laga\",\"potentialAction\":[{\"@type\":\"SearchAction\",\"target\":{\"@type\":\"EntryPoint\",\"urlTemplate\":\"https:\/\/www.eoimalaga.com\/web\/?s={search_term_string}\"},\"query-input\":{\"@type\":\"PropertyValueSpecification\",\"valueRequired\":true,\"valueName\":\"search_term_string\"}}],\"inLanguage\":\"es\"},{\"@type\":\"Person\",\"@id\":\"https:\/\/www.eoimalaga.com\/web\/#\/schema\/person\/a2b8e95babaaedae24792f685bb69ecd\",\"name\":\"Coeducaci\u00f3n\",\"image\":{\"@type\":\"ImageObject\",\"inLanguage\":\"es\",\"@id\":\"https:\/\/www.eoimalaga.com\/web\/#\/schema\/person\/image\/\",\"url\":\"https:\/\/secure.gravatar.com\/avatar\/e29780564687d099f89fc87282c9604a?s=96&d=mm&r=g\",\"contentUrl\":\"https:\/\/secure.gravatar.com\/avatar\/e29780564687d099f89fc87282c9604a?s=96&d=mm&r=g\",\"caption\":\"Coeducaci\u00f3n\"},\"url\":\"https:\/\/www.eoimalaga.com\/web\/author\/coeducacion\/\"}]}<\/script>\n<!-- \/ Yoast SEO plugin. -->","yoast_head_json":{"title":"Exposici\u00f3n \"Poeta, no poetisa\" - P\u00e1gina Oficial de la EOI de M\u00e1laga ::Los idiomas ponen el mundo a tus pies::","robots":{"index":"index","follow":"follow","max-snippet":"max-snippet:-1","max-image-preview":"max-image-preview:large","max-video-preview":"max-video-preview:-1"},"canonical":"https:\/\/www.eoimalaga.com\/web\/exposicion-poeta-no-poetisa\/","og_locale":"es_ES","og_type":"article","og_title":"Exposici\u00f3n \"Poeta, no poetisa\" - P\u00e1gina Oficial de la EOI de M\u00e1laga ::Los idiomas ponen el mundo a tus pies::","og_description":"Hoy se celebra el D\u00eda Internacional de la Mujer y os recuerdo que para esta ocasi\u00f3n y durante todo el mes de marzo, en la Cafeter\u00eda de nuestra escuela se exponen algunas de las obras de la artista gr\u00e1fica Selene Rodr\u00edguez Hern\u00e1ndez, tambi\u00e9n alumna de alem\u00e1n y ruso. Se trata de una muestra intimista, en [&hellip;]","og_url":"https:\/\/www.eoimalaga.com\/web\/exposicion-poeta-no-poetisa\/","og_site_name":"P\u00e1gina Oficial de la EOI de M\u00e1laga ::Los idiomas ponen el mundo a tus pies::","article_published_time":"2022-03-08T11:51:56+00:00","author":"Coeducaci\u00f3n","twitter_card":"summary_large_image","twitter_misc":{"Escrito por":"Coeducaci\u00f3n","Tiempo de lectura":"1 minuto"},"schema":{"@context":"https:\/\/schema.org","@graph":[{"@type":"WebPage","@id":"https:\/\/www.eoimalaga.com\/web\/exposicion-poeta-no-poetisa\/","url":"https:\/\/www.eoimalaga.com\/web\/exposicion-poeta-no-poetisa\/","name":"Exposici\u00f3n \"Poeta, no poetisa\" - P\u00e1gina Oficial de la EOI de M\u00e1laga ::Los idiomas ponen el mundo a tus pies::","isPartOf":{"@id":"https:\/\/www.eoimalaga.com\/web\/#website"},"datePublished":"2022-03-08T11:51:56+00:00","author":{"@id":"https:\/\/www.eoimalaga.com\/web\/#\/schema\/person\/a2b8e95babaaedae24792f685bb69ecd"},"breadcrumb":{"@id":"https:\/\/www.eoimalaga.com\/web\/exposicion-poeta-no-poetisa\/#breadcrumb"},"inLanguage":"es","potentialAction":[{"@type":"ReadAction","target":["https:\/\/www.eoimalaga.com\/web\/exposicion-poeta-no-poetisa\/"]}]},{"@type":"BreadcrumbList","@id":"https:\/\/www.eoimalaga.com\/web\/exposicion-poeta-no-poetisa\/#breadcrumb","itemListElement":[{"@type":"ListItem","position":1,"name":"Home","item":"https:\/\/www.eoimalaga.com\/web\/"},{"@type":"ListItem","position":2,"name":"Exposici\u00f3n \u00abPoeta, no poetisa\u00bb"}]},{"@type":"WebSite","@id":"https:\/\/www.eoimalaga.com\/web\/#website","url":"https:\/\/www.eoimalaga.com\/web\/","name":"P\u00e1gina Oficial de la EOI de M\u00e1laga ::Los idiomas ponen el mundo a tus pies::","description":"EOI M\u00e1laga","potentialAction":[{"@type":"SearchAction","target":{"@type":"EntryPoint","urlTemplate":"https:\/\/www.eoimalaga.com\/web\/?s={search_term_string}"},"query-input":{"@type":"PropertyValueSpecification","valueRequired":true,"valueName":"search_term_string"}}],"inLanguage":"es"},{"@type":"Person","@id":"https:\/\/www.eoimalaga.com\/web\/#\/schema\/person\/a2b8e95babaaedae24792f685bb69ecd","name":"Coeducaci\u00f3n","image":{"@type":"ImageObject","inLanguage":"es","@id":"https:\/\/www.eoimalaga.com\/web\/#\/schema\/person\/image\/","url":"https:\/\/secure.gravatar.com\/avatar\/e29780564687d099f89fc87282c9604a?s=96&d=mm&r=g","contentUrl":"https:\/\/secure.gravatar.com\/avatar\/e29780564687d099f89fc87282c9604a?s=96&d=mm&r=g","caption":"Coeducaci\u00f3n"},"url":"https:\/\/www.eoimalaga.com\/web\/author\/coeducacion\/"}]}},"_links":{"self":[{"href":"https:\/\/www.eoimalaga.com\/web\/wp-json\/wp\/v2\/posts\/14316","targetHints":{"allow":["GET"]}}],"collection":[{"href":"https:\/\/www.eoimalaga.com\/web\/wp-json\/wp\/v2\/posts"}],"about":[{"href":"https:\/\/www.eoimalaga.com\/web\/wp-json\/wp\/v2\/types\/post"}],"author":[{"embeddable":true,"href":"https:\/\/www.eoimalaga.com\/web\/wp-json\/wp\/v2\/users\/23"}],"replies":[{"embeddable":true,"href":"https:\/\/www.eoimalaga.com\/web\/wp-json\/wp\/v2\/comments?post=14316"}],"version-history":[{"count":2,"href":"https:\/\/www.eoimalaga.com\/web\/wp-json\/wp\/v2\/posts\/14316\/revisions"}],"predecessor-version":[{"id":14319,"href":"https:\/\/www.eoimalaga.com\/web\/wp-json\/wp\/v2\/posts\/14316\/revisions\/14319"}],"wp:attachment":[{"href":"https:\/\/www.eoimalaga.com\/web\/wp-json\/wp\/v2\/media?parent=14316"}],"wp:term":[{"taxonomy":"category","embeddable":true,"href":"https:\/\/www.eoimalaga.com\/web\/wp-json\/wp\/v2\/categories?post=14316"},{"taxonomy":"post_tag","embeddable":true,"href":"https:\/\/www.eoimalaga.com\/web\/wp-json\/wp\/v2\/tags?post=14316"}],"curies":[{"name":"wp","href":"https:\/\/api.w.org\/{rel}","templated":true}]}}