{"id":11834,"date":"2020-11-25T21:38:27","date_gmt":"2020-11-25T19:38:27","guid":{"rendered":"https:\/\/www.eoimalaga.com\/web\/?p=11834"},"modified":"2020-11-25T21:42:55","modified_gmt":"2020-11-25T19:42:55","slug":"25n-2","status":"publish","type":"post","link":"https:\/\/www.eoimalaga.com\/web\/25n-2\/","title":{"rendered":"25N"},"content":{"rendered":"<p><a href=\"https:\/\/www.un.org\/es\/observances\/ending-violence-against-women\">25 noviembre<\/a>: D\u00eda Internacional Contra la Violencia de G\u00e9nero.<\/p>\n<p><strong><span style=\"font-size: 18pt\">\u00a1Felicidades a la ganadora del concurso del cartel 25N: Lara Pytel!<\/span><\/strong><\/p>\n<p><img loading=\"lazy\" decoding=\"async\" class=\" wp-image-11835 aligncenter\" src=\"https:\/\/www.eoimalaga.com\/web\/wp-content\/uploads\/2020\/11\/25N-Lara-Pytel-212x300.jpg\" alt=\"\" width=\"410\" height=\"580\" srcset=\"https:\/\/www.eoimalaga.com\/web\/wp-content\/uploads\/2020\/11\/25N-Lara-Pytel-212x300.jpg 212w, https:\/\/www.eoimalaga.com\/web\/wp-content\/uploads\/2020\/11\/25N-Lara-Pytel-724x1024.jpg 724w, https:\/\/www.eoimalaga.com\/web\/wp-content\/uploads\/2020\/11\/25N-Lara-Pytel-768x1086.jpg 768w, https:\/\/www.eoimalaga.com\/web\/wp-content\/uploads\/2020\/11\/25N-Lara-Pytel-1086x1536.jpg 1086w, https:\/\/www.eoimalaga.com\/web\/wp-content\/uploads\/2020\/11\/25N-Lara-Pytel-1448x2048.jpg 1448w, https:\/\/www.eoimalaga.com\/web\/wp-content\/uploads\/2020\/11\/25N-Lara-Pytel-scaled.jpg 1810w\" sizes=\"auto, (max-width: 410px) 100vw, 410px\" \/><\/p>\n","protected":false},"excerpt":{"rendered":"<p>25 noviembre: D\u00eda Internacional Contra la Violencia de G\u00e9nero. \u00a1Felicidades a la ganadora del concurso del cartel 25N: Lara Pytel!<\/p>\n","protected":false},"author":23,"featured_media":0,"comment_status":"closed","ping_status":"closed","sticky":false,"template":"","format":"standard","meta":{"inline_featured_image":false,"footnotes":""},"categories":[71,75],"tags":[],"class_list":["post-11834","post","type-post","status-publish","format-standard","hentry","category-coeducacion","category-noticias-coeducacion"],"yoast_head":"<!-- This site is optimized with the Yoast SEO plugin v26.5 - https:\/\/yoast.com\/wordpress\/plugins\/seo\/ -->\n<title>25N - P\u00e1gina Oficial de la EOI de M\u00e1laga ::Los idiomas ponen el mundo a tus pies::<\/title>\n<meta name=\"robots\" content=\"index, follow, max-snippet:-1, max-image-preview:large, max-video-preview:-1\" \/>\n<link rel=\"canonical\" href=\"https:\/\/www.eoimalaga.com\/web\/25n-2\/\" \/>\n<meta property=\"og:locale\" content=\"es_ES\" \/>\n<meta property=\"og:type\" content=\"article\" \/>\n<meta property=\"og:title\" content=\"25N - P\u00e1gina Oficial de la EOI de M\u00e1laga ::Los idiomas ponen el mundo a tus pies::\" \/>\n<meta property=\"og:description\" content=\"25 noviembre: D\u00eda Internacional Contra la Violencia de G\u00e9nero. \u00a1Felicidades a la ganadora del concurso del cartel 25N: Lara Pytel!\" \/>\n<meta property=\"og:url\" content=\"https:\/\/www.eoimalaga.com\/web\/25n-2\/\" \/>\n<meta property=\"og:site_name\" content=\"P\u00e1gina Oficial de la EOI de M\u00e1laga ::Los idiomas ponen el mundo a tus pies::\" \/>\n<meta property=\"article:published_time\" content=\"2020-11-25T19:38:27+00:00\" \/>\n<meta property=\"article:modified_time\" content=\"2020-11-25T19:42:55+00:00\" \/>\n<meta property=\"og:image\" content=\"https:\/\/www.eoimalaga.com\/web\/wp-content\/uploads\/2020\/11\/25N-Lara-Pytel-212x300.jpg\" \/>\n<meta name=\"author\" content=\"Coeducaci\u00f3n\" \/>\n<meta name=\"twitter:card\" content=\"summary_large_image\" \/>\n<meta name=\"twitter:label1\" content=\"Escrito por\" \/>\n\t<meta name=\"twitter:data1\" content=\"Coeducaci\u00f3n\" \/>\n<script type=\"application\/ld+json\" class=\"yoast-schema-graph\">{\"@context\":\"https:\/\/schema.org\",\"@graph\":[{\"@type\":\"WebPage\",\"@id\":\"https:\/\/www.eoimalaga.com\/web\/25n-2\/\",\"url\":\"https:\/\/www.eoimalaga.com\/web\/25n-2\/\",\"name\":\"25N - P\u00e1gina Oficial de la EOI de M\u00e1laga ::Los idiomas ponen el mundo a tus pies::\",\"isPartOf\":{\"@id\":\"https:\/\/www.eoimalaga.com\/web\/#website\"},\"primaryImageOfPage\":{\"@id\":\"https:\/\/www.eoimalaga.com\/web\/25n-2\/#primaryimage\"},\"image\":{\"@id\":\"https:\/\/www.eoimalaga.com\/web\/25n-2\/#primaryimage\"},\"thumbnailUrl\":\"https:\/\/www.eoimalaga.com\/web\/wp-content\/uploads\/2020\/11\/25N-Lara-Pytel-212x300.jpg\",\"datePublished\":\"2020-11-25T19:38:27+00:00\",\"dateModified\":\"2020-11-25T19:42:55+00:00\",\"author\":{\"@id\":\"https:\/\/www.eoimalaga.com\/web\/#\/schema\/person\/a2b8e95babaaedae24792f685bb69ecd\"},\"breadcrumb\":{\"@id\":\"https:\/\/www.eoimalaga.com\/web\/25n-2\/#breadcrumb\"},\"inLanguage\":\"es\",\"potentialAction\":[{\"@type\":\"ReadAction\",\"target\":[\"https:\/\/www.eoimalaga.com\/web\/25n-2\/\"]}]},{\"@type\":\"ImageObject\",\"inLanguage\":\"es\",\"@id\":\"https:\/\/www.eoimalaga.com\/web\/25n-2\/#primaryimage\",\"url\":\"https:\/\/www.eoimalaga.com\/web\/wp-content\/uploads\/2020\/11\/25N-Lara-Pytel-212x300.jpg\",\"contentUrl\":\"https:\/\/www.eoimalaga.com\/web\/wp-content\/uploads\/2020\/11\/25N-Lara-Pytel-212x300.jpg\"},{\"@type\":\"BreadcrumbList\",\"@id\":\"https:\/\/www.eoimalaga.com\/web\/25n-2\/#breadcrumb\",\"itemListElement\":[{\"@type\":\"ListItem\",\"position\":1,\"name\":\"Home\",\"item\":\"https:\/\/www.eoimalaga.com\/web\/\"},{\"@type\":\"ListItem\",\"position\":2,\"name\":\"25N\"}]},{\"@type\":\"WebSite\",\"@id\":\"https:\/\/www.eoimalaga.com\/web\/#website\",\"url\":\"https:\/\/www.eoimalaga.com\/web\/\",\"name\":\"P\u00e1gina Oficial de la EOI de M\u00e1laga ::Los idiomas ponen el mundo a tus pies::\",\"description\":\"EOI M\u00e1laga\",\"potentialAction\":[{\"@type\":\"SearchAction\",\"target\":{\"@type\":\"EntryPoint\",\"urlTemplate\":\"https:\/\/www.eoimalaga.com\/web\/?s={search_term_string}\"},\"query-input\":{\"@type\":\"PropertyValueSpecification\",\"valueRequired\":true,\"valueName\":\"search_term_string\"}}],\"inLanguage\":\"es\"},{\"@type\":\"Person\",\"@id\":\"https:\/\/www.eoimalaga.com\/web\/#\/schema\/person\/a2b8e95babaaedae24792f685bb69ecd\",\"name\":\"Coeducaci\u00f3n\",\"image\":{\"@type\":\"ImageObject\",\"inLanguage\":\"es\",\"@id\":\"https:\/\/www.eoimalaga.com\/web\/#\/schema\/person\/image\/\",\"url\":\"https:\/\/secure.gravatar.com\/avatar\/e29780564687d099f89fc87282c9604a?s=96&d=mm&r=g\",\"contentUrl\":\"https:\/\/secure.gravatar.com\/avatar\/e29780564687d099f89fc87282c9604a?s=96&d=mm&r=g\",\"caption\":\"Coeducaci\u00f3n\"},\"url\":\"https:\/\/www.eoimalaga.com\/web\/author\/coeducacion\/\"}]}<\/script>\n<!-- \/ Yoast SEO plugin. -->","yoast_head_json":{"title":"25N - P\u00e1gina Oficial de la EOI de M\u00e1laga ::Los idiomas ponen el mundo a tus pies::","robots":{"index":"index","follow":"follow","max-snippet":"max-snippet:-1","max-image-preview":"max-image-preview:large","max-video-preview":"max-video-preview:-1"},"canonical":"https:\/\/www.eoimalaga.com\/web\/25n-2\/","og_locale":"es_ES","og_type":"article","og_title":"25N - P\u00e1gina Oficial de la EOI de M\u00e1laga ::Los idiomas ponen el mundo a tus pies::","og_description":"25 noviembre: D\u00eda Internacional Contra la Violencia de G\u00e9nero. \u00a1Felicidades a la ganadora del concurso del cartel 25N: Lara Pytel!","og_url":"https:\/\/www.eoimalaga.com\/web\/25n-2\/","og_site_name":"P\u00e1gina Oficial de la EOI de M\u00e1laga ::Los idiomas ponen el mundo a tus pies::","article_published_time":"2020-11-25T19:38:27+00:00","article_modified_time":"2020-11-25T19:42:55+00:00","og_image":[{"url":"https:\/\/www.eoimalaga.com\/web\/wp-content\/uploads\/2020\/11\/25N-Lara-Pytel-212x300.jpg","type":"","width":"","height":""}],"author":"Coeducaci\u00f3n","twitter_card":"summary_large_image","twitter_misc":{"Escrito por":"Coeducaci\u00f3n"},"schema":{"@context":"https:\/\/schema.org","@graph":[{"@type":"WebPage","@id":"https:\/\/www.eoimalaga.com\/web\/25n-2\/","url":"https:\/\/www.eoimalaga.com\/web\/25n-2\/","name":"25N - P\u00e1gina Oficial de la EOI de M\u00e1laga ::Los idiomas ponen el mundo a tus pies::","isPartOf":{"@id":"https:\/\/www.eoimalaga.com\/web\/#website"},"primaryImageOfPage":{"@id":"https:\/\/www.eoimalaga.com\/web\/25n-2\/#primaryimage"},"image":{"@id":"https:\/\/www.eoimalaga.com\/web\/25n-2\/#primaryimage"},"thumbnailUrl":"https:\/\/www.eoimalaga.com\/web\/wp-content\/uploads\/2020\/11\/25N-Lara-Pytel-212x300.jpg","datePublished":"2020-11-25T19:38:27+00:00","dateModified":"2020-11-25T19:42:55+00:00","author":{"@id":"https:\/\/www.eoimalaga.com\/web\/#\/schema\/person\/a2b8e95babaaedae24792f685bb69ecd"},"breadcrumb":{"@id":"https:\/\/www.eoimalaga.com\/web\/25n-2\/#breadcrumb"},"inLanguage":"es","potentialAction":[{"@type":"ReadAction","target":["https:\/\/www.eoimalaga.com\/web\/25n-2\/"]}]},{"@type":"ImageObject","inLanguage":"es","@id":"https:\/\/www.eoimalaga.com\/web\/25n-2\/#primaryimage","url":"https:\/\/www.eoimalaga.com\/web\/wp-content\/uploads\/2020\/11\/25N-Lara-Pytel-212x300.jpg","contentUrl":"https:\/\/www.eoimalaga.com\/web\/wp-content\/uploads\/2020\/11\/25N-Lara-Pytel-212x300.jpg"},{"@type":"BreadcrumbList","@id":"https:\/\/www.eoimalaga.com\/web\/25n-2\/#breadcrumb","itemListElement":[{"@type":"ListItem","position":1,"name":"Home","item":"https:\/\/www.eoimalaga.com\/web\/"},{"@type":"ListItem","position":2,"name":"25N"}]},{"@type":"WebSite","@id":"https:\/\/www.eoimalaga.com\/web\/#website","url":"https:\/\/www.eoimalaga.com\/web\/","name":"P\u00e1gina Oficial de la EOI de M\u00e1laga ::Los idiomas ponen el mundo a tus pies::","description":"EOI M\u00e1laga","potentialAction":[{"@type":"SearchAction","target":{"@type":"EntryPoint","urlTemplate":"https:\/\/www.eoimalaga.com\/web\/?s={search_term_string}"},"query-input":{"@type":"PropertyValueSpecification","valueRequired":true,"valueName":"search_term_string"}}],"inLanguage":"es"},{"@type":"Person","@id":"https:\/\/www.eoimalaga.com\/web\/#\/schema\/person\/a2b8e95babaaedae24792f685bb69ecd","name":"Coeducaci\u00f3n","image":{"@type":"ImageObject","inLanguage":"es","@id":"https:\/\/www.eoimalaga.com\/web\/#\/schema\/person\/image\/","url":"https:\/\/secure.gravatar.com\/avatar\/e29780564687d099f89fc87282c9604a?s=96&d=mm&r=g","contentUrl":"https:\/\/secure.gravatar.com\/avatar\/e29780564687d099f89fc87282c9604a?s=96&d=mm&r=g","caption":"Coeducaci\u00f3n"},"url":"https:\/\/www.eoimalaga.com\/web\/author\/coeducacion\/"}]}},"_links":{"self":[{"href":"https:\/\/www.eoimalaga.com\/web\/wp-json\/wp\/v2\/posts\/11834","targetHints":{"allow":["GET"]}}],"collection":[{"href":"https:\/\/www.eoimalaga.com\/web\/wp-json\/wp\/v2\/posts"}],"about":[{"href":"https:\/\/www.eoimalaga.com\/web\/wp-json\/wp\/v2\/types\/post"}],"author":[{"embeddable":true,"href":"https:\/\/www.eoimalaga.com\/web\/wp-json\/wp\/v2\/users\/23"}],"replies":[{"embeddable":true,"href":"https:\/\/www.eoimalaga.com\/web\/wp-json\/wp\/v2\/comments?post=11834"}],"version-history":[{"count":3,"href":"https:\/\/www.eoimalaga.com\/web\/wp-json\/wp\/v2\/posts\/11834\/revisions"}],"predecessor-version":[{"id":11838,"href":"https:\/\/www.eoimalaga.com\/web\/wp-json\/wp\/v2\/posts\/11834\/revisions\/11838"}],"wp:attachment":[{"href":"https:\/\/www.eoimalaga.com\/web\/wp-json\/wp\/v2\/media?parent=11834"}],"wp:term":[{"taxonomy":"category","embeddable":true,"href":"https:\/\/www.eoimalaga.com\/web\/wp-json\/wp\/v2\/categories?post=11834"},{"taxonomy":"post_tag","embeddable":true,"href":"https:\/\/www.eoimalaga.com\/web\/wp-json\/wp\/v2\/tags?post=11834"}],"curies":[{"name":"wp","href":"https:\/\/api.w.org\/{rel}","templated":true}]}}