{"id":11812,"date":"2020-11-21T10:50:49","date_gmt":"2020-11-21T08:50:49","guid":{"rendered":"https:\/\/www.eoimalaga.com\/web\/?p=11812"},"modified":"2020-11-21T11:22:48","modified_gmt":"2020-11-21T09:22:48","slug":"sucedio-hace-87-anos-voto-femenino","status":"publish","type":"post","link":"https:\/\/www.eoimalaga.com\/web\/sucedio-hace-87-anos-voto-femenino\/","title":{"rendered":"Sucedi\u00f3 hace 87 a\u00f1os: voto femenino"},"content":{"rendered":"<p style=\"text-align: left\"><span style=\"color: #000000\"><strong><span style=\"font-size: 18pt;background-color: #ffffff\">\u00a0 \u00a0 \u00a0El 19 de noviembre de 1931 las mujeres pudieron votar por primera vez en Espa\u00f1a. <\/span><\/strong><\/span><strong style=\"color: #000000\"><span style=\"font-size: 18pt;background-color: #ffffff\">Pincha <a style=\"background-color: #ffffff;color: #000000\" href=\"https:\/\/elpais.com\/sociedad\/2006\/10\/01\/actualidad\/1159653602_850215.html\">aqu\u00ed<\/a> para leer el discurso \u00edntegro que realiz\u00f3 Clara Campoamor el 1 de octubre de 1931 tras el cual se aprob\u00f3 el derecho al voto femenino.\u00a0<\/span><\/strong><\/p>\n<p><img loading=\"lazy\" decoding=\"async\" class=\"alignnone wp-image-11813\" src=\"https:\/\/www.eoimalaga.com\/web\/wp-content\/uploads\/2020\/11\/Clara-Campoamor-300x168.jpg\" alt=\"\" width=\"535\" height=\"299\" srcset=\"https:\/\/www.eoimalaga.com\/web\/wp-content\/uploads\/2020\/11\/Clara-Campoamor-300x168.jpg 300w, https:\/\/www.eoimalaga.com\/web\/wp-content\/uploads\/2020\/11\/Clara-Campoamor-768x431.jpg 768w, https:\/\/www.eoimalaga.com\/web\/wp-content\/uploads\/2020\/11\/Clara-Campoamor.jpg 1000w\" sizes=\"auto, (max-width: 535px) 100vw, 535px\" \/>\u00a0 \u00a0 \u00a0 \u00a0 \u00a0 \u00a0<img loading=\"lazy\" decoding=\"async\" class=\"alignnone wp-image-11814\" src=\"https:\/\/www.eoimalaga.com\/web\/wp-content\/uploads\/2020\/11\/El-voto-femenino-y-yo-203x300.jpg\" alt=\"\" width=\"231\" height=\"343\" srcset=\"https:\/\/www.eoimalaga.com\/web\/wp-content\/uploads\/2020\/11\/El-voto-femenino-y-yo-203x300.jpg 203w, https:\/\/www.eoimalaga.com\/web\/wp-content\/uploads\/2020\/11\/El-voto-femenino-y-yo-692x1024.jpg 692w, https:\/\/www.eoimalaga.com\/web\/wp-content\/uploads\/2020\/11\/El-voto-femenino-y-yo.jpg 720w\" sizes=\"auto, (max-width: 231px) 100vw, 231px\" \/><\/p>\n<p>&nbsp;<\/p>\n","protected":false},"excerpt":{"rendered":"<p>\u00a0 \u00a0 \u00a0El 19 de noviembre de 1931 las mujeres pudieron votar por primera vez en Espa\u00f1a. Pincha aqu\u00ed para leer el discurso \u00edntegro que realiz\u00f3 Clara Campoamor el 1 de octubre de 1931 tras el cual se aprob\u00f3 el derecho al voto femenino.\u00a0 \u00a0 \u00a0 \u00a0 \u00a0 \u00a0 \u00a0 &nbsp;<\/p>\n","protected":false},"author":23,"featured_media":0,"comment_status":"closed","ping_status":"closed","sticky":false,"template":"","format":"standard","meta":{"inline_featured_image":false,"footnotes":""},"categories":[71,75],"tags":[],"class_list":["post-11812","post","type-post","status-publish","format-standard","hentry","category-coeducacion","category-noticias-coeducacion"],"yoast_head":"<!-- This site is optimized with the Yoast SEO plugin v26.5 - https:\/\/yoast.com\/wordpress\/plugins\/seo\/ -->\n<title>Sucedi\u00f3 hace 87 a\u00f1os: voto femenino - P\u00e1gina Oficial de la EOI de M\u00e1laga ::Los idiomas ponen el mundo a tus pies::<\/title>\n<meta name=\"robots\" content=\"index, follow, max-snippet:-1, max-image-preview:large, max-video-preview:-1\" \/>\n<link rel=\"canonical\" href=\"https:\/\/www.eoimalaga.com\/web\/sucedio-hace-87-anos-voto-femenino\/\" \/>\n<meta property=\"og:locale\" content=\"es_ES\" \/>\n<meta property=\"og:type\" content=\"article\" \/>\n<meta property=\"og:title\" content=\"Sucedi\u00f3 hace 87 a\u00f1os: voto femenino - P\u00e1gina Oficial de la EOI de M\u00e1laga ::Los idiomas ponen el mundo a tus pies::\" \/>\n<meta property=\"og:description\" content=\"\u00a0 \u00a0 \u00a0El 19 de noviembre de 1931 las mujeres pudieron votar por primera vez en Espa\u00f1a. Pincha aqu\u00ed para leer el discurso \u00edntegro que realiz\u00f3 Clara Campoamor el 1 de octubre de 1931 tras el cual se aprob\u00f3 el derecho al voto femenino.\u00a0 \u00a0 \u00a0 \u00a0 \u00a0 \u00a0 \u00a0 &nbsp;\" \/>\n<meta property=\"og:url\" content=\"https:\/\/www.eoimalaga.com\/web\/sucedio-hace-87-anos-voto-femenino\/\" \/>\n<meta property=\"og:site_name\" content=\"P\u00e1gina Oficial de la EOI de M\u00e1laga ::Los idiomas ponen el mundo a tus pies::\" \/>\n<meta property=\"article:published_time\" content=\"2020-11-21T08:50:49+00:00\" \/>\n<meta property=\"article:modified_time\" content=\"2020-11-21T09:22:48+00:00\" \/>\n<meta property=\"og:image\" content=\"https:\/\/www.eoimalaga.com\/web\/wp-content\/uploads\/2020\/11\/Clara-Campoamor-300x168.jpg\" \/>\n<meta name=\"author\" content=\"Coeducaci\u00f3n\" \/>\n<meta name=\"twitter:card\" content=\"summary_large_image\" \/>\n<meta name=\"twitter:label1\" content=\"Escrito por\" \/>\n\t<meta name=\"twitter:data1\" content=\"Coeducaci\u00f3n\" \/>\n<script type=\"application\/ld+json\" class=\"yoast-schema-graph\">{\"@context\":\"https:\/\/schema.org\",\"@graph\":[{\"@type\":\"WebPage\",\"@id\":\"https:\/\/www.eoimalaga.com\/web\/sucedio-hace-87-anos-voto-femenino\/\",\"url\":\"https:\/\/www.eoimalaga.com\/web\/sucedio-hace-87-anos-voto-femenino\/\",\"name\":\"Sucedi\u00f3 hace 87 a\u00f1os: voto femenino - P\u00e1gina Oficial de la EOI de M\u00e1laga ::Los idiomas ponen el mundo a tus pies::\",\"isPartOf\":{\"@id\":\"https:\/\/www.eoimalaga.com\/web\/#website\"},\"primaryImageOfPage\":{\"@id\":\"https:\/\/www.eoimalaga.com\/web\/sucedio-hace-87-anos-voto-femenino\/#primaryimage\"},\"image\":{\"@id\":\"https:\/\/www.eoimalaga.com\/web\/sucedio-hace-87-anos-voto-femenino\/#primaryimage\"},\"thumbnailUrl\":\"https:\/\/www.eoimalaga.com\/web\/wp-content\/uploads\/2020\/11\/Clara-Campoamor-300x168.jpg\",\"datePublished\":\"2020-11-21T08:50:49+00:00\",\"dateModified\":\"2020-11-21T09:22:48+00:00\",\"author\":{\"@id\":\"https:\/\/www.eoimalaga.com\/web\/#\/schema\/person\/a2b8e95babaaedae24792f685bb69ecd\"},\"breadcrumb\":{\"@id\":\"https:\/\/www.eoimalaga.com\/web\/sucedio-hace-87-anos-voto-femenino\/#breadcrumb\"},\"inLanguage\":\"es\",\"potentialAction\":[{\"@type\":\"ReadAction\",\"target\":[\"https:\/\/www.eoimalaga.com\/web\/sucedio-hace-87-anos-voto-femenino\/\"]}]},{\"@type\":\"ImageObject\",\"inLanguage\":\"es\",\"@id\":\"https:\/\/www.eoimalaga.com\/web\/sucedio-hace-87-anos-voto-femenino\/#primaryimage\",\"url\":\"https:\/\/www.eoimalaga.com\/web\/wp-content\/uploads\/2020\/11\/Clara-Campoamor.jpg\",\"contentUrl\":\"https:\/\/www.eoimalaga.com\/web\/wp-content\/uploads\/2020\/11\/Clara-Campoamor.jpg\",\"width\":1000,\"height\":561},{\"@type\":\"BreadcrumbList\",\"@id\":\"https:\/\/www.eoimalaga.com\/web\/sucedio-hace-87-anos-voto-femenino\/#breadcrumb\",\"itemListElement\":[{\"@type\":\"ListItem\",\"position\":1,\"name\":\"Home\",\"item\":\"https:\/\/www.eoimalaga.com\/web\/\"},{\"@type\":\"ListItem\",\"position\":2,\"name\":\"Sucedi\u00f3 hace 87 a\u00f1os: voto femenino\"}]},{\"@type\":\"WebSite\",\"@id\":\"https:\/\/www.eoimalaga.com\/web\/#website\",\"url\":\"https:\/\/www.eoimalaga.com\/web\/\",\"name\":\"P\u00e1gina Oficial de la EOI de M\u00e1laga ::Los idiomas ponen el mundo a tus pies::\",\"description\":\"EOI M\u00e1laga\",\"potentialAction\":[{\"@type\":\"SearchAction\",\"target\":{\"@type\":\"EntryPoint\",\"urlTemplate\":\"https:\/\/www.eoimalaga.com\/web\/?s={search_term_string}\"},\"query-input\":{\"@type\":\"PropertyValueSpecification\",\"valueRequired\":true,\"valueName\":\"search_term_string\"}}],\"inLanguage\":\"es\"},{\"@type\":\"Person\",\"@id\":\"https:\/\/www.eoimalaga.com\/web\/#\/schema\/person\/a2b8e95babaaedae24792f685bb69ecd\",\"name\":\"Coeducaci\u00f3n\",\"image\":{\"@type\":\"ImageObject\",\"inLanguage\":\"es\",\"@id\":\"https:\/\/www.eoimalaga.com\/web\/#\/schema\/person\/image\/\",\"url\":\"https:\/\/secure.gravatar.com\/avatar\/e29780564687d099f89fc87282c9604a?s=96&d=mm&r=g\",\"contentUrl\":\"https:\/\/secure.gravatar.com\/avatar\/e29780564687d099f89fc87282c9604a?s=96&d=mm&r=g\",\"caption\":\"Coeducaci\u00f3n\"},\"url\":\"https:\/\/www.eoimalaga.com\/web\/author\/coeducacion\/\"}]}<\/script>\n<!-- \/ Yoast SEO plugin. -->","yoast_head_json":{"title":"Sucedi\u00f3 hace 87 a\u00f1os: voto femenino - P\u00e1gina Oficial de la EOI de M\u00e1laga ::Los idiomas ponen el mundo a tus pies::","robots":{"index":"index","follow":"follow","max-snippet":"max-snippet:-1","max-image-preview":"max-image-preview:large","max-video-preview":"max-video-preview:-1"},"canonical":"https:\/\/www.eoimalaga.com\/web\/sucedio-hace-87-anos-voto-femenino\/","og_locale":"es_ES","og_type":"article","og_title":"Sucedi\u00f3 hace 87 a\u00f1os: voto femenino - P\u00e1gina Oficial de la EOI de M\u00e1laga ::Los idiomas ponen el mundo a tus pies::","og_description":"\u00a0 \u00a0 \u00a0El 19 de noviembre de 1931 las mujeres pudieron votar por primera vez en Espa\u00f1a. Pincha aqu\u00ed para leer el discurso \u00edntegro que realiz\u00f3 Clara Campoamor el 1 de octubre de 1931 tras el cual se aprob\u00f3 el derecho al voto femenino.\u00a0 \u00a0 \u00a0 \u00a0 \u00a0 \u00a0 \u00a0 &nbsp;","og_url":"https:\/\/www.eoimalaga.com\/web\/sucedio-hace-87-anos-voto-femenino\/","og_site_name":"P\u00e1gina Oficial de la EOI de M\u00e1laga ::Los idiomas ponen el mundo a tus pies::","article_published_time":"2020-11-21T08:50:49+00:00","article_modified_time":"2020-11-21T09:22:48+00:00","og_image":[{"url":"https:\/\/www.eoimalaga.com\/web\/wp-content\/uploads\/2020\/11\/Clara-Campoamor-300x168.jpg","type":"","width":"","height":""}],"author":"Coeducaci\u00f3n","twitter_card":"summary_large_image","twitter_misc":{"Escrito por":"Coeducaci\u00f3n"},"schema":{"@context":"https:\/\/schema.org","@graph":[{"@type":"WebPage","@id":"https:\/\/www.eoimalaga.com\/web\/sucedio-hace-87-anos-voto-femenino\/","url":"https:\/\/www.eoimalaga.com\/web\/sucedio-hace-87-anos-voto-femenino\/","name":"Sucedi\u00f3 hace 87 a\u00f1os: voto femenino - P\u00e1gina Oficial de la EOI de M\u00e1laga ::Los idiomas ponen el mundo a tus pies::","isPartOf":{"@id":"https:\/\/www.eoimalaga.com\/web\/#website"},"primaryImageOfPage":{"@id":"https:\/\/www.eoimalaga.com\/web\/sucedio-hace-87-anos-voto-femenino\/#primaryimage"},"image":{"@id":"https:\/\/www.eoimalaga.com\/web\/sucedio-hace-87-anos-voto-femenino\/#primaryimage"},"thumbnailUrl":"https:\/\/www.eoimalaga.com\/web\/wp-content\/uploads\/2020\/11\/Clara-Campoamor-300x168.jpg","datePublished":"2020-11-21T08:50:49+00:00","dateModified":"2020-11-21T09:22:48+00:00","author":{"@id":"https:\/\/www.eoimalaga.com\/web\/#\/schema\/person\/a2b8e95babaaedae24792f685bb69ecd"},"breadcrumb":{"@id":"https:\/\/www.eoimalaga.com\/web\/sucedio-hace-87-anos-voto-femenino\/#breadcrumb"},"inLanguage":"es","potentialAction":[{"@type":"ReadAction","target":["https:\/\/www.eoimalaga.com\/web\/sucedio-hace-87-anos-voto-femenino\/"]}]},{"@type":"ImageObject","inLanguage":"es","@id":"https:\/\/www.eoimalaga.com\/web\/sucedio-hace-87-anos-voto-femenino\/#primaryimage","url":"https:\/\/www.eoimalaga.com\/web\/wp-content\/uploads\/2020\/11\/Clara-Campoamor.jpg","contentUrl":"https:\/\/www.eoimalaga.com\/web\/wp-content\/uploads\/2020\/11\/Clara-Campoamor.jpg","width":1000,"height":561},{"@type":"BreadcrumbList","@id":"https:\/\/www.eoimalaga.com\/web\/sucedio-hace-87-anos-voto-femenino\/#breadcrumb","itemListElement":[{"@type":"ListItem","position":1,"name":"Home","item":"https:\/\/www.eoimalaga.com\/web\/"},{"@type":"ListItem","position":2,"name":"Sucedi\u00f3 hace 87 a\u00f1os: voto femenino"}]},{"@type":"WebSite","@id":"https:\/\/www.eoimalaga.com\/web\/#website","url":"https:\/\/www.eoimalaga.com\/web\/","name":"P\u00e1gina Oficial de la EOI de M\u00e1laga ::Los idiomas ponen el mundo a tus pies::","description":"EOI M\u00e1laga","potentialAction":[{"@type":"SearchAction","target":{"@type":"EntryPoint","urlTemplate":"https:\/\/www.eoimalaga.com\/web\/?s={search_term_string}"},"query-input":{"@type":"PropertyValueSpecification","valueRequired":true,"valueName":"search_term_string"}}],"inLanguage":"es"},{"@type":"Person","@id":"https:\/\/www.eoimalaga.com\/web\/#\/schema\/person\/a2b8e95babaaedae24792f685bb69ecd","name":"Coeducaci\u00f3n","image":{"@type":"ImageObject","inLanguage":"es","@id":"https:\/\/www.eoimalaga.com\/web\/#\/schema\/person\/image\/","url":"https:\/\/secure.gravatar.com\/avatar\/e29780564687d099f89fc87282c9604a?s=96&d=mm&r=g","contentUrl":"https:\/\/secure.gravatar.com\/avatar\/e29780564687d099f89fc87282c9604a?s=96&d=mm&r=g","caption":"Coeducaci\u00f3n"},"url":"https:\/\/www.eoimalaga.com\/web\/author\/coeducacion\/"}]}},"_links":{"self":[{"href":"https:\/\/www.eoimalaga.com\/web\/wp-json\/wp\/v2\/posts\/11812","targetHints":{"allow":["GET"]}}],"collection":[{"href":"https:\/\/www.eoimalaga.com\/web\/wp-json\/wp\/v2\/posts"}],"about":[{"href":"https:\/\/www.eoimalaga.com\/web\/wp-json\/wp\/v2\/types\/post"}],"author":[{"embeddable":true,"href":"https:\/\/www.eoimalaga.com\/web\/wp-json\/wp\/v2\/users\/23"}],"replies":[{"embeddable":true,"href":"https:\/\/www.eoimalaga.com\/web\/wp-json\/wp\/v2\/comments?post=11812"}],"version-history":[{"count":2,"href":"https:\/\/www.eoimalaga.com\/web\/wp-json\/wp\/v2\/posts\/11812\/revisions"}],"predecessor-version":[{"id":11816,"href":"https:\/\/www.eoimalaga.com\/web\/wp-json\/wp\/v2\/posts\/11812\/revisions\/11816"}],"wp:attachment":[{"href":"https:\/\/www.eoimalaga.com\/web\/wp-json\/wp\/v2\/media?parent=11812"}],"wp:term":[{"taxonomy":"category","embeddable":true,"href":"https:\/\/www.eoimalaga.com\/web\/wp-json\/wp\/v2\/categories?post=11812"},{"taxonomy":"post_tag","embeddable":true,"href":"https:\/\/www.eoimalaga.com\/web\/wp-json\/wp\/v2\/tags?post=11812"}],"curies":[{"name":"wp","href":"https:\/\/api.w.org\/{rel}","templated":true}]}}